{"id":100795,"date":"2020-12-10T18:41:55","date_gmt":"2020-12-10T17:41:55","guid":{"rendered":"https:\/\/semmelweis.hu\/hirek\/?p=100795"},"modified":"2020-12-10T18:41:55","modified_gmt":"2020-12-10T17:41:55","slug":"dr-merkely-bela-2-millio-magyar-fertozodhetett-meg-eddig","status":"publish","type":"post","link":"https:\/\/semmelweis.hu\/hirek\/2020\/12\/10\/dr-merkely-bela-2-millio-magyar-fertozodhetett-meg-eddig\/","title":{"rendered":"Dr. Merkely B\u00e9la: 2 milli\u00f3 magyar fert\u0151z\u0151dhetett meg eddig"},"content":{"rendered":"<div class=\"lead\">\u201eA Semmelweis k\u00fcldet\u00e9s\u201d c\u00edm\u0171 online el\u0151ad\u00e1s\u00e1ban dr. Merkely B\u00e9la a j\u00e1rv\u00e1ny\u00fcgyi adatok ismertet\u00e9se mellett elmondta: a m\u00e1sodik hull\u00e1mban k\u00f6r\u00fclbel\u00fcl 2 milli\u00f3 magyar fert\u0151z\u0151dhetett meg, az elhunytak \u00e1tlag\u00e9letkora pedig 77 \u00e9v. Az egy h\u00f3napja bevezetett korl\u00e1toz\u00f3 int\u00e9zked\u00e9seket eredm\u00e9nyesnek nevezte, ezeknek k\u00f6sz\u00f6nhet\u0151en ugyanis jelenleg a j\u00e1rv\u00e1ny plat\u00f3n van \u00e9s javulnak a sz\u00e1mok, \u00e1m az id\u0151sek eset\u00e9ben emelkedett a hal\u00e1loz\u00e1s. A rektor az el\u0151ad\u00e1sban bemutatta az egyetemet is, valamint t\u00f6bbek k\u00f6z\u00f6tt felid\u00e9zte a m\u00e1jusi H-UNCOVER orsz\u00e1gos reprezentat\u00edv koronav\u00edrus-sz\u0171r\u0151vizsg\u00e1latot, felh\u00edvva a figyelmet, hogy \u00e1ll\u00e1spontja szerint hasonl\u00f3 felm\u00e9r\u00e9sre van sz\u00fcks\u00e9g a m\u00e1sodik hull\u00e1m idej\u00e9n, az orsz\u00e1gos olt\u00e1si program bevezet\u00e9se el\u0151tt is.<\/div>\n<p>\u201eA Semmelweis Egyetem 250 \u00e9ves t\u00f6rt\u00e9nete ebben a speci\u00e1lis pand\u00e9mi\u00e1s helyzetben meghat\u00e1rozza azt az ir\u00e1nyt, amit az int\u00e9zm\u00e9ny \u00e9l\u00e9n \u00e1ll\u00f3\u00a0 rektornak k\u00f6vetnie kell\u201d \u2013 fogalmazott a Belgiumi Magyar Tud\u00f3sklub online esem\u00e9ny\u00e9nek keret\u00e9ben tartott el\u0151ad\u00e1sa kezdet\u00e9n dr. Merkely B\u00e9la, hozz\u00e1t\u00e9ve: az egyetem az elm\u00falt negyed \u00e9vezredben is a nemzetet szolg\u00e1lta az oktat\u00e1s, kutat\u00e1s \u00e9s gy\u00f3gy\u00edt\u00e1s ter\u00fclet\u00e9n. R\u00f6viden bemutatta az egyetemet, kit\u00e9rve arra, hogy a t\u00f6bb mint 11 ezer hallgat\u00f3 k\u00f6zel 35 sz\u00e1zal\u00e9ka k\u00fclf\u00f6ldr\u0151l \u00e9rkezik; az oktat\u00e1s hat karon, h\u00e1rom nyelven folyik; az oktat\u00f3k \u00e9s hallgat\u00f3k ar\u00e1nya 9:1, ami a t\u00e9rs\u00e9gben kimagasl\u00f3nak sz\u00e1m\u00edt; 4500 orvos \u00e9s eg\u00e9szs\u00e9g\u00fcgyi szakember \u00e9s t\u00f6bb mint 8500 munkav\u00e1llal\u00f3 dolgozik itt; a kutat\u00f3csoportok sz\u00e1ma 300 feletti; a klinik\u00e1in pedig \u00e9vente 2,5 milli\u00f3 orvosi esetet l\u00e1tnak el. \u201eA Semmelweis Egyetem a vil\u00e1g legrangosabb fels\u0151oktat\u00e1si int\u00e9zm\u00e9nyei k\u00f6z\u00e9 tartozik, a nemr\u00e9g megjelent Times Higher Education rangsorban tavaly \u00f3ta 87 helyet jav\u00edtva beker\u00fclt a top 250-be az orvos-eg\u00e9szs\u00e9gtudom\u00e1ny ter\u00fclet\u00e9n\u201d \u2013 mutatott r\u00e1, kiemelve: Eur\u00f3p\u00e1ban az oktat\u00e1s tekintve a legjobb 50-ben, az \u00e9lettudom\u00e1nyok ter\u00e9n pedig a top 3-ba tartozik az int\u00e9zm\u00e9ny.<\/p>\n<p>Dr. Merkely B\u00e9la ezt k\u00f6vet\u0151en sz\u00f3lt az egyetem m\u00faltbeli szerepv\u00e1llal\u00e1s\u00e1r\u00f3l az olyan t\u00f6rt\u00e9nelmi esem\u00e9nyek idej\u00e9n, mint az 1848-as szabads\u00e1gharc, az I. \u00e9s II. vil\u00e1gh\u00e1bor\u00fa \u00e9s az 1956-os forradalom \u00e9s szabads\u00e1gharc. M\u00e1ria Ter\u00e9zia 1769-ben orvosi karral eg\u00e9sz\u00edtette ki a Nagyszombati Egyetemet, a k\u00f6vetkez\u0151 \u00e9vben, azaz \u00e9pp 250 \u00e9ve pedig megkezd\u0151d\u00f6tt orvosk\u00e9pz\u00e9s az int\u00e9zm\u00e9ny jogel\u0151dj\u00e9ben. \u201eA 2020\/21-es egy jubileumi tan\u00e9v, tele kih\u00edv\u00e1sokkal\u201d \u2013 emelte ki a rektor, majd ismertette a Semmelweis Egyetem szerep\u00e9t a koronav\u00edrus ellen v\u00edvott harcban. Mint elmondta, jelenleg egy glob\u00e1lis vil\u00e1gj\u00e1rv\u00e1ny zajlik, a pand\u00e9mi\u00e1t pedig a COVID-19 k\u00f3rokoz\u00f3 Janus-arc\u00fa tulajdons\u00e1gai okozz\u00e1k: a v\u00edrus rendk\u00edv\u00fcl fert\u0151z\u0151, k\u00fcl\u00f6nlegesen z\u00e1rt t\u00e9rben \u00e9s k\u00f6zeli kapcsolat eset\u00e9n; korl\u00e1toz\u00e1sok n\u00e9lk\u00fcl pedig egy beteg \u00e1tlagosan 2,7 tov\u00e1bbi szem\u00e9lyt fert\u0151zhet meg. Dr. Merkely B\u00e9la szeml\u00e9ltette, mik\u00e9ppen szor\u00edthat\u00f3 vissza a v\u00edrus terjed\u00e9se, valamint azt, hogyan alakult Magyarorsz\u00e1gon a tavaszi els\u0151, \u00e9s az \u0151sszel kezd\u0151d\u0151 m\u00e1sodik hull\u00e1m. A Semmelweis Egyetem els\u0151k\u00e9nt k\u00e9sz\u00fclt jelent\u0151s mennyis\u00e9g\u0171 orvosi \u00e9s v\u00e9d\u0151felszerel\u00e9s megrendel\u00e9s\u00e9vel a rendk\u00edv\u00fcli helyzetre; az int\u00e9zm\u00e9ny pedig a t\u00f6bbi hazai orvosk\u00e9pz\u0151vel egy\u00fctt m\u00e1rcius \u00f3ta tagja a j\u00e1rv\u00e1nyelemz\u0151 munkacsoportnak, mely t\u00f6bb mint 260 elemz\u00e9st k\u00e9sz\u00edtett koronav\u00edrusr\u00f3l, a szak\u00e9rt\u0151k pedig napi szinten konzult\u00e1lnak.<\/p>\n<p><img loading=\"lazy\" decoding=\"async\" class=\"aligncenter size-full wp-image-100799\" src=\"https:\/\/semmelweis.hu\/hirek\/files\/2020\/12\/RS126863_C19A3419-scr.jpg\" alt=\"\" width=\"1200\" height=\"800\" srcset=\"https:\/\/semmelweis.hu\/hirek\/files\/2020\/12\/RS126863_C19A3419-scr.jpg 1200w, https:\/\/semmelweis.hu\/hirek\/files\/2020\/12\/RS126863_C19A3419-scr-400x267.jpg 400w, https:\/\/semmelweis.hu\/hirek\/files\/2020\/12\/RS126863_C19A3419-scr-900x600.jpg 900w, https:\/\/semmelweis.hu\/hirek\/files\/2020\/12\/RS126863_C19A3419-scr-768x512.jpg 768w, https:\/\/semmelweis.hu\/hirek\/files\/2020\/12\/RS126863_C19A3419-scr-753x502.jpg 753w, https:\/\/semmelweis.hu\/hirek\/files\/2020\/12\/RS126863_C19A3419-scr-203x135.jpg 203w\" sizes=\"auto, (max-width: 1200px) 100vw, 1200px\" \/>A rektor kit\u00e9rt az egyetem vezet\u00e9s\u00e9vel, a n\u00e9gy orvosk\u00e9pz\u0151 r\u00e9szv\u00e9tel\u00e9vel, a K\u00f6zponti Statisztikai Hivatal szervez\u00e9s\u00e9ben \u00e9s az Innov\u00e1ci\u00f3s \u00e9s Technol\u00f3giai Miniszt\u00e9rium t\u00e1mogat\u00e1s\u00e1val megval\u00f3sul\u00f3 orsz\u00e1gos reprezentat\u00edv koronav\u00edrus-sz\u0171r\u0151vizsg\u00e1latra, a\u00a0<a href=\"https:\/\/semmelweis.hu\/hirek\/2020\/07\/01\/h-uncover-56-ezer-fore-becsulheto-az-uj-koronavirus-fertozesen-atesettek-szama-az-orszagos-szures-vegeig\/\">H-UNCOVER<\/a>-re is, mely eredm\u00e9nyei meghat\u00e1rozt\u00e1k az orsz\u00e1g exit-strat\u00e9gi\u00e1j\u00e1t, azaz az els\u0151 hull\u00e1m idej\u00e9n bevezetett korl\u00e1toz\u00e1sok laz\u00edt\u00e1s\u00e1t. A vizsg\u00e1lat sz\u00e1mos fontos adatot biztos\u00edtott a szakemberek sz\u00e1m\u00e1ra: kider\u00fclt, hogy a megfert\u0151z\u0151d\u00e9s val\u00f3sz\u00edn\u0171s\u00e9ge magasabb a magas v\u00e9rnyom\u00e1ssal k\u00fczd\u0151k, valamint a sz\u00edvbetegs\u00e9gben, kr\u00f3nikus t\u00fcd\u0151-, vese-, \u00e9s m\u00e1jbetegs\u00e9gben szenved\u0151kn\u00e9l. Az is bebizonyosodott, hogy a COVID-19 elt\u00e9r m\u00e1s fels\u0151l\u00e9g\u00fati fert\u0151z\u00e9sekt\u0151l, hiszen jellemz\u0151 t\u00fcnete a szag- \u00e9s \u00edz\u00e9rz\u00e9kel\u00e9s zavara, valamint a v\u00e1ltoz\u00f3 helyen jelentkez\u0151 izomf\u00e1jdalom is \u2013 mondta el dr. Merkely B\u00e9la, aki kiemelte: a H-UNCOVER volt a vil\u00e1gon az els\u0151 reprezentat\u00edv orsz\u00e1gos sz\u0171r\u00e9s, amely egyszerre vizsg\u00e1lta az akt\u00edv fert\u0151z\u00f6ttek \u00e9s a betegs\u00e9gen m\u00e1r \u00e1tesettek sz\u00e1m\u00e1t.<\/p>\n<p>\u201eAz egyetemek nemcsak a pand\u00e9mia elemz\u00e9s\u00e9ben, de a diagn\u00f3zis fel\u00e1ll\u00edt\u00e1s\u00e1ban \u00e9s a betegek ell\u00e1t\u00e1s\u00e1ban is r\u00e9szt vesznek\u201d \u2013 h\u00edvta fel a figyelmet a rektor, r\u00e1mutatva, hogy a pozit\u00edv esetek k\u00f6zel 40 sz\u00e1zal\u00e9ka a hazai orvosk\u00e9pz\u0151k sz\u0171r\u00e9seinek eredm\u00e9nyeib\u0151l sz\u00e1rmaznak. Az adatok azt mutatj\u00e1k, hogy a restrikt\u00edv int\u00e9zked\u00e9sek hat\u00e1sosak voltak, hiszen a j\u00e1rv\u00e1ny jelenleg plat\u00f3n van \u00e9s a k\u00f3rh\u00e1zban kezeltek, valamint a l\u00e9legeztet\u0151g\u00e9pen l\u00e9v\u0151k sz\u00e1ma sem emelkedik, a 80 \u00e9v felettiek eset\u00e9ben azonban a kitetts\u00e9g r\u00e9v\u00e9n n\u0151nek a sz\u00e1mok; az elhunytak \u00e1tlag\u00e9letkora Magyarorsz\u00e1gon 77 \u00e9v. A rektor kiemelte: az\u00e9rt is tartotta fontosnak a novemberben bevezetett korm\u00e1nyzati korl\u00e1toz\u00f3 int\u00e9zked\u00e9seknek, mert a magyar eg\u00e9szs\u00e9g\u00fcgy teherb\u00edr\u00f3 k\u00e9pess\u00e9ge 1000 l\u00e9legeztetett beteg k\u00f6r\u00fcl hat\u00e1rozhat\u00f3 meg, ekkora \u00e9s enn\u00e9l nagyobb sz\u00e1m\u00fa s\u00falyos \u00e1llapotban l\u00e9v\u0151 beteget hossz\u00fa id\u0151n kereszt\u00fcl az ell\u00e1t\u00f3rendszer nem b\u00edr el. M\u00edg a becsl\u00e9sek szerint az els\u0151 hull\u00e1mban Magyarorsz\u00e1gon 56 ezer, addig a m\u00e1sodikban ak\u00e1r 2 milli\u00f3 ember is megfert\u0151z\u0151dhetett, sokan k\u00f6z\u00fcl\u00fck t\u00fcnet n\u00e9lk\u00fcl eshettek \u00e1t a betegs\u00e9gen. Dr. Merkely B\u00e9la szerint az orsz\u00e1gos olt\u00e1si program el\u0151tt sz\u00fcks\u00e9g van egy m\u00e1sodik hull\u00e1m s\u00falyoss\u00e1g\u00e1t meg\u00edt\u00e9l\u0151, az aktu\u00e1lis fert\u0151z\u00f6tts\u00e9get \u00e9s \u00e1tfert\u0151z\u00f6tts\u00e9get vizsg\u00e1l\u00f3 felm\u00e9r\u00e9sre, mely az olt\u00e1si strat\u00e9gia kialak\u00edt\u00e1s\u00e1ban is fontos szerepet j\u00e1tszhat.<\/p>\n<p>A rektor \u00fagy fogalmazott: a Semmelweis Egyetem a pand\u00e9mia idej\u00e9n sem \u00e1llhat meg, a h\u00e1rmas k\u00fcldet\u00e9s\u00e9ben foglaltak szerint az oktat\u00e1snak, kutat\u00e1s-innov\u00e1ci\u00f3nak \u00e9s a gy\u00f3gy\u00edt\u00e1snak is folytat\u00f3dnia kell. Az oktat\u00e1s \u00fan. hibrid form\u00e1ban t\u00f6rt\u00e9nik, amely sor\u00e1n a gyakorlatokat \u00e9s kis l\u00e9tsz\u00e1m\u00fa szemin\u00e1riumi \u00f3r\u00e1kat szem\u00e9lyes jelenl\u00e9ttel, a nagyobb el\u0151ad\u00e1sokat pedig online m\u00f3don bonyol\u00edtj\u00e1k le. A kutat\u00e1sok nemcsak tov\u00e1bbra is zajlanak, de sz\u00e1mos, COVID-f\u00f3kusz\u00fa tudom\u00e1nyos egy\u00fcttm\u0171k\u00f6d\u00e9s \u00e9s publik\u00e1ci\u00f3 is sz\u00fcletett \u2013 ide tartoznak a v\u00edrus tulajdons\u00e1gait \u00e9s ter\u00e1pi\u00e1s lehet\u0151s\u00e9geit vizsg\u00e1l\u00f3 tanulm\u00e1nyok vagy az olyan v\u00edvm\u00e1nyok, mint a koronav\u00edrus-specifikus l\u00e9legeztet\u0151g\u00e9p, melyet az egyetem orvosszakmai vezet\u00e9s\u00e9vel fejlesztettek ki. A betegell\u00e1t\u00e1s sor\u00e1n eddig 1400 koronav\u00edrusos fekv\u0151beteget \u00e9s 15\u00a0000 j\u00e1r\u00f3beteget kezeltek az egyetemi klinik\u00e1kon, a j\u00e1rv\u00e1nyra pedig azonnali int\u00e9zked\u00e9seket hozva, gyorsan reag\u00e1lt az int\u00e9zm\u00e9ny: a munkav\u00e1llal\u00f3k \u00e9s hallgat\u00f3k r\u00e9sz\u00e9re etikai ir\u00e1nyelvek ker\u00fcltek kidolgoz\u00e1sra; a gy\u00f3gyultakat v\u00e9rplazmadon\u00e1ci\u00f3ra h\u00edvt\u00e1k; a k\u00f6rnyez\u0151 orsz\u00e1gok esetsz\u00e1mainak n\u00f6veked\u00e9se idej\u00e9n pedig j\u00faliusban elrendelt\u00e9k a k\u00fclf\u00f6ldr\u0151l hazat\u00e9r\u0151 alkalmazottak k\u00f6telez\u0151 \u00e9s ingyenes PCR-sz\u0171r\u00e9s\u00e9t. A hallgat\u00f3k a kezdetekt\u0151l r\u00e9szt vettek a v\u00edrus elleni harcban, az egyetemi sz\u0171r\u0151pontokon val\u00f3 szerepv\u00e1llal\u00e1suk mellett az Orsz\u00e1gos Ment\u0151szolg\u00e1lat mintav\u00e9telez\u00e9seit is seg\u00edtik, valamint \u00f6nk\u00e9ntes m\u00f3don t\u00f6bb mint 150 di\u00e1k vett r\u00e9szt a Szlov\u00e1ki\u00e1ban zajl\u00f3 sz\u0171r\u00e9seken is. Az egyetem felelt sz\u00e1mos Magyarorsz\u00e1gon megrendez\u00e9sre ker\u00fcl\u0151 nemzetk\u00f6zi sportesem\u00e9ny, t\u00f6bbek k\u00f6z\u00f6tt a Formula-1-es Magyar Nagyd\u00edj \u00e9s a Nemzetk\u00f6zi \u00dasz\u00f3 Liga eset\u00e9n a j\u00e1rv\u00e1ny\u00fcgyi protokoll betart\u00e1s\u00e1\u00e9rt.<\/p>\n<p>\u00a0A hazai fels\u0151oktat\u00e1si int\u00e9zm\u00e9nyek k\u00f6z\u00fcl a Semmelweis els\u0151k\u00e9nt kezdte meg a hallgat\u00f3k \u00e9s a lakoss\u00e1g koronav\u00edrussal kapcsolatos felvil\u00e1gos\u00edt\u00e1s\u00e1t \u00e9s els\u0151k k\u00f6z\u00f6tt hozott l\u00e9tre COVID-t\u00e1j\u00e9koztat\u00f3 oldalt, ahol t\u00f6bbek k\u00f6z\u00f6tt oktat\u00f3vide\u00f3 n\u00e9zhet\u0151 a helyes k\u00e9zmos\u00e1sr\u00f3l \u00e9s \u00fatmutat\u00f3 olvashat\u00f3 a textil arcmaszk k\u00e9sz\u00edt\u00e9s\u00e9r\u0151l is. Az egyetemi honlap legolvasottabb 2020-as cikkei mind a koronav\u00edrus-j\u00e1rv\u00e1nnyal kapcsolatosak: a legt\u00f6bb kattint\u00e1st a BCG v\u00e9d\u0151olt\u00e1s COVID-19 elleni k\u00fczdelemben bet\u00f6lt\u00f6tt szerep\u00e9t bemutat\u00f3 cikk \u00e9rte el, ezt k\u00f6veti a koronav\u00edrusos betegek otthoni \u00e1pol\u00e1s\u00e1r\u00f3l sz\u00f3l\u00f3 \u00fatmutat\u00f3, majd a v\u00edrusr\u00f3l sz\u00f3l\u00f3 lakoss\u00e1gi t\u00e1j\u00e9koztat. Az egyetem, illetve munkat\u00e1rsai eddig \u00f6sszesen 6855 koronav\u00edrussal kapcsolatos sajt\u00f3megjelen\u00e9sben szerepeltek. A rektor kiemelte: a Semmelweis weboldal\u00e1n megjelen\u0151 inform\u00e1ci\u00f3k soksz\u00e1zezer emberhez jutottak el, a pand\u00e9mi\u00e1s helyzetben pedig k\u00fcl\u00f6n\u00f6sen fontos a hiteles kommunik\u00e1ci\u00f3.<\/p>\n<p>\u201eA hat\u00e1rokon \u00e1tny\u00fal\u00f3 fert\u0151z\u00e9seket csak nemzetk\u00f6zi \u00f6sszefog\u00e1ssal lehet lek\u00fczdeni, addig pedig egy orsz\u00e1g sem lesz biztons\u00e1gban, am\u00edg nincs mindenki biztons\u00e1gban\u201d \u2013 id\u00e9zte a rektor el\u0151ad\u00e1sa z\u00e1r\u00e1sak\u00e9nt dr. Jakab Zsuzsann\u00e1t, a WHO f\u0151igazgat\u00f3helyettes\u00e9t.<\/p>\n<p>Szab\u00f3 \u00c1d\u00e1m<br \/>\nFot\u00f3: Kov\u00e1cs Attila &#8211; Semmelweis Egyetem<\/p>\n","protected":false},"excerpt":{"rendered":"<p>A rektor online el\u0151ad\u00e1s\u00e1ban elmondta: a j\u00e1rv\u00e1ny\u00fcgyi adatok javulnak, \u00e1m az id\u0151sek eset\u00e9ben romlanak a sz\u00e1mok.<\/p>\n","protected":false},"author":101751,"featured_media":100796,"comment_status":"closed","ping_status":"closed","sticky":false,"template":"","format":"standard","meta":{"_acf_changed":false,"footnotes":""},"categories":[154,168],"tags":[4257],"class_list":["post-100795","post","type-post","status-publish","format-standard","has-post-thumbnail","hentry","category-egeszseg","category-kiemelt","tag-koronavirus"],"acf":[],"_links":{"self":[{"href":"https:\/\/semmelweis.hu\/hirek\/wp-json\/wp\/v2\/posts\/100795","targetHints":{"allow":["GET"]}}],"collection":[{"href":"https:\/\/semmelweis.hu\/hirek\/wp-json\/wp\/v2\/posts"}],"about":[{"href":"https:\/\/semmelweis.hu\/hirek\/wp-json\/wp\/v2\/types\/post"}],"author":[{"embeddable":true,"href":"https:\/\/semmelweis.hu\/hirek\/wp-json\/wp\/v2\/users\/101751"}],"replies":[{"embeddable":true,"href":"https:\/\/semmelweis.hu\/hirek\/wp-json\/wp\/v2\/comments?post=100795"}],"version-history":[{"count":3,"href":"https:\/\/semmelweis.hu\/hirek\/wp-json\/wp\/v2\/posts\/100795\/revisions"}],"predecessor-version":[{"id":100800,"href":"https:\/\/semmelweis.hu\/hirek\/wp-json\/wp\/v2\/posts\/100795\/revisions\/100800"}],"wp:featuredmedia":[{"embeddable":true,"href":"https:\/\/semmelweis.hu\/hirek\/wp-json\/wp\/v2\/media\/100796"}],"wp:attachment":[{"href":"https:\/\/semmelweis.hu\/hirek\/wp-json\/wp\/v2\/media?parent=100795"}],"wp:term":[{"taxonomy":"category","embeddable":true,"href":"https:\/\/semmelweis.hu\/hirek\/wp-json\/wp\/v2\/categories?post=100795"},{"taxonomy":"post_tag","embeddable":true,"href":"https:\/\/semmelweis.hu\/hirek\/wp-json\/wp\/v2\/tags?post=100795"}],"curies":[{"name":"wp","href":"https:\/\/api.w.org\/{rel}","templated":true}]}}