{"id":100739,"date":"2020-12-09T08:35:44","date_gmt":"2020-12-09T07:35:44","guid":{"rendered":"https:\/\/semmelweis.hu\/hirek\/?p=100739"},"modified":"2020-12-09T08:53:34","modified_gmt":"2020-12-09T07:53:34","slug":"a-sebkezeles-legujabb-lehetosegeit-mutattak-be-a-iv-npwt-tudomanyos-szakmai-napon","status":"publish","type":"post","link":"https:\/\/semmelweis.hu\/hirek\/2020\/12\/09\/a-sebkezeles-legujabb-lehetosegeit-mutattak-be-a-iv-npwt-tudomanyos-szakmai-napon\/","title":{"rendered":"A sebkezel\u00e9s leg\u00fajabb lehet\u0151s\u00e9geit mutatt\u00e1k be a IV. NPWT Tudom\u00e1nyos Szakmai Napon"},"content":{"rendered":"<div class=\"lead\">A sebkezel\u00e9s leg\u00fajabb lehet\u0151s\u00e9geit, a szakmai eredm\u00e9nyeket \u00e9s tapasztalatokat mutatt\u00e1k be a IV. NPWT (negat\u00edv nyom\u00e1s ter\u00e1pia) Tudom\u00e1nyos Szakmai Napon, melyet a Semmelweis Egyetem I. Sz. Seb\u00e9szeti \u00e9s Intervenci\u00f3s Gasztroenterol\u00f3giai Klinika rendezett meg. Az online esem\u00e9nyen n\u00e9gy szekci\u00f3ban (seb\u00e9szet, k\u00fcl\u00f6nleges indik\u00e1ci\u00f3k, ortop\u00e9dia \u00e9s traumatol\u00f3gia, kr\u00f3nikus sebek) 44 el\u0151ad\u00f3 tartott el\u0151ad\u00e1st k\u00f6zel 300 r\u00e9sztvev\u0151nek. A klinika t\u00e1vlati c\u00e9lja, hogy referenciak\u00f6zpontk\u00e9nt a sebkezel\u00e9s lehet\u0151s\u00e9geit meg\u00faj\u00edt\u00f3, innovat\u00edv negat\u00edv nyom\u00e1s ter\u00e1pi\u00e1t min\u00e9l sz\u00e9lesebb k\u00f6rben tegye ismertt\u00e9 haz\u00e1nkban.<\/div>\n<p>Az NPWT kongresszus\u00e1t imm\u00e1r negyedszer, id\u00e9n pedig rendhagy\u00f3, online form\u00e1ban rendezt\u00fck meg, dr. Merkely B\u00e9la rektor \u00far f\u0151v\u00e9dn\u00f6klet\u00e9vel \u2013 mondta dr. Szij\u00e1rt\u00f3 Attila, az I. Sz. Seb\u00e9szeti \u00e9s Intervenci\u00f3s Gasztroenterol\u00f3giai Klinika igazgat\u00f3ja, a kongresszus h\u00e1zigazd\u00e1ja. Hozz\u00e1tette: az \u00e9l\u0151 k\u00f6zvet\u00edt\u00e9sbe a Semmelweis Egyetem orvosai mellett t\u00f6bb budapesti seb\u00e9szeti centrumb\u00f3l, \u00e9s orsz\u00e1gosan, t\u00f6bbek mellett Tatab\u00e1ny\u00e1r\u00f3l, Szombathelyr\u0151l, Szegedr\u0151l, P\u00e9csr\u0151l, Debrecenb\u0151l kapcsol\u00f3dtak be r\u00e9sztvev\u0151k. \u00d6sszesen 25 el\u0151ad\u00e1st hirdettek meg, illetve 22 poszter ker\u00fclt beny\u00fajt\u00e1sra a Negat\u00edvnyom\u00e1s-ter\u00e1pi\u00e1val a Sebgy\u00f3gyul\u00e1s\u00e9rt Egyes\u00fclettel k\u00f6z\u00f6sen megtartott szakmai esem\u00e9nyre.<\/p>\n<p>Dr. Szij\u00e1rt\u00f3 Attila kiemelte: b\u00e1r a seb\u00e9szi technik\u00e1k viszonylag gyorsan v\u00e1ltoztak a XIX. sz\u00e1zad \u00f3ta, a sebkezel\u00e9si elvek \u00e9s gyakorlat ezt sokkal lassabban k\u00f6vette. Az elm\u00falt b\u0151 k\u00e9t \u00e9vtizedben jelent meg a negat\u00edv nyom\u00e1s\u00fa sebkezel\u00e9s (negative pressure wound therapy \u2013 NPWT) m\u00f3dszere, mely \u2013 mint dr. Szij\u00e1rt\u00f3 Attila fogalmazott \u2013 teljesen \u00fajfajta eszk\u00f6zparkkal \u00e9s gondolkod\u00e1ssal robbant be a seb\u00e9szetbe. A sebkezel\u00e9s konzervat\u00edv rutinj\u00e1n \u00e1tl\u00e9pve a kezel\u00e9s elve, hogy a sebet folyamatosan, vagy id\u0151szakosan negat\u00edv nyom\u00e1s al\u00e1 helyezz\u00fck \u2013 magyar\u00e1zta. Alkalmaz\u00e1s\u00e1val a sebalap oxig\u00e9nell\u00e1t\u00e1s\u00e1nak jav\u00edt\u00e1sa, bakt\u00e9rium-terhel\u00e9s\u00e9nek cs\u00f6kkent\u00e9se, a v\u00e1lad\u00e9kpang\u00e1s megsz\u00fcntet\u00e9se, a k\u00f3ros sz\u00f6veti nyom\u00e1st fenntart\u00f3 \u00f6d\u00e9ma m\u00e9rs\u00e9kl\u00e9se \u00e9rhet\u0151 el, \u00edgy gyors\u00edtja fel a sebgy\u00f3gyul\u00e1st.<\/p>\n<p><a href=\"https:\/\/semmelweis.hu\/hirek\/files\/2020\/12\/szijarto-attila-facebook-v.jpg\"><img loading=\"lazy\" decoding=\"async\" class=\"alignleft size-medium wp-image-100743\" src=\"https:\/\/semmelweis.hu\/hirek\/files\/2020\/12\/szijarto-attila-facebook-v-400x285.jpg\" alt=\"\" width=\"400\" height=\"285\" srcset=\"https:\/\/semmelweis.hu\/hirek\/files\/2020\/12\/szijarto-attila-facebook-v-400x285.jpg 400w, https:\/\/semmelweis.hu\/hirek\/files\/2020\/12\/szijarto-attila-facebook-v-768x546.jpg 768w, https:\/\/semmelweis.hu\/hirek\/files\/2020\/12\/szijarto-attila-facebook-v-753x536.jpg 753w, https:\/\/semmelweis.hu\/hirek\/files\/2020\/12\/szijarto-attila-facebook-v.jpg 856w\" sizes=\"auto, (max-width: 400px) 100vw, 400px\" \/><\/a>A klinikaigazgat\u00f3 eml\u00e9keztetett: a szakmai nap c\u00e9lja minden \u00e9vben az, hogy az eddigi sikeres kezel\u00e9si eredm\u00e9nyekkel, az indik\u00e1ci\u00f3s k\u00f6r\u00f6k b\u0151v\u00edt\u00e9s\u00e9vel \u00e9s a lehets\u00e9ges fejleszt\u00e9si ir\u00e1nyokkal is megismerkedjenek a hazai szakemberek. Dr. Szij\u00e1rt\u00f3 Attila szerint \u00e1tt\u00f6r\u0151 jelent\u0151s\u00e9g\u0171 a ter\u00e1pia terjed\u00e9s\u00e9ben, hogy egyre t\u00f6bb diszcipl\u00edna kapcsol\u00f3dik be az alkalmaz\u00e1s\u00e1ba. A negat\u00edv nyom\u00e1s ter\u00e1pi\u00e1val, mint sebkezel\u00e9si technik\u00e1val kiv\u00e1l\u00f3 eredm\u00e9nyeket lehet el\u00e9rni a seb\u00e9szet mellett a mellkasseb\u00e9szet, az urol\u00f3gia, \u00e9rseb\u00e9szet, plasztikai \u00e9s hasi seb\u00e9szet ter\u00fclet\u00e9n is \u2013 eml\u00edtett n\u00e9h\u00e1ny p\u00e9ld\u00e1t.<\/p>\n<p>A m\u00e1sik \u00e1tt\u00f6r\u0151 jelent\u0151s\u00e9g\u0171 v\u00e1ltoz\u00e1s, hogy ma m\u00e1r nem csak kr\u00f3nikus, nehezen gy\u00f3gyul\u00f3 sebek, hanem ak\u00e1r belszervi \u201esebek\u201d kezel\u00e9s\u00e9re is van lehet\u0151s\u00e9g, ami eddig elk\u00e9pzelhetetlen volt. Ezen technik\u00e1val az eddig olykor rem\u00e9nytelen, vagy nehezen gy\u00f3gy\u00edthat\u00f3 posztoperat\u00edv seb\u00e1llapotok kezel\u00e9se, gy\u00f3gy\u00edt\u00e1sa is el\u00e9rhet\u0151v\u00e9 v\u00e1lt \u2013 emelte ki az I. Sz. Seb\u00e9szeti \u00e9s Intervenci\u00f3s Gasztroenterol\u00f3giai Klinika igazgat\u00f3ja.<\/p>\n<p>A Semmelweis Egyetemnek kiemelked\u0151 szerepe van a negat\u00edv nyom\u00e1s ter\u00e1pia hazai megismertet\u00e9s\u00e9ben \u00e9s elterjeszt\u00e9s\u00e9ben, hiszen az innov\u00e1ci\u00f3 ir\u00e1nti elk\u00f6telezetts\u00e9g mellett rendelkez\u00e9sre \u00e1ll a sz\u00e9les k\u00f6r\u0171, nagysz\u00e1m\u00fa betegen t\u00f6rt\u00e9n\u0151 alkalmaz\u00e1s lehet\u0151s\u00e9ge is \u2013 mutatott r\u00e1 dr. Szij\u00e1rt\u00f3 Attila. \u201eT\u00e1vlati c\u00e9lunk, hogy a Semmelweis Egyetem I. Sz. Seb\u00e9szeti \u00e9s Intervenci\u00f3s Gasztroenterol\u00f3giai Klinik\u00e1ja a sebkezel\u00e9s, sebell\u00e1t\u00e1s referenciak\u00f6zpontjak\u00e9nt k\u00e9pz\u00e9seket tarthasson, a tud\u00e1smegoszt\u00e1s hazai centrum\u00e1v\u00e1 v\u00e1ljon\u201d \u2013 hangs\u00falyozta.<\/p>\n<p>Vas D\u00f3ra<br \/>\nKiemelt fot\u00f3: Kov\u00e1cs Attila &#8211; Semmelweis Egyetem<br \/>\nFot\u00f3: Dr. Szij\u00e1rt\u00f3 Attila (saj\u00e1t fot\u00f3) a IV. NPWT Tudom\u00e1nyos Szakmai Napon<\/p>\n","protected":false},"excerpt":{"rendered":"<p>Az I. Sz. Seb\u00e9szeti \u00e9s Intervenci\u00f3s Gasztroenterol\u00f3giai Klinika \u00e1ltal rendezett online esem\u00e9nyen n\u00e9gy szekci\u00f3ban 44 el\u0151ad\u00f3 tartott el\u0151ad\u00e1st<\/p>\n","protected":false},"author":101792,"featured_media":100741,"comment_status":"closed","ping_status":"closed","sticky":false,"template":"","format":"standard","meta":{"_acf_changed":false,"footnotes":""},"categories":[161],"tags":[156,188],"class_list":["post-100739","post","type-post","status-publish","format-standard","has-post-thumbnail","hentry","category-tudomany","tag-gyogyitas","tag-tudomanyos-hirek-rendezvenyek"],"acf":[],"_links":{"self":[{"href":"https:\/\/semmelweis.hu\/hirek\/wp-json\/wp\/v2\/posts\/100739","targetHints":{"allow":["GET"]}}],"collection":[{"href":"https:\/\/semmelweis.hu\/hirek\/wp-json\/wp\/v2\/posts"}],"about":[{"href":"https:\/\/semmelweis.hu\/hirek\/wp-json\/wp\/v2\/types\/post"}],"author":[{"embeddable":true,"href":"https:\/\/semmelweis.hu\/hirek\/wp-json\/wp\/v2\/users\/101792"}],"replies":[{"embeddable":true,"href":"https:\/\/semmelweis.hu\/hirek\/wp-json\/wp\/v2\/comments?post=100739"}],"version-history":[{"count":5,"href":"https:\/\/semmelweis.hu\/hirek\/wp-json\/wp\/v2\/posts\/100739\/revisions"}],"predecessor-version":[{"id":100746,"href":"https:\/\/semmelweis.hu\/hirek\/wp-json\/wp\/v2\/posts\/100739\/revisions\/100746"}],"wp:featuredmedia":[{"embeddable":true,"href":"https:\/\/semmelweis.hu\/hirek\/wp-json\/wp\/v2\/media\/100741"}],"wp:attachment":[{"href":"https:\/\/semmelweis.hu\/hirek\/wp-json\/wp\/v2\/media?parent=100739"}],"wp:term":[{"taxonomy":"category","embeddable":true,"href":"https:\/\/semmelweis.hu\/hirek\/wp-json\/wp\/v2\/categories?post=100739"},{"taxonomy":"post_tag","embeddable":true,"href":"https:\/\/semmelweis.hu\/hirek\/wp-json\/wp\/v2\/tags?post=100739"}],"curies":[{"name":"wp","href":"https:\/\/api.w.org\/{rel}","templated":true}]}}