{"id":100489,"date":"2020-11-24T06:00:33","date_gmt":"2020-11-24T05:00:33","guid":{"rendered":"https:\/\/semmelweis.hu\/hirek\/?p=100489"},"modified":"2020-11-23T16:33:10","modified_gmt":"2020-11-23T15:33:10","slug":"csak-egyutt-sikerulhet-lezarult-a-negy-orvoskepzo-egyetem-egyuttmukodeseben-megvalosulo-palyazat","status":"publish","type":"post","link":"https:\/\/semmelweis.hu\/hirek\/2020\/11\/24\/csak-egyutt-sikerulhet-lezarult-a-negy-orvoskepzo-egyetem-egyuttmukodeseben-megvalosulo-palyazat\/","title":{"rendered":"\u201eCsak egy\u00fctt siker\u00fclhet!\u201d \u2013 lez\u00e1rult a n\u00e9gy orvosk\u00e9pz\u0151 egyetem egy\u00fcttm\u0171k\u00f6d\u00e9s\u00e9ben megval\u00f3sul\u00f3 p\u00e1ly\u00e1zat"},"content":{"rendered":"<div class=\"lead\">A \u201eLive Longer \u2013 \u00c9lj hosszabban\u201d nev\u0171 EFOP-p\u00e1ly\u00e1zat c\u00e9lja a betegek \u00e9letmin\u0151s\u00e9g\u00e9nek jav\u00edt\u00e1sa, \u00e9lethossz\u00e1nak n\u00f6vel\u00e9se volt, transzl\u00e1ci\u00f3s medicina megk\u00f6zel\u00edt\u00e9s\u00e9ben, a hazai alapkutat\u00e1si-klinikai kapcsolatrendszer egy\u00fcttm\u0171k\u00f6d\u00e9s\u00e9ben. A 3 \u00e9vig tart\u00f3 p\u00e1ly\u00e1zat keret\u00e9ben megval\u00f3sult projekteket bemutat\u00f3 z\u00e1r\u00f3konferenci\u00e1n a Szegedi Tudom\u00e1nyegyetem, a Debreceni Egyetem, a P\u00e9csi Tudom\u00e1nyegyetem \u00e9s a Semmelweis Egyetem k\u00e9pvisel\u0151i sz\u00e1moltak be az eredm\u00e9nyekr\u0151l. Dr. Varga G\u00e1bor, a Semmelweis Egyetem Or\u00e1lbiol\u00f3giai Tansz\u00e9k\u00e9nek vezet\u0151je prezent\u00e1ci\u00f3j\u00e1ban kiemelte: sikeres volt az egyetemek egy\u00fcttm\u0171k\u00f6d\u00e9se, hasonl\u00f3 projektek a j\u00f6v\u0151ben is csak \u00f6sszefog\u00e1ssal val\u00f3s\u00edthat\u00f3k meg.<\/div>\n<p>A 2017. szeptember 1-t\u0151l 2020. augusztus 31-ig tart\u00f3, 36 h\u00f3napos EFOP-p\u00e1ly\u00e1zat (EFOP-3.6.2-16-2017-00006 LIVE LONGER) a modern orvostudom\u00e1nyi diagnosztikus elj\u00e1r\u00e1sok \u00e9s ter\u00e1pi\u00e1k transzl\u00e1ci\u00f3s megk\u00f6zel\u00edt\u00e9s\u0171 fejleszt\u00e9s\u00e9re f\u00f3kusz\u00e1lt, azaz olyan projektekre, melyek a laborat\u00f3riumt\u00f3l a beteg\u00e1gyig igyekszenek hozz\u00e1j\u00e1rulni a p\u00e1ciensek \u00e9letk\u00f6r\u00fclm\u00e9nyeinek jav\u00edt\u00e1s\u00e1hoz \u00e9s \u00e9lethossz\u00e1nak n\u00f6vel\u00e9s\u00e9hez. A p\u00e1ly\u00e1zat els\u0151sorban gasztrointesztin\u00e1lis, kardi\u00e1lis, vaszkul\u00e1ris \u00e9s v\u00e1zizom eredet\u0171 betegs\u00e9gek gy\u00f3gy\u00edt\u00e1s\u00e1ra koncentr\u00e1lt. A Szegedi Tudom\u00e1nyegyetem (SZTE), a Debreceni Egyetem (DE), a P\u00e9csi Tudom\u00e1nyegyetem (PE) \u00e9s a Semmelweis Egyetem egy\u00fctt, konzorciumi form\u00e1ba p\u00e1ly\u00e1zott, k\u00fcl\u00f6n\u00f6sen nagy hangs\u00falyt fektetve projektjeikben az egyetemek k\u00f6z\u00f6tt megval\u00f3sul\u00f3 szinergi\u00e1kra, a k\u00f6z\u00f6tt\u00fck l\u00e9v\u0151 kapcsolatrendszer fejleszt\u00e9s\u00e9re. K\u00fcl\u00f6n\u00f6sen fontosnak tekintett\u00e9k a fiatal kutat\u00f3k, PhD- \u00e9s egyetemi hallgat\u00f3k bevon\u00e1s\u00e1t; az \u00faj kutat\u00e1si m\u00f3dszerek elsaj\u00e1t\u00edt\u00e1s\u00e1t; a nemzetk\u00f6zi kutat\u00e1si programokhoz val\u00f3 csatlakoz\u00e1st, valamint a tud\u00e1stranszfert is \u2013 emelte ki ifj. dr. Rakonczay Zolt\u00e1n, a Szegedi Tudom\u00e1nyegyetem K\u00f3r\u00e9lettani Int\u00e9zet\u00e9nek tansz\u00e9kvezet\u0151 professzora, a projekt szakmai vezet\u0151je a z\u00e1r\u00f3esem\u00e9nyen.<\/p>\n<p>A november 16-\u00e1n, online form\u00e1ban megval\u00f3sult rendezv\u00e9nyen a n\u00e9gy hazai orvosk\u00e9pz\u0151 egyetem k\u00e9pvisel\u0151i sz\u00e1moltak be eredm\u00e9nyeikr\u0151l, valamint Zsigmond Anik\u00f3 projektmenedzser tartott el\u0151ad\u00e1st a projektmenedzsment szempontjainak \u00e9rt\u00e9kel\u00e9s\u00e9r\u0151l. A Semmelweis Egyetem r\u00e9sz\u00e9r\u0151l dr. Varga G\u00e1bor, az Or\u00e1lbiol\u00f3giai Tansz\u00e9k vezet\u0151je \u00e9rt\u00e9kelte a p\u00e1ly\u00e1zatot. Mint elmondta, valamennyi kit\u0171z\u00f6tt c\u00e9lt siker\u00fclt teljes\u00edtenie az int\u00e9zm\u00e9nyeknek, mik\u00f6zben a hum\u00e1ner\u0151forr\u00e1s \u00e9s a kutat\u00e1si kapacit\u00e1sok fejleszt\u00e9se, a nemzetk\u00f6zi be\u00e1gyazotts\u00e1g, a nemzetk\u00f6zi kutat\u00e1si egy\u00fcttm\u0171k\u00f6d\u00e9sek er\u0151s\u00edt\u00e9se \u00e9s az egyes, gasztroenterol\u00f3gia ter\u00fclet\u00e9n v\u00e9gzett kutat\u00e1si projektek is megval\u00f3sultak. \u201eA Semmelweis Egyetem f\u0151 feladata projektszinten a technol\u00f3giai \u00e9s tud\u00e1stranszfer v\u00e9grehajt\u00e1sa, illetve ezek konzorci\u00e1lis partnerek k\u00f6z\u00f6tti koordin\u00e1ci\u00f3ja volt. Minderre int\u00e9zm\u00e9ny\u00fcnk 117 milli\u00f3 forint t\u00e1mogat\u00e1st kapott\u201d \u2013 mutatott r\u00e1 dr. Varga G\u00e1bor, aki kiemelte: a tudom\u00e1nyos kutat\u00e1sokhoz forr\u00e1sokra, a kiemelked\u0151 eredm\u00e9nyekhez pedig egy\u00fcttm\u0171k\u00f6d\u00e9sre van sz\u00fcks\u00e9g.<\/p>\n<p><img loading=\"lazy\" decoding=\"async\" class=\"aligncenter size-full wp-image-100490\" src=\"https:\/\/semmelweis.hu\/hirek\/files\/2020\/11\/RS124585_C19A6559-scr.jpg\" alt=\"\" width=\"1200\" height=\"800\" srcset=\"https:\/\/semmelweis.hu\/hirek\/files\/2020\/11\/RS124585_C19A6559-scr.jpg 1200w, https:\/\/semmelweis.hu\/hirek\/files\/2020\/11\/RS124585_C19A6559-scr-400x267.jpg 400w, https:\/\/semmelweis.hu\/hirek\/files\/2020\/11\/RS124585_C19A6559-scr-900x600.jpg 900w, https:\/\/semmelweis.hu\/hirek\/files\/2020\/11\/RS124585_C19A6559-scr-768x512.jpg 768w, https:\/\/semmelweis.hu\/hirek\/files\/2020\/11\/RS124585_C19A6559-scr-753x502.jpg 753w, https:\/\/semmelweis.hu\/hirek\/files\/2020\/11\/RS124585_C19A6559-scr-203x135.jpg 203w\" sizes=\"auto, (max-width: 1200px) 100vw, 1200px\" \/>A tansz\u00e9kvezet\u0151 el\u0151ad\u00e1s\u00e1ban r\u00e9szletesen besz\u00e1molt a p\u00e1ly\u00e1zat keretei bel\u00fcl megval\u00f3sul\u00f3 egyes projektek eredm\u00e9ny\u00e9r\u0151l is. A Zsembery \u00c1kos (Semmelweis Egyetem, Or\u00e1lbiol\u00f3giai Tansz\u00e9k) egyetemi docens vezette, Deli M\u00e1ria (SZTE, Szegedi Biol\u00f3giai Kutat\u00f3k\u00f6zpont) \u00e9s Helyes Zsuzsanna (PTE) k\u00f6zrem\u0171k\u00f6d\u00e9s\u00e9vel megval\u00f3sult, hidrog\u00e9n-karbon\u00e1ttal kapcsolatos vizsg\u00e1latokat rendk\u00edv\u00fcl \u00edg\u00e9retesnek nevezte. Ezek eredm\u00e9nyei \u00faj ter\u00e1pi\u00e1s elj\u00e1r\u00e1sok fejleszt\u00e9s\u00e9nek nyithatnak utat a kr\u00f3nikus t\u00fcd\u0151betegs\u00e9gek eset\u00e9n. A ciszt\u00e1s fibr\u00f3zis egy ioncsatorna betegs\u00e9ge, mely az egyik leggyakoribb genetikai rendelleness\u00e9g a kauk\u00e1zusi popul\u00e1ci\u00f3ban \u2013 a rendk\u00edv\u00fcl s\u00falyos gyullad\u00e1sos folyamat gyakran hal\u00e1los kimenetel\u0171, r\u00e1ad\u00e1sul jelenleg nincs r\u00e1 k\u00f6zvetlen gy\u00f3gym\u00f3d. A betegs\u00e9g kialakul\u00e1sa sor\u00e1n cs\u00f6kken a CFTR csatorna hi\u00e1ny\u00e1ban a folyad\u00e9k elv\u00e1laszt\u00e1s a t\u00fcd\u0151 funkcion\u00e1lis felsz\u00edn\u00e9n, melyen norm\u00e1lis esetben h\u00edg, semleges k\u00e9mhat\u00e1s\u00fa folyad\u00e9k tal\u00e1lhat\u00f3 \u2013 \u00edgy a csill\u00f3s, ostoros sejtek sem k\u00e9pesek kihajtani a mikroorganizmusokat a t\u00fcd\u0151b\u0151l. A felsz\u00ednek savasod\u00e1s\u00e1val p\u00e1rhuzamosan az elv\u00e1lasztott mucin nagym\u00e9rt\u00e9kben megn\u00f6veli a felsz\u00edneket bevon\u00f3 biofilm viszkozit\u00e1s\u00e1t, ami a bakt\u00e9riumok elszaporod\u00e1s\u00e1hoz \u00e9s gyullad\u00e1s kialakul\u00e1s\u00e1hoz vezet. \u00cdgy jelent\u0151sen cs\u00f6kken a t\u00fcd\u0151 funkcion\u00e1lis kapacit\u00e1sa, m\u00edg v\u00e9g\u00fcl a szerv m\u00e1r nem lesz k\u00e9pes elegend\u0151 oxig\u00e9n felv\u00e9tel\u00e9re \u00e9s sz\u00e9n-dioxid lead\u00e1s\u00e1ra \u2013 magyar\u00e1zta a tansz\u00e9kvezet\u0151. A p\u00e1ly\u00e1zat keret\u00e9ben v\u00e9gzett kutat\u00e1s szerint, ha a t\u00fcd\u0151fel\u00fcletre hidrog\u00e9n-karbon\u00e1tot juttatnak, az egyr\u00e9szt seg\u00edti a megfelel\u0151 folyad\u00e9k-elv\u00e1laszt\u00e1st \u00e9s annak felsz\u00ednen tart\u00e1s\u00e1t, m\u00e1sr\u00e9szt megakad\u00e1lyozza a bakt\u00e9riumok szaporod\u00e1s\u00e1t \u00e9s a k\u00f3ros \u00f6sszet\u00e9tel\u0171 biofilm k\u00e9pz\u0151d\u00e9s\u00e9t. Az eredm\u00e9nyek szerint a bikarbon\u00e1t r\u00e9sze lehet a vel\u00fcnk sz\u00fcletett immunit\u00e1snak, alkalmaz\u00e1sa pedig nemcsak a ciszt\u00e1s fibr\u00f3zis, de m\u00e1s kr\u00f3nikus t\u00fcd\u0151betegs\u00e9gek gy\u00f3gy\u00edt\u00e1s\u00e1ban is seg\u00edthet.<\/p>\n<p>Jelent\u0151s eredm\u00e9nyeket \u00e9rt el a Semmelweis Egyetem a P\u00e9csi \u00e9s Szegedi Tudom\u00e1nyegyetemmel egy\u00fcttm\u0171k\u00f6dve a pH-szab\u00e1lyoz\u00e1s fogzom\u00e1nc-k\u00e9pz\u00e9sben j\u00e1tszott szerep\u00e9nek tiszt\u00e1z\u00e1s\u00e1ban is. A sav-b\u00e1zis egyens\u00faly sz\u00e1mtalan szerv\u00fcnkben l\u00e9tfontoss\u00e1g\u00fa. Szervezet\u00fcnk legh\u00edgabb folyad\u00e9ka, a ny\u00e1l, valamint legkem\u00e9nyebb sz\u00f6vete, a fogzom\u00e1nc nagyon hasonl\u00f3 folyamatok r\u00e9v\u00e9n j\u00f6nnek l\u00e9tre, \u00e9s mindkett\u0151 sor\u00e1n elengedhetetlen\u00fcl fontos a felszabadul\u00f3 vagy odaker\u00fcl\u0151 sav k\u00f6z\u00f6mb\u00f6s\u00edt\u00e9se\u2013 magyar\u00e1zta Varga professzor. Ha savas folyad\u00e9kot, p\u00e9ld\u00e1ul narancslevet iszunk, az egyb\u0151l ny\u00e1lelv\u00e1laszt\u00e1st ind\u00edt el, ami az\u00e9rt is fontos, mert az aktiv\u00e1l\u00f3d\u00f3 ny\u00e1lmirigy hidrog\u00e9n-karbon\u00e1tot termel, mely k\u00f6z\u00f6mb\u00f6s\u00edti a narancsl\u00e9 savass\u00e1g\u00e1t \u2013 ha nem tenn\u00e9, az italb\u00f3l szervezet\u00fcnkbe ker\u00fcl\u0151 sav kimarn\u00e1 a ny\u00e1lkah\u00e1rty\u00e1nkat. Ez a folyamat a zom\u00e1nck\u00e9pz\u00e9sn\u00e9l is kulcsfontoss\u00e1g\u00fa, ugyanis az azt alkot\u00f3 hidroxil-apatit krist\u00e1lyok keletkez\u00e9sekor rengeteg sav szabadul fel. Az Or\u00e1lbiol\u00f3giai Tansz\u00e9k vezet\u0151je szerint ennek a folyamatnak a r\u00e9szleteit m\u00e9g kev\u00e9sb\u00e9 ismerj\u00fck, \u00e1m a mechanizmus vizsg\u00e1lat\u00e1t \u00e9s modellez\u00e9s\u00e9t tekintve a Semmelweis Egyetem kutat\u00f3csoportja a vil\u00e1g \u00e9lvonal\u00e1ba tartozik. Az eredm\u00e9nyeik \u00fatt\u00f6r\u0151 jelleg\u00e9t az is mutatja, hogy siker\u00fclt elnyerni\u00fck az amerikai National Institute of Health, National Institute of Dental and Craniofacial Research (NIH NIDCR) p\u00e1ly\u00e1zat\u00e1t, mely a vil\u00e1g egyik legjelent\u0151sebb kutat\u00e1s-t\u00e1mogat\u00e1si rendszere \u2013 emelte ki dr. Varga G\u00e1bor.<\/p>\n<p><img loading=\"lazy\" decoding=\"async\" class=\"alignleft size-medium wp-image-100491\" src=\"https:\/\/semmelweis.hu\/hirek\/files\/2020\/11\/RS124619_C19A6444-scr-267x400.jpg\" alt=\"\" width=\"267\" height=\"400\" srcset=\"https:\/\/semmelweis.hu\/hirek\/files\/2020\/11\/RS124619_C19A6444-scr-267x400.jpg 267w, https:\/\/semmelweis.hu\/hirek\/files\/2020\/11\/RS124619_C19A6444-scr-533x800.jpg 533w, https:\/\/semmelweis.hu\/hirek\/files\/2020\/11\/RS124619_C19A6444-scr.jpg 600w\" sizes=\"auto, (max-width: 267px) 100vw, 267px\" \/>A tansz\u00e9kvezet\u0151 besz\u00e1molt a Semmelweis Egyetem \u00e9s a P\u00e9csi Tudom\u00e1nyegyetem egy\u00fcttm\u0171k\u00f6d\u00e9s\u00e9ben indult, a COVID-19 ny\u00e1ldiagnosztikai lehet\u0151s\u00e9geit kutat\u00f3 projektr\u0151l is. Ez a tansz\u00e9kvezet\u0151 szerint az int\u00e9zm\u00e9nyek k\u00f6z\u00f6tti egy\u00fcttm\u0171k\u00f6d\u00e9s, valamint a transzl\u00e1ci\u00f3s szeml\u00e9let egyik kiv\u00e1l\u00f3 p\u00e9ld\u00e1ja. A projekt egy in-silico, vagyis szimul\u00e1ci\u00f3s kutat\u00e1ssal kezd\u0151d\u00f6tt, amely sor\u00e1n kor\u00e1bbi, az emberi ny\u00e1lban megjelen\u0151 v\u00edrussal kapcsolatos publik\u00e1ci\u00f3kat elemeztek. A projekt k\u00e9s\u0151bbi szakaszaiban pedig m\u00e1r r\u00e9szt vett t\u00f6bbek k\u00f6z\u00f6tt a Semmelweis Egyetemr\u0151l a Laborat\u00f3riumi Medicina Int\u00e9zet, a F\u00fcl-Orr-G\u00e9g\u00e9szeti \u00e9s Fej-Nyakseb\u00e9szeti Klinika \u00e9s a Pulmonol\u00f3giai Klinika is. A kutat\u00e1s l\u00e9nyege, hogy az orr- \u00e9s garatmint\u00e1t haszn\u00e1l\u00f3 mintav\u00e9teln\u00e9l gyorsabb \u00e9s egyszer\u0171bb, beavatkoz\u00e1st nem ig\u00e9nyl\u0151 m\u00f3dszer a ny\u00e1l gy\u0171jt\u00e9se, viszont a PCR-vizsg\u00e1latok sor\u00e1n mindkett\u0151b\u0151l hasonl\u00f3 pontoss\u00e1ggal tudj\u00e1k kimutatni a koronav\u00edrus-fert\u0151z\u00e9st. <a href=\"https:\/\/semmelweis.hu\/hirek\/2020\/09\/11\/nyalbol-gyorsan-es-egyszeruen-kimutathato-lehet-a-koronavirus\/\">A projektr\u0151l kor\u00e1bban ebben a cikk\u00fcnkben sz\u00e1moltunk be r\u00e9szletesen.<\/a><\/p>\n<p>A Semmelweis Egyetemen az EFOP projekt keret\u00e9ben 2018-ban a n\u00e9gy egyetem egy\u00fcttm\u0171k\u00f6d\u00e9s\u00e9vel, 126 regisztr\u00e1lt \u00e9rdekl\u0151d\u0151vel, 3 megh\u00edvott k\u00fclf\u00f6ldi el\u0151ad\u00f3val, 9 fiatal k\u00fclf\u00f6ldi r\u00e9sztvev\u0151vel nemzetk\u00f6zi konferenci\u00e1t tartottak, melyen 65 el\u0151ad\u00e1s hangzott el \u00e9s 6 gyakorlati interakt\u00edv kurzusra ker\u00fclt sor. A p\u00e1ly\u00e1zat keretein bel\u00fcl sz\u00e1mos meta-anal\u00edzis k\u00e9sz\u00fclt, t\u00f6bbek k\u00f6z\u00f6tt az implant\u00e1tum felsz\u00ednek homokf\u00fav\u00e1sos el\u0151kezel\u00e9s\u00e9nek csontosod\u00e1st el\u0151seg\u00edt\u0151 hat\u00e1s\u00e1r\u00f3l vagy a kl\u00f3r-dioxid sz\u00e1jhigi\u00e9ni\u00e1s hat\u00e1sair\u00f3l is. Jelent\u0151s kutat\u00e1sokat folytattunk a P\u00e9csi Tudom\u00e1nyegyetemmel a regenerat\u00edv ter\u00e1pi\u00e1s elj\u00e1r\u00e1sok ter\u00fclet\u00e9n \u2013 sz\u00e1molt be dr. Varga G\u00e1bor, aki k\u00e9t publik\u00e1ci\u00f3t emelt ki, melyek az \u0151ssejtekkel, valamint a szervezet \u0151ssejteket gener\u00e1l\u00f3, azok m\u0171k\u00f6d\u00e9s\u00e9t seg\u00edt\u0151 folyamataival foglalkoznak: az egyik publik\u00e1ci\u00f3 a csontregener\u00e1ci\u00f3ra, a m\u00e1sik pedig a fogtart\u00f3 sz\u00f6vet meg\u00faj\u00edt\u00e1s\u00e1ra f\u00f3kusz\u00e1l.<\/p>\n<p>A p\u00e1ly\u00e1zat keretein bel\u00fcl a Semmelweis Egyetemen zajl\u00f3 munka sor\u00e1n 34 teljes terjedelm\u0171, azaz in-extenso k\u00f6zlem\u00e9ny \u00e9s 55 konferencia absztrakt sz\u00fcletett, n\u00e9gyen pedig a PhD-fokozatot szereztek. \u201eB\u00e1rmilyen kiv\u00e1l\u00f3 munkat\u00e1rsakkal \u00e9s kutat\u00e1si potenci\u00e1llal is rendelkezik az egyetem, ma m\u00e1r a kiugr\u00f3 eredm\u00e9nyeket itthon \u00e9s k\u00fclf\u00f6ld\u00f6n is int\u00e9zetek, int\u00e9zm\u00e9nyek egy\u00fcttm\u0171k\u00f6d\u00e9s\u00e9vel lehet el\u00e9rni. Nemcsak a hum\u00e1n er\u0151forr\u00e1sainkat tudtuk egyes\u00edteni, de nemzetk\u00f6zi kapcsolatokat is siker\u00fclt ki\u00e9p\u00edten\u00fcnk, ennek k\u00f6sz\u00f6nhet\u0151en pedig olyan k\u00fclf\u00f6ldi p\u00e1ly\u00e1zatokon is elindulhatunk, ami kor\u00e1bban el\u00e9rhetetlen lett volna. A p\u00e1ly\u00e1zat bebizony\u00edtotta: csak egy\u00fctt siker\u00fclhet!\u201d \u2013 mutatott r\u00e1 dr. Varga G\u00e1bor.<\/p>\n<p>Szab\u00f3 \u00c1d\u00e1m<br \/>\nFot\u00f3: Kov\u00e1cs Attila &#8211; Semmelweis Egyetem (kor\u00e1bbi felv\u00e9telek)<\/p>\n","protected":false},"excerpt":{"rendered":"<p>A \u201eLive Longer \u2013 \u00c9lj hosszabban\u201d nev\u0171 EFOP-p\u00e1ly\u00e1zat c\u00e9lja a betegek \u00e9letmin\u0151s\u00e9g\u00e9nek jav\u00edt\u00e1sa, \u00e9lethossz\u00e1nak n\u00f6vel\u00e9se volt.<\/p>\n","protected":false},"author":101751,"featured_media":100490,"comment_status":"closed","ping_status":"closed","sticky":false,"template":"","format":"standard","meta":{"_acf_changed":false,"footnotes":""},"categories":[161,168],"tags":[],"class_list":["post-100489","post","type-post","status-publish","format-standard","has-post-thumbnail","hentry","category-tudomany","category-kiemelt"],"acf":[],"_links":{"self":[{"href":"https:\/\/semmelweis.hu\/hirek\/wp-json\/wp\/v2\/posts\/100489","targetHints":{"allow":["GET"]}}],"collection":[{"href":"https:\/\/semmelweis.hu\/hirek\/wp-json\/wp\/v2\/posts"}],"about":[{"href":"https:\/\/semmelweis.hu\/hirek\/wp-json\/wp\/v2\/types\/post"}],"author":[{"embeddable":true,"href":"https:\/\/semmelweis.hu\/hirek\/wp-json\/wp\/v2\/users\/101751"}],"replies":[{"embeddable":true,"href":"https:\/\/semmelweis.hu\/hirek\/wp-json\/wp\/v2\/comments?post=100489"}],"version-history":[{"count":1,"href":"https:\/\/semmelweis.hu\/hirek\/wp-json\/wp\/v2\/posts\/100489\/revisions"}],"predecessor-version":[{"id":100492,"href":"https:\/\/semmelweis.hu\/hirek\/wp-json\/wp\/v2\/posts\/100489\/revisions\/100492"}],"wp:featuredmedia":[{"embeddable":true,"href":"https:\/\/semmelweis.hu\/hirek\/wp-json\/wp\/v2\/media\/100490"}],"wp:attachment":[{"href":"https:\/\/semmelweis.hu\/hirek\/wp-json\/wp\/v2\/media?parent=100489"}],"wp:term":[{"taxonomy":"category","embeddable":true,"href":"https:\/\/semmelweis.hu\/hirek\/wp-json\/wp\/v2\/categories?post=100489"},{"taxonomy":"post_tag","embeddable":true,"href":"https:\/\/semmelweis.hu\/hirek\/wp-json\/wp\/v2\/tags?post=100489"}],"curies":[{"name":"wp","href":"https:\/\/api.w.org\/{rel}","templated":true}]}}