{"id":100364,"date":"2020-11-25T06:00:17","date_gmt":"2020-11-25T05:00:17","guid":{"rendered":"https:\/\/semmelweis.hu\/hirek\/?p=100364"},"modified":"2022-03-14T17:25:02","modified_gmt":"2022-03-14T16:25:02","slug":"tuterkep-a-semmelweis-egyetem-vegzett-gyogyszereszei-es-jelenlegi-gyogyszereszhallgatoi-is-reszt-vesznek-az-online-projektben","status":"publish","type":"post","link":"https:\/\/semmelweis.hu\/hirek\/2020\/11\/25\/tuterkep-a-semmelweis-egyetem-vegzett-gyogyszereszei-es-jelenlegi-gyogyszereszhallgatoi-is-reszt-vesznek-az-online-projektben\/","title":{"rendered":"T\u0171T\u00e9rk\u00e9p: a Semmelweis Egyetem v\u00e9gzett gy\u00f3gyszer\u00e9szei \u00e9s jelenlegi hallgat\u00f3i is r\u00e9szt vesznek az online projektben"},"content":{"rendered":"<div class=\"lead\">Az egyetem egykori \u00e9s jelenlegi gy\u00f3gyszer\u00e9szhallgat\u00f3i is ott vannak Magyarorsz\u00e1g els\u0151 online T\u0171T\u00e9rk\u00e9p\u00e9nek k\u00e9sz\u00edt\u0151i k\u00f6z\u00f6tt. Haz\u00e1nkban naponta t\u00f6bb mint sz\u00e1zezren haszn\u00e1lnak intrav\u00e9n\u00e1s vagy injekci\u00f3val beadhat\u00f3 gy\u00f3gyszereket, a projekt c\u00e9lja, hogy a haszn\u00e1lt t\u0171ket min\u00e9l t\u00f6bben adj\u00e1k le a megfelel\u0151 helyeken.<\/div>\n<p>Mind\u00f6ssze a magyarok 28%-a adja le a vesz\u00e9lyes hullad\u00e9knak sz\u00e1m\u00edt\u00f3 haszn\u00e1lt t\u0171ket a jogszab\u00e1ly szerint meghat\u00e1rozott helyeken. Ennek az ar\u00e1nynak a jav\u00edt\u00e1s\u00e1ra t\u00f6rekszik a Tudatos Gy\u00f3gyszerhaszn\u00e1lat Egyes\u00fclet csapata, akik Magyarorsz\u00e1g els\u0151 online T\u0171T\u00e9rk\u00e9p\u00e9n dolgoznak. A T\u0171T\u00e9rk\u00e9p l\u00e9trehoz\u00f3i k\u00f6z\u00f6tt a Semmelweis Egyetem Gy\u00f3gyszer\u00e9sztudom\u00e1nyi Kar\u00e1n (GYTK) v\u00e9gzett \u00e9s jelenlegi gy\u00f3gyszer\u00e9szhallgat\u00f3kat is tal\u00e1lunk.<\/p>\n<p>A 2019-es, a gy\u00f3gyszerhullad\u00e9kokkal kapcsolatos reprezentat\u00edv piackutat\u00e1sunk adataib\u00f3l kider\u00fclt, hogy Magyarorsz\u00e1gon a haszn\u00e1lt injekci\u00f3s t\u0171k lead\u00e1sa komoly kih\u00edv\u00e1s el\u00e9 \u00e1ll\u00edtja a p\u00e1cienseket \u00e9s a szakm\u00e1t egyar\u00e1nt \u2013 hangs\u00falyozta dr. Kulcs\u00e1r Nikolett, a T\u0171T\u00e9rk\u00e9p projekt vezet\u0151je, hozz\u00e1t\u00e9ve: mivel sz\u00e1mos \u00e9rdekl\u0151d\u00e9st kaptak a haszn\u00e1lt t\u0171k lead\u00e1s\u00e1nak lehet\u0151s\u00e9geir\u0151l, megsz\u00fcletett az interakt\u00edv, online T\u0171T\u00e9rk\u00e9p \u00f6tlete.<\/p>\n<p>A projekt \u00f6tletgazd\u00e1i dr. Kulcs\u00e1r Nikolett \u00e9s dr. Kocsis Janka \u2013 mindketten a Semmelweis Egyetem Gy\u00f3gyszer\u00e9sztudom\u00e1nyi Kar\u00e1n v\u00e9geztek, 2016-ban, illetve 2014-ben. A Magyar Gy\u00f3gyszer\u00e9szhallgat\u00f3k Egyes\u00fclete (HuPSA) \u00f6nk\u00e9nteseik\u00e9nt k\u00f6telezt\u00e9k el magukat a gy\u00f3gyszerhullad\u00e9kokkal kapcsolatos felvil\u00e1gos\u00edt\u00f3 tev\u00e9kenys\u00e9g mellett. A GYTK hallgat\u00f3i k\u00f6z\u00fcl Farag\u00f3-Bodor Zs\u00f3fia, Kir\u00e1ly Vir\u00e1g, Nagy No\u00e9mi \u00e9s Pavlicsek Marcell is k\u00f6zrem\u0171k\u00f6dik abban, hogy min\u00e9l pontosabb adatokat tal\u00e1ljanak az \u00e9rdekl\u0151d\u0151k a T\u0171T\u00e9rk\u00e9pen. Az \u00f6nk\u00e9ntesekb\u0151l \u00e1ll\u00f3 csapat felkeres minden k\u00f3rh\u00e1zat \u00e9s rendel\u0151int\u00e9zetet, valamint egyeztet a t\u0171gy\u0171jt\u0151 dobozok pontos hely\u00e9t illet\u0151en. Az ellen\u0151rz\u00f6tt adatokat felviszik a b\u0151v\u00fcl\u0151 T\u0171T\u00e9rk\u00e9pre, ahol nemcsak c\u00edm \u00e9s telefonsz\u00e1m szerepel, hanem az is, hogy az adott \u00e9p\u00fcleten bel\u00fcl pontosan hol tal\u00e1lhat\u00f3 a haszn\u00e1lt fecskend\u0151k t\u00e1rol\u00e1s\u00e1ra alkalmas speci\u00e1lis gy\u0171jt\u0151doboz. Az online fel\u00fclet haszn\u00e1lata egyszer\u0171, ingyenes \u00e9s mindenki sz\u00e1m\u00e1ra k\u00f6nnyen el\u00e9rhet\u0151. A felhaszn\u00e1l\u00f3k helyzet\u00fcket megadva l\u00e1thatj\u00e1k a hozz\u00e1juk legk\u00f6zelebb es\u0151 gy\u0171jt\u0151pontokat, megtervezhetik az \u00fatvonalukat majd ingyenesen leadhatj\u00e1k a haszn\u00e1lt t\u0171iket. A <a href=\"https:\/\/www.tugye.hu\/tuterkep\" target=\"_blank\" rel=\"noopener\">T\u0171T\u00e9rk\u00e9p ezen a linken \u00e9rhet\u0151 el<\/a>.<\/p>\n<p>Rengeteg betegcsoport, p\u00e9ld\u00e1ul a cs\u00e1sz\u00e1rmetsz\u00e9sen \u00e1tesett \u00e9desany\u00e1k, a cukorbetegek, a csontt\u00f6r\u00e9s ut\u00e1n l\u00e1badoz\u00f3k, \u00f6sszess\u00e9g\u00e9ben Magyarorsz\u00e1gon naponta t\u00f6bb mint sz\u00e1zezer f\u0151nyi intrav\u00e9n\u00e1s vagy subcutan adagol\u00e1s\u00fa gy\u00f3gyszer felhaszn\u00e1l\u00e1sa t\u00f6rt\u00e9nik a h\u00e1ztart\u00e1sokban (z\u00f6mmel subcutan adagol\u00e1s\u00faak, kisebb r\u00e9szben otthon \u00e1polt betegeknek orvos \u00e1ltal beadott intrav\u00e9n\u00e1s adagol\u00e1s\u00faak) a Tudatos Gy\u00f3gyszerhaszn\u00e1lat Egyes\u00fclet becsl\u00e9se szerint.<\/p>\n<p>A v\u00e9rhig\u00edt\u00f3 injekci\u00f3 bead\u00e1sa megtekinthet\u0151 a Semmelweis Egyetem oktat\u00f3vide\u00f3-sorozat\u00e1nak keret\u00e9ben k\u00e9sz\u00edtett kisfilmben.\u00a0<\/p>\n<p><iframe loading=\"lazy\" title=\"Semmelweis oktat\u00f3vide\u00f3k: V\u00e9rh\u00edg\u00edt\u00f3 injekci\u00f3 bead\u00e1sa\" width=\"753\" height=\"424\" src=\"https:\/\/www.youtube.com\/embed\/Ov6KWOUY9Z8?feature=oembed\" frameborder=\"0\" allow=\"accelerometer; autoplay; clipboard-write; encrypted-media; gyroscope; picture-in-picture\" allowfullscreen><\/iframe><\/p>\n<p>Az injekci\u00f3 bead\u00e1sa ut\u00e1n a vesz\u00e9lyes hullad\u00e9knak min\u0151s\u00fcl\u0151 t\u0171ket sokan a kommun\u00e1lis hullad\u00e9kba dobj\u00e1k, vagy megpr\u00f3b\u00e1lj\u00e1k visszavinni a patik\u00e1ba. A lakoss\u00e1g t\u00e1j\u00e9koztat\u00e1s\u00e1n t\u00fal a T\u0171T\u00e9rk\u00e9p a gy\u00f3gyszer\u00e9szhallgat\u00f3k \u00e9s gy\u00f3gyszer\u00e9szek megsz\u00f3l\u00edt\u00e1s\u00e1ra is t\u00f6rekszik. Mint dr. Kulcs\u00e1r Nikolett fogalmaz: a betegeduk\u00e1ci\u00f3 \u00e9s a gy\u00f3gyszer\u00e9szi gondoz\u00e1s nagyon fontos feladat. Tapasztalataink szerint a laikusoknak ig\u00e9nye \u00e9s sz\u00fcks\u00e9ge is van arra, hogy megb\u00edzhat\u00f3 forr\u00e1sb\u00f3l kapjanak inform\u00e1ci\u00f3t patikusukt\u00f3l, gy\u00f3gyszer\u00e9sz\u00fckt\u0151l \u2013 teszi hozz\u00e1, mi\u00e9rt tartj\u00e1k fontosnak, hogy min\u00e9l t\u00f6bb gy\u00f3gyszer\u00e9szhallgat\u00f3hoz eljusson a kezdem\u00e9nyez\u00e9s\u00fck h\u00edre.<\/p>\n<p>Vas D\u00f3ra<br \/>\nFot\u00f3: Kov\u00e1cs Attila \u2013 Semmelweis Egyetem<\/p>\n","protected":false},"excerpt":{"rendered":"<p>A lakoss\u00e1g t\u00e1j\u00e9koztat\u00e1s\u00e1n t\u00fal a T\u0171T\u00e9rk\u00e9p a gy\u00f3gyszer\u00e9szhallgat\u00f3k \u00e9s gy\u00f3gyszer\u00e9szek megsz\u00f3l\u00edt\u00e1s\u00e1ra is t\u00f6rekszik.<\/p>\n","protected":false},"author":101792,"featured_media":100366,"comment_status":"closed","ping_status":"closed","sticky":false,"template":"","format":"standard","meta":{"_acf_changed":false,"footnotes":""},"categories":[154,168],"tags":[4246],"class_list":["post-100364","post","type-post","status-publish","format-standard","has-post-thumbnail","hentry","category-egeszseg","category-kiemelt","tag-video"],"acf":[],"_links":{"self":[{"href":"https:\/\/semmelweis.hu\/hirek\/wp-json\/wp\/v2\/posts\/100364","targetHints":{"allow":["GET"]}}],"collection":[{"href":"https:\/\/semmelweis.hu\/hirek\/wp-json\/wp\/v2\/posts"}],"about":[{"href":"https:\/\/semmelweis.hu\/hirek\/wp-json\/wp\/v2\/types\/post"}],"author":[{"embeddable":true,"href":"https:\/\/semmelweis.hu\/hirek\/wp-json\/wp\/v2\/users\/101792"}],"replies":[{"embeddable":true,"href":"https:\/\/semmelweis.hu\/hirek\/wp-json\/wp\/v2\/comments?post=100364"}],"version-history":[{"count":9,"href":"https:\/\/semmelweis.hu\/hirek\/wp-json\/wp\/v2\/posts\/100364\/revisions"}],"predecessor-version":[{"id":112583,"href":"https:\/\/semmelweis.hu\/hirek\/wp-json\/wp\/v2\/posts\/100364\/revisions\/112583"}],"wp:featuredmedia":[{"embeddable":true,"href":"https:\/\/semmelweis.hu\/hirek\/wp-json\/wp\/v2\/media\/100366"}],"wp:attachment":[{"href":"https:\/\/semmelweis.hu\/hirek\/wp-json\/wp\/v2\/media?parent=100364"}],"wp:term":[{"taxonomy":"category","embeddable":true,"href":"https:\/\/semmelweis.hu\/hirek\/wp-json\/wp\/v2\/categories?post=100364"},{"taxonomy":"post_tag","embeddable":true,"href":"https:\/\/semmelweis.hu\/hirek\/wp-json\/wp\/v2\/tags?post=100364"}],"curies":[{"name":"wp","href":"https:\/\/api.w.org\/{rel}","templated":true}]}}