{"id":8843,"date":"2020-05-07T12:18:25","date_gmt":"2020-05-07T10:18:25","guid":{"rendered":"https:\/\/semmelweis.hu\/gytk\/?p=8843"},"modified":"2020-05-07T12:19:46","modified_gmt":"2020-05-07T10:19:46","slug":"dr-racz-istvan-alapitvany-palyazat","status":"publish","type":"post","link":"https:\/\/semmelweis.hu\/gytk\/2020\/05\/dr-racz-istvan-alapitvany-palyazat\/","title":{"rendered":"Dr. R\u00e1cz Istv\u00e1n Alap\u00edtv\u00e1ny p\u00e1ly\u00e1zat"},"content":{"rendered":"<p><strong>P\u00e1ly\u00e1zati felh\u00edv\u00e1s<\/strong><\/p>\n<p><strong>\u00a0<\/strong><\/p>\n<p style=\"text-align: justify\">A \u201eDr. R\u00e1cz Istv\u00e1n Alap\u00edtv\u00e1ny\u201d p\u00e1ly\u00e1zatot hirdet PhD hallgat\u00f3k sz\u00e1m\u00e1ra. Dr. R\u00e1cz Istv\u00e1n professzor eml\u00e9k\u00e9re l\u00e9trehozott mag\u00e1nalap\u00edtv\u00e1ny \u2013 els\u0151sorban &#8211; gy\u00f3gyszer\u00e9sz PhD hallgat\u00f3k munk\u00e1j\u00e1nak seg\u00edt\u00e9s\u00e9re p\u00e9nzjutalmat aj\u00e1nl fel, melyet p\u00e1ly\u00e1zat alapj\u00e1n lehet elnyerni.<\/p>\n<p style=\"text-align: justify\">\nA p\u00e1ly\u00e1zat felt\u00e9tele: A PhD fokozat megszerz\u00e9s\u00e9re ir\u00e1nyul\u00f3 tev\u00e9kenys\u00e9g.<\/p>\n<p style=\"text-align: justify\">\nA p\u00e1ly\u00e1zathoz k\u00e9rj\u00fck csatolni:<br \/>\n1. Az eddigi munk\u00e1ss\u00e1g r\u00f6vid \u00f6sszefoglal\u00e1s\u00e1t, tov\u00e1bbi tervek ismertet\u00e9s\u00e9t (c\u00edm, a t\u00e9mavezet\u0151 neve, beoszt\u00e1sa Max. 5 oldal) <br \/>\n2. Szakmai \u00f6n\u00e9letrajzot<br \/>\n3. K\u00f6zlem\u00e9nyek, el\u0151ad\u00e1sok, p\u00e1lyamunk\u00e1k felsorol\u00e1s\u00e1t (k\u00e9rj\u00fck mell\u00e9kelni a legjobbnak \u00edt\u00e9lt publik\u00e1ci\u00f3k k\u00fcl\u00f6nlenyomat\u00e1t)<br \/>\n4. C\u00e9lszer\u0171 t\u00e1mogat\u00f3 javaslatot mell\u00e9kelni.<\/p>\n<p style=\"text-align: justify\"><strong>A p\u00e1ly\u00e1zhat\u00f3 d\u00edj \u00f6sszege: 100.000 forint,<\/strong><strong><br \/>\n<\/strong><br \/>\nA p\u00e1ly\u00e1zatok bead\u00e1si hat\u00e1rideje: 2020. m\u00e1jus 28.<br \/>\nA p\u00e1ly\u00e1zatokat elektronikus \u00faton (e-mailben): <a href=\"mailto:zelko.romana@pharma.semmelweis-univ.hu\">zelko.romana@pharma.semmelweis-univ.hu<\/a> c\u00edmre k\u00e9rj\u00fck eljuttatni. A nyertes p\u00e1ly\u00e1z\u00f3t e-mailben \u00e9s telefonon is \u00e9rtes\u00edtj\u00fck.<\/p>\n<p style=\"text-align: justify\">\na \u201eDr. R\u00e1cz Istv\u00e1n Alap\u00edtv\u00e1ny\u201d<br \/>\nKurat\u00f3riuma<\/p>\n<p style=\"text-align: justify\">\u00a0<\/p>\n","protected":false},"excerpt":{"rendered":"<p>P\u00e1ly\u00e1zati felh\u00edv\u00e1s \u00a0 A \u201eDr. R\u00e1cz Istv\u00e1n Alap\u00edtv\u00e1ny\u201d p\u00e1ly\u00e1zatot hirdet PhD hallgat\u00f3k sz\u00e1m\u00e1ra. Dr. R\u00e1cz Istv\u00e1n professzor eml\u00e9k\u00e9re l\u00e9trehozott mag\u00e1nalap\u00edtv\u00e1ny \u2013 els\u0151sorban &#8211; gy\u00f3gyszer\u00e9sz PhD hallgat\u00f3k munk\u00e1j\u00e1nak seg\u00edt\u00e9s\u00e9re p\u00e9nzjutalmat aj\u00e1nl fel, melyet p\u00e1ly\u00e1zat alapj\u00e1n lehet elnyerni. A p\u00e1ly\u00e1zat felt\u00e9tele: A PhD fokozat megszerz\u00e9s\u00e9re ir\u00e1nyul\u00f3 tev\u00e9kenys\u00e9g. A p\u00e1ly\u00e1zathoz k\u00e9rj\u00fck csatolni: 1. Az eddigi munk\u00e1ss\u00e1g r\u00f6vid \u00f6sszefoglal\u00e1s\u00e1t, &hellip;<\/p>\n","protected":false},"author":101431,"featured_media":7196,"comment_status":"closed","ping_status":"closed","sticky":false,"template":"","format":"standard","meta":{"_acf_changed":false,"footnotes":""},"categories":[24],"tags":[],"class_list":["post-8843","post","type-post","status-publish","format-standard","has-post-thumbnail","hentry","category-palyazat"],"acf":[],"_links":{"self":[{"href":"https:\/\/semmelweis.hu\/gytk\/wp-json\/wp\/v2\/posts\/8843","targetHints":{"allow":["GET"]}}],"collection":[{"href":"https:\/\/semmelweis.hu\/gytk\/wp-json\/wp\/v2\/posts"}],"about":[{"href":"https:\/\/semmelweis.hu\/gytk\/wp-json\/wp\/v2\/types\/post"}],"author":[{"embeddable":true,"href":"https:\/\/semmelweis.hu\/gytk\/wp-json\/wp\/v2\/users\/101431"}],"replies":[{"embeddable":true,"href":"https:\/\/semmelweis.hu\/gytk\/wp-json\/wp\/v2\/comments?post=8843"}],"version-history":[{"count":1,"href":"https:\/\/semmelweis.hu\/gytk\/wp-json\/wp\/v2\/posts\/8843\/revisions"}],"predecessor-version":[{"id":8844,"href":"https:\/\/semmelweis.hu\/gytk\/wp-json\/wp\/v2\/posts\/8843\/revisions\/8844"}],"wp:featuredmedia":[{"embeddable":true,"href":"https:\/\/semmelweis.hu\/gytk\/wp-json\/wp\/v2\/media\/7196"}],"wp:attachment":[{"href":"https:\/\/semmelweis.hu\/gytk\/wp-json\/wp\/v2\/media?parent=8843"}],"wp:term":[{"taxonomy":"category","embeddable":true,"href":"https:\/\/semmelweis.hu\/gytk\/wp-json\/wp\/v2\/categories?post=8843"},{"taxonomy":"post_tag","embeddable":true,"href":"https:\/\/semmelweis.hu\/gytk\/wp-json\/wp\/v2\/tags?post=8843"}],"curies":[{"name":"wp","href":"https:\/\/api.w.org\/{rel}","templated":true}]}}