{"id":8727,"date":"2020-03-03T10:55:56","date_gmt":"2020-03-03T09:55:56","guid":{"rendered":"http:\/\/semmelweis.hu\/gytk\/?p=8727"},"modified":"2020-03-03T10:55:56","modified_gmt":"2020-03-03T09:55:56","slug":"palyazati-felhivas-doktori-ph-d-fokozatot-szerzett-kutatok-szamara","status":"publish","type":"post","link":"https:\/\/semmelweis.hu\/gytk\/2020\/03\/palyazati-felhivas-doktori-ph-d-fokozatot-szerzett-kutatok-szamara\/","title":{"rendered":"P\u00c1LY\u00c1ZATI FELH\u00cdV\u00c1S doktori (Ph.D.) fokozatot szerzett kutat\u00f3k  sz\u00e1m\u00e1ra"},"content":{"rendered":"<p style=\"text-align: justify\"><span style=\"font-size: 12pt\"><strong>Ph.D. p\u00e1ly\u00e1zat<\/strong><\/span><\/p>\n<p style=\"text-align: justify\"><span style=\"font-size: 12pt\">Az Alap\u00edtv\u00e1ny a Magyarorsz\u00e1gi Gy\u00f3gyszerkutat\u00e1s\u00e9rt k\u00f6zhaszn\u00fa szervezet kurat\u00f3riuma p\u00e1ly\u00e1zatot hirdet a 2019. \u00e1prilis 1. \u00e9s 2020. m\u00e1rcius 31. k\u00f6z\u00f6tt doktori (Ph.D.) fokozatot szerzett kutat\u00f3k sz\u00e1m\u00e1ra 100 000 Ft-os kutat\u00e1si t\u00e1mogat\u00e1s elnyer\u00e9s\u00e9re<\/span><\/p>\n<h6 style=\"text-align: justify;padding-left: 280px\"><strong><span style=\"font-size: 12pt\">P\u00c1LY\u00c1ZATI FELH\u00cdV\u00c1S<\/span><\/strong><\/h6>\n<p style=\"text-align: justify\"><span style=\"font-size: 12pt\">Az Alap\u00edtv\u00e1ny a Magyarorsz\u00e1gi Gy\u00f3gyszerkutat\u00e1s\u00e9rt k\u00f6zhaszn\u00fa szervezet kurat\u00f3riuma p\u00e1ly\u00e1zatot hirdet a <strong>2019. \u00e1prilis 1. \u00e9s 2020. m\u00e1rcius 31. k\u00f6z\u00f6tt doktori (Ph.D.) fokozatot szerzett kutat\u00f3k \u00a0sz\u00e1m\u00e1ra <\/strong>100 000 Ft-os kutat\u00e1si t\u00e1mogat\u00e1s elnyer\u00e9s\u00e9re.P\u00e1ly\u00e1zni lehet a k\u00e9mia, a gy\u00f3gyszer\u00e9szet \u00e9s az orvosi tudom\u00e1nyok ter\u00fclet\u00e9n k\u00e9sz\u00edtett <em>gy\u00f3gyszerkutat\u00e1ssal, gy\u00f3gyszerfejleszt\u00e9ssel \u00e9s forgalmaz\u00e1ssal <\/em>foglalkoz\u00f3 doktori disszert\u00e1ci\u00f3 <em>t\u00e9ziseinek bek\u00fcld\u00e9s\u00e9vel<\/em>, amelyhez csatolni kell a <em>disszert\u00e1ci\u00f3 t\u00e9m\u00e1j\u00e1b\u00f3l megjelent k\u00f6zlem\u00e9nyek egy-egy k\u00fcl\u00f6nlenyomat\u00e1t.<\/em><\/span><\/p>\n<p style=\"text-align: justify\"><span style=\"font-size: 12pt\">A p\u00e1ly\u00e1zat tov\u00e1bbi felt\u00e9tele: a disszert\u00e1ci\u00f3 sikeres megv\u00e9d\u00e9s\u00e9t igazol\u00f3 okirat, valamint a jel\u00f6lt szakmai \u00e9letrajza \u00e9s teljes publik\u00e1ci\u00f3s list\u00e1ja.A p\u00e1ly\u00e1zatokat <strong>2020. \u00e1prilis 15-ig<\/strong> kell a kurat\u00f3rium c\u00edm\u00e9re eljuttatni (Dr. Zelk\u00f3 Rom\u00e1na \u201eAz Alap\u00edtv\u00e1ny a Magyarorsz\u00e1gi Gy\u00f3gyszerkutat\u00e1s\u00e9rt\u201d k\u00f6zhaszn\u00fa szervezet kurat\u00f3rium\u00e1nak titk\u00e1ra, 1092 Budapest H\u0151gyes Endre u. 9.)<\/span><\/p>\n<p style=\"text-align: justify\"><span style=\"font-size: 12pt\">A p\u00e1ly\u00e1zatok elb\u00edr\u00e1l\u00e1s\u00e1t a kurat\u00f3rium \u00e1ltal felk\u00e9rt szakemberekb\u0151l \u00e1ll\u00f3 zs\u0171ri v\u00e9gzi. A t\u00e1mogat\u00e1st elnyert kutat\u00f3 megh\u00edv\u00e1st kap a \u201eGy\u00f3gyszerk\u00e9miai \u00e9s Gy\u00f3gyszer-technol\u00f3giai Szimp\u00f3zium 2020\u201d rendezv\u00e9nyre, ahol el\u0151ad\u00e1sban sz\u00e1mol be eredm\u00e9nyeir\u0151l.<\/span><\/p>\n","protected":false},"excerpt":{"rendered":"<p>Ph.D. p\u00e1ly\u00e1zat Az Alap\u00edtv\u00e1ny a Magyarorsz\u00e1gi Gy\u00f3gyszerkutat\u00e1s\u00e9rt k\u00f6zhaszn\u00fa szervezet kurat\u00f3riuma p\u00e1ly\u00e1zatot hirdet a 2019. \u00e1prilis 1. \u00e9s 2020. m\u00e1rcius 31. k\u00f6z\u00f6tt doktori (Ph.D.) fokozatot szerzett kutat\u00f3k sz\u00e1m\u00e1ra 100 000 Ft-os kutat\u00e1si t\u00e1mogat\u00e1s elnyer\u00e9s\u00e9re P\u00c1LY\u00c1ZATI FELH\u00cdV\u00c1S Az Alap\u00edtv\u00e1ny a Magyarorsz\u00e1gi Gy\u00f3gyszerkutat\u00e1s\u00e9rt k\u00f6zhaszn\u00fa szervezet kurat\u00f3riuma p\u00e1ly\u00e1zatot hirdet a 2019. \u00e1prilis 1. \u00e9s 2020. m\u00e1rcius 31. k\u00f6z\u00f6tt doktori &hellip;<\/p>\n","protected":false},"author":101431,"featured_media":8728,"comment_status":"closed","ping_status":"closed","sticky":false,"template":"","format":"standard","meta":{"_acf_changed":false,"footnotes":""},"categories":[24],"tags":[],"class_list":["post-8727","post","type-post","status-publish","format-standard","has-post-thumbnail","hentry","category-palyazat"],"acf":[],"_links":{"self":[{"href":"https:\/\/semmelweis.hu\/gytk\/wp-json\/wp\/v2\/posts\/8727","targetHints":{"allow":["GET"]}}],"collection":[{"href":"https:\/\/semmelweis.hu\/gytk\/wp-json\/wp\/v2\/posts"}],"about":[{"href":"https:\/\/semmelweis.hu\/gytk\/wp-json\/wp\/v2\/types\/post"}],"author":[{"embeddable":true,"href":"https:\/\/semmelweis.hu\/gytk\/wp-json\/wp\/v2\/users\/101431"}],"replies":[{"embeddable":true,"href":"https:\/\/semmelweis.hu\/gytk\/wp-json\/wp\/v2\/comments?post=8727"}],"version-history":[{"count":1,"href":"https:\/\/semmelweis.hu\/gytk\/wp-json\/wp\/v2\/posts\/8727\/revisions"}],"predecessor-version":[{"id":8729,"href":"https:\/\/semmelweis.hu\/gytk\/wp-json\/wp\/v2\/posts\/8727\/revisions\/8729"}],"wp:featuredmedia":[{"embeddable":true,"href":"https:\/\/semmelweis.hu\/gytk\/wp-json\/wp\/v2\/media\/8728"}],"wp:attachment":[{"href":"https:\/\/semmelweis.hu\/gytk\/wp-json\/wp\/v2\/media?parent=8727"}],"wp:term":[{"taxonomy":"category","embeddable":true,"href":"https:\/\/semmelweis.hu\/gytk\/wp-json\/wp\/v2\/categories?post=8727"},{"taxonomy":"post_tag","embeddable":true,"href":"https:\/\/semmelweis.hu\/gytk\/wp-json\/wp\/v2\/tags?post=8727"}],"curies":[{"name":"wp","href":"https:\/\/api.w.org\/{rel}","templated":true}]}}