{"id":8691,"date":"2020-01-30T15:39:02","date_gmt":"2020-01-30T14:39:02","guid":{"rendered":"http:\/\/semmelweis.hu\/gytk\/?p=8691"},"modified":"2020-01-30T15:40:30","modified_gmt":"2020-01-30T14:40:30","slug":"osztrak-magyar-akcio-alapitvany-omaa-palyazati-felhivasa-a-2020-evre","status":"publish","type":"post","link":"https:\/\/semmelweis.hu\/gytk\/2020\/01\/osztrak-magyar-akcio-alapitvany-omaa-palyazati-felhivasa-a-2020-evre\/","title":{"rendered":"Osztr\u00e1k-Magyar AKCI\u00d3 Alap\u00edtv\u00e1ny (OMAA) P\u00c1LY\u00c1ZATI FELH\u00cdV\u00c1SA a 2020. \u00e9vre"},"content":{"rendered":"<p style=\"text-align: center\"><b>Az Osztr\u00e1k-Magyar AKCI\u00d3 Alap\u00edtv\u00e1ny (OMAA)\/<\/b><br \/>\n<b>Stiftung Aktion \u00d6sterreich-Ungarn (A\u00d6U) Kurat\u00f3rium\u00e1nak<\/b><br \/>\n<b>P\u00c1LY\u00c1ZATI FELH\u00cdV\u00c1SA a 2020. \u00e9vre<\/b><\/p>\n<p style=\"text-align: justify\">Az <b>OMAA<\/b>\/A\u00d6U Kurat\u00f3riuma p\u00e1ly\u00e1zatot hirdet <b>ausztriai \u00e9s magyarorsz\u00e1gi <\/b>tudom\u00e1nyos kutat\u00e1si \u00e9s fels\u0151oktat\u00e1si ter\u00fcleten folytatott <b>egy\u00fcttm\u0171k\u00f6d\u00e9sek t\u00e1mogat\u00e1s\u00e1ra <\/b>\u00e9s <b>ausztriai \u00f6szt\u00f6nd\u00edjas <\/b>tart\u00f3zkod\u00e1sra.<br \/>\nAz \u00f6szt\u00f6nd\u00edjas program keret\u00e9ben, kutat\u00f3i, egyetemi oktat\u00f3i, PhD-hallgat\u00f3i ausztriai \u00f6szt\u00f6nd\u00edjak p\u00e1ly\u00e1zhat\u00f3k meg <b>n\u00e9met nyelven.<\/b><br \/>\nAz projektp\u00e1ly\u00e1zatok keret\u00e9ben t\u00f6rt\u00e9n\u0151 egy\u00fcttm\u0171k\u00f6d\u00e9s sor\u00e1n k\u00f6z\u00f6s tudom\u00e1nyos kutat\u00e1si \u00e9s fels\u0151oktat\u00e1si folyamatok lebonyol\u00edt\u00e1s\u00e1nak t\u00e1mogat\u00e1s\u00e1ra ny\u00fajthat\u00f3 be p\u00e1ly\u00e1zat <b>n\u00e9met nyelven.<\/b><br \/>\n<b><i><\/i><\/b><\/p>\n<p style=\"text-align: center\"><b><i>P\u00e1ly\u00e1zati lehet\u0151s\u00e9gek \u00e9s hat\u00e1rid\u0151k:<\/i><\/b><br \/>\n<b><\/b><\/p>\n<p style=\"padding-left: 40px;text-align: justify\"><b>1. R\u00f6vid (3 napos) fels\u0151oktat\u00e1sban oktat\u00f3, kutat\u00f3i \u00f6szt\u00f6nd\u00edjakra:<\/b><br \/>\n<b>\u00a0 \u00a0 \u00a0 \u00a0 \u00a0 \u00a0 \u00a0 \u00a0 \u00a0 \u00a0 \u00a0 \u00a0 \u00a0 \u00a0 \u00a0 \u00a0 \u00a0 \u00a0 \u00a0 \u00a0 \u00a0 \u00a0 2020-ban folyamatosan<\/b><br \/>\n<b><\/b><\/p>\n<p style=\"padding-left: 40px;text-align: justify\"><b>2. Fels\u0151oktat\u00e1s oktat\u00f3i, kutat\u00f3i 1 h\u00f3napos \u00f6szt\u00f6nd\u00edjaira:<\/b><br \/>\n<b>\u00a0 \u00a0 2020. m\u00e1rcius 15, m\u00e1jus 15, okt\u00f3ber 30. \u00e9s december 15.<\/b><br \/>\n<b><\/b><\/p>\n<p style=\"padding-left: 40px;text-align: justify\"><b>3. Szemeszter- \u00d6szt\u00f6nd\u00edjak PhD-hallgat\u00f3k r\u00e9sz\u00e9re:<\/b><br \/>\n<b>\u00a0 \u00a0 \u00a0 \u00a0 \u00a0 \u00a0 \u00a0 \u00a0 \u00a0 \u00a0 \u00a0 \u00a0 \u00a0 \u00a0 \u00a0 \u00a0 \u00a0 \u00a0 \u00a0 \u00a0 \u00a0 \u00a0 2020. m\u00e1rcius 15 \u00e9s okt\u00f3ber 30.<\/b><br \/>\n<b><\/b><\/p>\n<p style=\"padding-left: 40px;text-align: justify\"><b>4. Osztr\u00e1k-magyar egy\u00fcttm\u0171k\u00f6d\u00e9si PROJEKTP\u00c1LY\u00c1ZATOKRA:<\/b><br \/>\n<b>\u00a0 \u00a0 2020. m\u00e1rcius 15., m\u00e1jus 15. \u00e9s okt\u00f3ber 30.<\/b><\/p>\n<p style=\"padding-left: 40px;text-align: justify\">\u00a0<\/p>\n<table style=\"border-collapse: collapse;width: 100%\">\n<tbody>\n<tr>\n<td style=\"width: 100%\">\n<p style=\"text-align: justify\">P\u00e1ly\u00e1zataink teljes sz\u00f6vege megtal\u00e1lhat\u00f3:<br \/>\n<b>http:\/\/www.omaa.hu<\/b><\/p>\n<p style=\"text-align: justify\">Inform\u00e1ci\u00f3 az <b>alap\u00edtv\u00e1ny <\/b>Titk\u00e1rs\u00e1g\u00e1n k\u00e9rhet\u0151:<br \/>\nE-mail:<b>omaa@omaa.hu<\/b><br \/>\n<b>H-1088 Budapest, Br\u00f3dy S\u00e1ndor utca 16., +361 266 7475<\/b><\/p>\n<\/td>\n<\/tr>\n<\/tbody>\n<\/table>\n<p><b><\/b><\/p>\n<p>Az Osztr\u00e1k Magyar Akci\u00f3 Alap\u00edtv\u00e1ny az Innov\u00e1ci\u00f3s \u00e9s Technol\u00f3giai Miniszt\u00e9rium <b>www.itm.gov.hu <\/b>\u00e9s a<br \/>\nBundesministerium f\u00fcr Bildung, Wissenschaft und Forschung, <b>www.bmbwf.gv.at <\/b>t\u00e1mogat\u00e1s\u00e1val m\u0171k\u00f6dik.<\/p>\n<p>Az eredeti p\u00e1ly\u00e1zat let\u00f6lthet\u0151 <a href=\"https:\/\/semmelweis.hu\/gytk\/files\/2020\/01\/OMAA-Kurat\u00f3riumi-ki\u00edr\u00e1s-2020.pdf\" target=\"_blank\" rel=\"noopener noreferrer\">innen<\/a><\/p>\n","protected":false},"excerpt":{"rendered":"<p>Az Osztr\u00e1k-Magyar AKCI\u00d3 Alap\u00edtv\u00e1ny (OMAA)\/ Stiftung Aktion \u00d6sterreich-Ungarn (A\u00d6U) Kurat\u00f3rium\u00e1nak P\u00c1LY\u00c1ZATI FELH\u00cdV\u00c1SA a 2020. \u00e9vre Az OMAA\/A\u00d6U Kurat\u00f3riuma p\u00e1ly\u00e1zatot hirdet ausztriai \u00e9s magyarorsz\u00e1gi tudom\u00e1nyos kutat\u00e1si \u00e9s fels\u0151oktat\u00e1si ter\u00fcleten folytatott egy\u00fcttm\u0171k\u00f6d\u00e9sek t\u00e1mogat\u00e1s\u00e1ra \u00e9s ausztriai \u00f6szt\u00f6nd\u00edjas tart\u00f3zkod\u00e1sra. Az \u00f6szt\u00f6nd\u00edjas program keret\u00e9ben, kutat\u00f3i, egyetemi oktat\u00f3i, PhD-hallgat\u00f3i ausztriai \u00f6szt\u00f6nd\u00edjak p\u00e1ly\u00e1zhat\u00f3k meg n\u00e9met nyelven. Az projektp\u00e1ly\u00e1zatok keret\u00e9ben t\u00f6rt\u00e9n\u0151 egy\u00fcttm\u0171k\u00f6d\u00e9s sor\u00e1n &hellip;<\/p>\n","protected":false},"author":101431,"featured_media":0,"comment_status":"closed","ping_status":"closed","sticky":false,"template":"","format":"standard","meta":{"_acf_changed":false,"footnotes":""},"categories":[24],"tags":[],"class_list":["post-8691","post","type-post","status-publish","format-standard","hentry","category-palyazat"],"acf":[],"_links":{"self":[{"href":"https:\/\/semmelweis.hu\/gytk\/wp-json\/wp\/v2\/posts\/8691","targetHints":{"allow":["GET"]}}],"collection":[{"href":"https:\/\/semmelweis.hu\/gytk\/wp-json\/wp\/v2\/posts"}],"about":[{"href":"https:\/\/semmelweis.hu\/gytk\/wp-json\/wp\/v2\/types\/post"}],"author":[{"embeddable":true,"href":"https:\/\/semmelweis.hu\/gytk\/wp-json\/wp\/v2\/users\/101431"}],"replies":[{"embeddable":true,"href":"https:\/\/semmelweis.hu\/gytk\/wp-json\/wp\/v2\/comments?post=8691"}],"version-history":[{"count":3,"href":"https:\/\/semmelweis.hu\/gytk\/wp-json\/wp\/v2\/posts\/8691\/revisions"}],"predecessor-version":[{"id":8695,"href":"https:\/\/semmelweis.hu\/gytk\/wp-json\/wp\/v2\/posts\/8691\/revisions\/8695"}],"wp:attachment":[{"href":"https:\/\/semmelweis.hu\/gytk\/wp-json\/wp\/v2\/media?parent=8691"}],"wp:term":[{"taxonomy":"category","embeddable":true,"href":"https:\/\/semmelweis.hu\/gytk\/wp-json\/wp\/v2\/categories?post=8691"},{"taxonomy":"post_tag","embeddable":true,"href":"https:\/\/semmelweis.hu\/gytk\/wp-json\/wp\/v2\/tags?post=8691"}],"curies":[{"name":"wp","href":"https:\/\/api.w.org\/{rel}","templated":true}]}}