{"id":7412,"date":"2019-06-11T13:15:02","date_gmt":"2019-06-11T11:15:02","guid":{"rendered":"http:\/\/semmelweis.hu\/gytk\/?p=7412"},"modified":"2019-06-11T13:16:35","modified_gmt":"2019-06-11T11:16:35","slug":"gyogyszertechnologiai-es-ipari-gyogyszereszeti-konferencia-2019","status":"publish","type":"post","link":"https:\/\/semmelweis.hu\/gytk\/2019\/06\/gyogyszertechnologiai-es-ipari-gyogyszereszeti-konferencia-2019\/","title":{"rendered":"Gy\u00f3gyszertechnol\u00f3giai \u00e9s Ipari Gy\u00f3gyszer\u00e9szeti Konferencia 2019"},"content":{"rendered":"<p><a href=\"https:\/\/semmelweis.hu\/gytk\/files\/2019\/06\/2019_konferencia_felh\u00edv\u00e1s.pdf\" target=\"_blank\" rel=\"noopener noreferrer\">2019_konferencia_felh\u00edv\u00e1s<\/a><\/p>\n","protected":false},"excerpt":{"rendered":"<p><a href=\"https:\/\/semmelweis.hu\/gytk\/files\/2019\/06\/2019_konferencia_felh\u00edv\u00e1s.pdf\" target=\"_blank\" rel=\"noopener noreferrer\">2019_konferencia_felh\u00edv\u00e1s<\/a><\/p>\n","protected":false},"author":101431,"featured_media":0,"comment_status":"closed","ping_status":"closed","sticky":false,"template":"","format":"standard","meta":{"_acf_changed":false,"footnotes":""},"categories":[24],"tags":[],"class_list":["post-7412","post","type-post","status-publish","format-standard","hentry","category-palyazat"],"acf":[],"_links":{"self":[{"href":"https:\/\/semmelweis.hu\/gytk\/wp-json\/wp\/v2\/posts\/7412","targetHints":{"allow":["GET"]}}],"collection":[{"href":"https:\/\/semmelweis.hu\/gytk\/wp-json\/wp\/v2\/posts"}],"about":[{"href":"https:\/\/semmelweis.hu\/gytk\/wp-json\/wp\/v2\/types\/post"}],"author":[{"embeddable":true,"href":"https:\/\/semmelweis.hu\/gytk\/wp-json\/wp\/v2\/users\/101431"}],"replies":[{"embeddable":true,"href":"https:\/\/semmelweis.hu\/gytk\/wp-json\/wp\/v2\/comments?post=7412"}],"version-history":[{"count":2,"href":"https:\/\/semmelweis.hu\/gytk\/wp-json\/wp\/v2\/posts\/7412\/revisions"}],"predecessor-version":[{"id":7417,"href":"https:\/\/semmelweis.hu\/gytk\/wp-json\/wp\/v2\/posts\/7412\/revisions\/7417"}],"wp:attachment":[{"href":"https:\/\/semmelweis.hu\/gytk\/wp-json\/wp\/v2\/media?parent=7412"}],"wp:term":[{"taxonomy":"category","embeddable":true,"href":"https:\/\/semmelweis.hu\/gytk\/wp-json\/wp\/v2\/categories?post=7412"},{"taxonomy":"post_tag","embeddable":true,"href":"https:\/\/semmelweis.hu\/gytk\/wp-json\/wp\/v2\/tags?post=7412"}],"curies":[{"name":"wp","href":"https:\/\/api.w.org\/{rel}","templated":true}]}}