{"id":7194,"date":"2019-05-09T11:13:40","date_gmt":"2019-05-09T09:13:40","guid":{"rendered":"http:\/\/semmelweis.hu\/gytk\/?p=7194"},"modified":"2019-05-09T13:08:18","modified_gmt":"2019-05-09T11:08:18","slug":"dr-racz-istvan-alapitvany","status":"publish","type":"post","link":"https:\/\/semmelweis.hu\/gytk\/2019\/05\/dr-racz-istvan-alapitvany\/","title":{"rendered":"Dr. R\u00e1cz Istv\u00e1n Alap\u00edtv\u00e1ny"},"content":{"rendered":"<p><strong>P\u00e1ly\u00e1zati felh\u00edv\u00e1s<\/strong><\/p>\n<p><strong>\u00a0<\/strong><\/p>\n<p>A \u201eDr. R\u00e1cz Istv\u00e1n Alap\u00edtv\u00e1ny\u201d p\u00e1ly\u00e1zatot hirdet PhD hallgat\u00f3k sz\u00e1m\u00e1ra. Dr. R\u00e1cz Istv\u00e1n professzor eml\u00e9k\u00e9re l\u00e9trehozott mag\u00e1nalap\u00edtv\u00e1ny \u2013 els\u0151sorban &#8211; gy\u00f3gyszer\u00e9sz PhD hallgat\u00f3k munk\u00e1j\u00e1nak seg\u00edt\u00e9s\u00e9re p\u00e9nzjutalmat aj\u00e1nl fel, melyet p\u00e1ly\u00e1zat alapj\u00e1n lehet elnyerni.<\/p>\n<p>\nA p\u00e1ly\u00e1zat felt\u00e9tele: A PhD fokozat megszerz\u00e9s\u00e9re ir\u00e1nyul\u00f3 tev\u00e9kenys\u00e9g.<\/p>\n<p>\nA p\u00e1ly\u00e1zathoz k\u00e9rj\u00fck csatolni:<br \/>\n1. Az eddigi munk\u00e1ss\u00e1g r\u00f6vid \u00f6sszefoglal\u00e1s\u00e1t, tov\u00e1bbi tervek ismertet\u00e9s\u00e9t (c\u00edm, a t\u00e9mavezet\u0151 neve, beoszt\u00e1sa Max. 5 oldal) <br \/>\n2. Szakmai \u00f6n\u00e9letrajzot<br \/>\n3. K\u00f6zlem\u00e9nyek, el\u0151ad\u00e1sok, p\u00e1lyamunk\u00e1k felsorol\u00e1s\u00e1t (k\u00e9rj\u00fck mell\u00e9kelni a legjobbnak \u00edt\u00e9lt publik\u00e1ci\u00f3k k\u00fcl\u00f6nlenyomat\u00e1t)<br \/>\n4. C\u00e9lszer\u0171 t\u00e1mogat\u00f3 javaslatot mell\u00e9kelni.<br \/>\nA d\u00edj \u00e9vente egy alkalommal, Semmelweis napon \u00fcnnep\u00e9lyes keretek k\u00f6z\u00f6tt ker\u00fcl \u00e1tad\u00e1sra, melyen a nyertes r\u00e9szv\u00e9tele elv\u00e1rt. (Semmelweis Egyetem NET 2019. j\u00fanius 28-\u00e1n p\u00e9ntek Semmelweis napi esem\u00e9nysorozat, k\u00f6zponti \u00fcnneps\u00e9g).<\/p>\n<p><strong>A p\u00e1ly\u00e1zhat\u00f3 d\u00edj \u00f6sszege: 100.000 forint,<\/strong><strong><br \/>\n<\/strong><br \/>\nA p\u00e1ly\u00e1zatok bead\u00e1si hat\u00e1rideje: 2019. m\u00e1jus 27<br \/>\nA p\u00e1ly\u00e1zatokat elektronikus \u00faton (e-mailben): <a href=\"mailto:istvan@uniapotheke.at\">istvan@uniapotheke.at<\/a> \u00e9s <a href=\"mailto:racz.alapitvany@gmail.com\">racz.alapitvany@gmail.com<\/a> c\u00edmekre k\u00e9rj\u00fck eljuttatni. A nyertes p\u00e1ly\u00e1z\u00f3t e-mailben \u00e9s telefonon is \u00e9rtes\u00edtj\u00fck.<br \/>\nBudapest, 2019 \u00e1prilis 15.<\/p>\n<p>\na \u201eDr. R\u00e1cz Istv\u00e1n Alap\u00edtv\u00e1ny\u201d<br \/>\nKurat\u00f3riuma<\/p>\n","protected":false},"excerpt":{"rendered":"<p>P\u00e1ly\u00e1zati felh\u00edv\u00e1s \u00a0 A \u201eDr. R\u00e1cz Istv\u00e1n Alap\u00edtv\u00e1ny\u201d p\u00e1ly\u00e1zatot hirdet PhD hallgat\u00f3k sz\u00e1m\u00e1ra. Dr. R\u00e1cz Istv\u00e1n professzor eml\u00e9k\u00e9re l\u00e9trehozott mag\u00e1nalap\u00edtv\u00e1ny \u2013 els\u0151sorban &#8211; gy\u00f3gyszer\u00e9sz PhD hallgat\u00f3k munk\u00e1j\u00e1nak seg\u00edt\u00e9s\u00e9re p\u00e9nzjutalmat aj\u00e1nl fel, melyet p\u00e1ly\u00e1zat alapj\u00e1n lehet elnyerni. A p\u00e1ly\u00e1zat felt\u00e9tele: A PhD fokozat megszerz\u00e9s\u00e9re ir\u00e1nyul\u00f3 tev\u00e9kenys\u00e9g. A p\u00e1ly\u00e1zathoz k\u00e9rj\u00fck csatolni: 1. Az eddigi munk\u00e1ss\u00e1g r\u00f6vid \u00f6sszefoglal\u00e1s\u00e1t, &hellip;<\/p>\n","protected":false},"author":101431,"featured_media":7196,"comment_status":"closed","ping_status":"closed","sticky":false,"template":"","format":"standard","meta":{"_acf_changed":false,"footnotes":""},"categories":[24],"tags":[],"class_list":["post-7194","post","type-post","status-publish","format-standard","has-post-thumbnail","hentry","category-palyazat"],"acf":[],"_links":{"self":[{"href":"https:\/\/semmelweis.hu\/gytk\/wp-json\/wp\/v2\/posts\/7194","targetHints":{"allow":["GET"]}}],"collection":[{"href":"https:\/\/semmelweis.hu\/gytk\/wp-json\/wp\/v2\/posts"}],"about":[{"href":"https:\/\/semmelweis.hu\/gytk\/wp-json\/wp\/v2\/types\/post"}],"author":[{"embeddable":true,"href":"https:\/\/semmelweis.hu\/gytk\/wp-json\/wp\/v2\/users\/101431"}],"replies":[{"embeddable":true,"href":"https:\/\/semmelweis.hu\/gytk\/wp-json\/wp\/v2\/comments?post=7194"}],"version-history":[{"count":3,"href":"https:\/\/semmelweis.hu\/gytk\/wp-json\/wp\/v2\/posts\/7194\/revisions"}],"predecessor-version":[{"id":7199,"href":"https:\/\/semmelweis.hu\/gytk\/wp-json\/wp\/v2\/posts\/7194\/revisions\/7199"}],"wp:featuredmedia":[{"embeddable":true,"href":"https:\/\/semmelweis.hu\/gytk\/wp-json\/wp\/v2\/media\/7196"}],"wp:attachment":[{"href":"https:\/\/semmelweis.hu\/gytk\/wp-json\/wp\/v2\/media?parent=7194"}],"wp:term":[{"taxonomy":"category","embeddable":true,"href":"https:\/\/semmelweis.hu\/gytk\/wp-json\/wp\/v2\/categories?post=7194"},{"taxonomy":"post_tag","embeddable":true,"href":"https:\/\/semmelweis.hu\/gytk\/wp-json\/wp\/v2\/tags?post=7194"}],"curies":[{"name":"wp","href":"https:\/\/api.w.org\/{rel}","templated":true}]}}