{"id":662,"date":"2014-10-07T13:42:37","date_gmt":"2014-10-07T11:42:37","guid":{"rendered":"http:\/\/semmelweis.hu\/gytk\/?p=662"},"modified":"2014-10-08T12:46:53","modified_gmt":"2014-10-08T10:46:53","slug":"kaad-osztondijak-nemetorszagi-tanulmanyokhoz-es-kutatasokhoz","status":"publish","type":"post","link":"https:\/\/semmelweis.hu\/gytk\/2014\/10\/kaad-osztondijak-nemetorszagi-tanulmanyokhoz-es-kutatasokhoz\/","title":{"rendered":"KAAD \u00d6SZT\u00d6ND\u00cdJAK n\u00e9metorsz\u00e1gi tanulm\u00e1nyokhoz \u00e9s kutat\u00e1sokhoz"},"content":{"rendered":"<p>Katholischer Akademischer Ausl\u00e4nder-Dienst (KAAD) \u00d6SZT\u00d6ND\u00cdJAK n\u00e9metorsz\u00e1gi tanulm\u00e1nyokhoz \u00e9s kutat\u00e1sokhoz kereszt\u00e9ny di\u00e1kok (6 lez\u00e1rt szemeszter ut\u00e1n), v\u00e9gz\u0151s\u00f6k,doktoranduszok \u00e9s kutat\u00f3k sz\u00e1m\u00e1ra<\/p>\n<p>A KAAD, a n\u00e9metorsz\u00e1gi Katolikus P\u00fcsp\u00f6ki Konferencia \u00f6szt\u00f6nd\u00edjszervezete 50 \u00e9ve adom\u00e1nyoz tanulm\u00e1nyi \u00e9s kutat\u00f3i \u00f6szt\u00f6nd\u00edjakat olyan ifj\u00fa akad\u00e9mikusok sz\u00e1m\u00e1ra, akik magukat katolikusnak vallj\u00e1k (de egyh\u00e1zi alkalmaz\u00e1son k\u00edv\u00fcl\u00e1ll\u00f3k). Eddig 120 orsz\u00e1gban t\u00f6bb mint 8000 szem\u00e9ly r\u00e9szes\u00fclt a szervezet t\u00e1mogat\u00e1s\u00e1ban. Ma m\u00e1r egy vil\u00e1got \u00e1t\u00f6lel\u0151 partner- \u00e9s kapcsolath\u00e1l\u00f3zat \u00e1ll az \u00f6szt\u00f6nd\u00edjasok \u00e9s a jelentkez\u0151k rendelkez\u00e9s\u00e9re.<\/p>\n<p>A Kelet-Eur\u00f3pa Program keret\u00e9ben \u00e9vente k\u00e9tszer (m\u00e1rciusban \u00e9s szeptemberben) p\u00e1ly\u00e1zhat\u00f3 \u00f6szt\u00f6nd\u00edj k\u00fclf\u00f6ldi tanulm\u00e1nyok folytat\u00e1s\u00e1hoz, tudom\u00e1nyos tov\u00e1bbk\u00e9pz\u00e9sekhez, illetve kutat\u00e1sokhoz. Az \u00e9rdekl\u0151d\u0151k az \u00e1ltaluk szabadon v\u00e1lasztott n\u00e9met egyetemen, kutat\u00f3int\u00e9zetben, lev\u00e9lt\u00e1rban, klinik\u00e1n, stb. folytathatj\u00e1k tov\u00e1bbk\u00e9pz\u00e9s\u00fcket.<\/p>\n<p>Az \u00f6szt\u00f6nd\u00edjak b\u00e1rmely szakter\u00fclet sz\u00e1m\u00e1ra adom\u00e1nyozhat\u00f3k (kiv\u00e9telt csup\u00e1n a papok-, lelkip\u00e1sztori kiseg\u00edt\u0151k, ill. szerzetesrendek tagjainak k\u00e9pz\u00e9se, valamint a teol\u00f3giai doktori fokozat megszerz\u00e9s\u00e9nek t\u00e1mogat\u00e1sa k\u00e9pez).<\/p>\n<p>&nbsp;<\/p>\n<p><strong>T\u00f6bbek k\u00f6z\u00f6tt a k\u00f6vetkez\u0151 mell\u00e9kletek sz\u00fcks\u00e9gesek a p\u00e1ly\u00e1zathoz:<\/strong><\/p>\n<ol>\n<li>Jelentkez\u00e9si formanyomtatv\u00e1ny (egyenesen a KAAD-nak k\u00fcldend\u0151 el),<\/li>\n<li>Kutat\u00e1si \/ tanulm\u00e1nyi terv (tanulm\u00e1nyok, tov\u00e1bbk\u00e9pz\u00e9s vagy kutat\u00e1s c\u00e9lja),<\/li>\n<li>Szakmai aj\u00e1nl\u00e1s 2 hazai professzort\u00f3l,<\/li>\n<li>Fogad\u00f3nyilatkozat a n\u00e9metorsz\u00e1gi oktat\u00f3t\u00f3l vagy int\u00e9zett\u0151l,<\/li>\n<li>Lelkip\u00e1sztori aj\u00e1nl\u00e1s a p\u00e1ly\u00e1z\u00f3 egyh\u00e1zk\u00f6zs\u00e9g\u00e9b\u0151l,<\/li>\n<li>N\u00e9met nyelvismeret igazol\u00e1sa.<\/li>\n<\/ol>\n<p>&nbsp;<\/p>\n<p><strong>\u00d6szt\u00f6nd\u00edjak id\u0151tartama: 2-36 h\u00f3nap; <\/strong><\/p>\n<p><strong>\u00d6szt\u00f6nd\u00edj \u00f6sszege: 750-2000 EUR\/h\u00f3<\/strong><\/p>\n<p>Az \u00f6szt\u00f6nd\u00edjon t\u00fal a KAAD az utaz\u00e1si k\u00f6lts\u00e9geket N\u00e9metorsz\u00e1gba (egyszeri oda-vissza \u00fat) megt\u00e9r\u00edti, valamint hozz\u00e1j\u00e1rul a betegbiztos\u00edt\u00e1shoz.<\/p>\n<p>Jelentkez\u00e9si nyomtatv\u00e1nyok \u00e9s r\u00e9szletes inform\u00e1ci\u00f3k a Kelet- Eur\u00f3pa<strong> (Osteuropa, OP) programr\u00f3l a <\/strong><a href=\"mailto:Radwanski@kaad.de\">Radwanski@kaad.de<\/a> <strong>e-mail c\u00edmen, illetve postai \u00faton ig\u00e9nyelhet\u0151k:<\/strong><\/p>\n<p>KAAD \/ Osteuropaprogramm, Hausdorffstr. 151 D- 53129 Bonn, Tel.: +49 228 91758-33, Fax: +49 228 9175858<\/p>\n<p>Tov\u00e1bbi inform\u00e1ci\u00f3k: <a href=\"http:\/\/kaad.de\/stipendien\/osteuropaprogramm\/\">http:\/\/kaad.de\/stipendien\/osteuropaprogramm\/<\/a><\/p>\n<p><strong>A k\u00e9sz p\u00e1ly\u00e1zatokat<\/strong> <strong>j\u00fanius 30-ig illetve janu\u00e1r 15-ig kell a KAAD-nak, \u00e9s p\u00e1rhuzamosan a KAAD partnereknek megk\u00fcldeni.<\/strong><\/p>\n<p><strong>http:\/\/kaadbonn.de\/stipendien\/osteuropaprogramm\/<\/strong><\/p>\n<p>Az \u00f6szt\u00f6nd\u00edjbizotts\u00e1g m\u00e1rcius v\u00e9g\u00e9n, ill. szeptember v\u00e9g\u00e9n d\u00f6nt a k\u00e9rv\u00e9nyekr\u0151l, melynek eredm\u00e9ny\u00e9r\u0151l a p\u00e1ly\u00e1z\u00f3t azonnal \u00e9rtes\u00edtik.<\/p>\n<p>Word f\u00e1jl:<br \/>\n<a href=\"https:\/\/semmelweis.hu\/gytk\/files\/2014\/10\/KAAD_osztondij_info.doc\">KAAD_osztondij_info<\/a><\/p>\n","protected":false},"excerpt":{"rendered":"<p>Katholischer Akademischer Ausl\u00e4nder-Dienst (KAAD) \u00d6SZT\u00d6ND\u00cdJAK n\u00e9metorsz\u00e1gi tanulm\u00e1nyokhoz \u00e9s kutat\u00e1sokhoz kereszt\u00e9ny di\u00e1kok (6 lez\u00e1rt szemeszter ut\u00e1n), v\u00e9gz\u0151s\u00f6k,doktoranduszok \u00e9s kutat\u00f3k sz\u00e1m\u00e1ra A KAAD, a n\u00e9metorsz\u00e1gi Katolikus P\u00fcsp\u00f6ki Konferencia \u00f6szt\u00f6nd\u00edjszervezete 50 \u00e9ve adom\u00e1nyoz tanulm\u00e1nyi \u00e9s kutat\u00f3i \u00f6szt\u00f6nd\u00edjakat olyan ifj\u00fa akad\u00e9mikusok sz\u00e1m\u00e1ra, akik magukat katolikusnak vallj\u00e1k (de egyh\u00e1zi alkalmaz\u00e1son k\u00edv\u00fcl\u00e1ll\u00f3k). Eddig 120 orsz\u00e1gban t\u00f6bb mint 8000 szem\u00e9ly r\u00e9szes\u00fclt a &hellip;<\/p>\n","protected":false},"author":159,"featured_media":0,"comment_status":"open","ping_status":"open","sticky":false,"template":"","format":"standard","meta":{"_acf_changed":false,"footnotes":""},"categories":[1],"tags":[],"class_list":["post-662","post","type-post","status-publish","format-standard","hentry","category-hirek"],"acf":[],"_links":{"self":[{"href":"https:\/\/semmelweis.hu\/gytk\/wp-json\/wp\/v2\/posts\/662","targetHints":{"allow":["GET"]}}],"collection":[{"href":"https:\/\/semmelweis.hu\/gytk\/wp-json\/wp\/v2\/posts"}],"about":[{"href":"https:\/\/semmelweis.hu\/gytk\/wp-json\/wp\/v2\/types\/post"}],"author":[{"embeddable":true,"href":"https:\/\/semmelweis.hu\/gytk\/wp-json\/wp\/v2\/users\/159"}],"replies":[{"embeddable":true,"href":"https:\/\/semmelweis.hu\/gytk\/wp-json\/wp\/v2\/comments?post=662"}],"version-history":[{"count":2,"href":"https:\/\/semmelweis.hu\/gytk\/wp-json\/wp\/v2\/posts\/662\/revisions"}],"predecessor-version":[{"id":664,"href":"https:\/\/semmelweis.hu\/gytk\/wp-json\/wp\/v2\/posts\/662\/revisions\/664"}],"wp:attachment":[{"href":"https:\/\/semmelweis.hu\/gytk\/wp-json\/wp\/v2\/media?parent=662"}],"wp:term":[{"taxonomy":"category","embeddable":true,"href":"https:\/\/semmelweis.hu\/gytk\/wp-json\/wp\/v2\/categories?post=662"},{"taxonomy":"post_tag","embeddable":true,"href":"https:\/\/semmelweis.hu\/gytk\/wp-json\/wp\/v2\/tags?post=662"}],"curies":[{"name":"wp","href":"https:\/\/api.w.org\/{rel}","templated":true}]}}