{"id":6371,"date":"2018-10-31T14:42:29","date_gmt":"2018-10-31T13:42:29","guid":{"rendered":"http:\/\/semmelweis.hu\/gytk\/?p=6371"},"modified":"2018-10-31T14:47:39","modified_gmt":"2018-10-31T13:47:39","slug":"karpat-medencei-tehetsegkutato-alapitvany","status":"publish","type":"post","link":"https:\/\/semmelweis.hu\/gytk\/2018\/10\/karpat-medencei-tehetsegkutato-alapitvany\/","title":{"rendered":"K\u00e1rp\u00e1t-medencei Tehets\u00e9gkutat\u00f3 Alap\u00edtv\u00e1ny"},"content":{"rendered":"<p style=\"text-align: justify\"><strong>Alap\u00edtv\u00e1nyunk 2014 \u00f3ta van jelen a tehets\u00e9ggondoz\u00e1s ter\u00fclet\u00e9n. K\u00fcldet\u00e9s\u00fcnk a K\u00e1rp\u00e1t-medenc\u00e9ben tanul\u00f3 magyar 14 \u2013 30 \u00e9v k\u00f6z\u00f6tti kiemelked\u0151en tehets\u00e9ges fiatalok felkutat\u00e1sa \u00e9s olyan t\u00e1mogat\u00f3 k\u00f6rnyezet megteremt\u00e9se, amellyel <\/strong><strong>hozz\u00e1seg\u00edtj\u00fck \u0151ket ahhoz, hogy az \u00e1ltaluk v\u00e1lasztott tudom\u00e1nyter\u00fclet egy \u00e1g\u00e1r\u00f3l m\u00e9g m\u00e9lyebb tud\u00e1st szerezzenek \u00e9s fejlessz\u00e9k az ehhez sz\u00fcks\u00e9ges k\u00e9pess\u00e9geiket. Alapelv\u00fcnk, hogy minden programunkban r\u00e9sztvev\u0151 di\u00e1k szem\u00e9lyes figyelemben r\u00e9szes\u00fclj\u00f6n, \u00e9s specializ\u00e1lt, teljes m\u00e9rt\u00e9kben egy\u00e9nre szabott fejleszt\u00e9sben vehessen r\u00e9szt. Emellett megk\u00fcl\u00f6nb\u00f6ztetett figyelmet szentel\u00fcnk a kult\u00fara nevel\u0151 \u00e9s identit\u00e1steremt\u0151 erej\u00e9nek \u00edgy p\u00e9ld\u00e1ul sz\u00ednh\u00e1z- vagy operal\u00e1togat\u00e1snak is. <\/strong><\/p>\n<p style=\"text-align: justify\">Hisz\u00fcnk abban, hogy a tehets\u00e9ges fiatalok t\u00e1mogat\u00e1sa a kulcsa az \u00e9rt\u00e9k alap\u00fa j\u00f6v\u0151 biztos\u00edt\u00e1s\u00e1nak. Fontosnak tartjuk, hogy az \u00e1ltalunk t\u00e1mogatott, kiemelked\u0151en tehets\u00e9ges \u00f6szt\u00f6nd\u00edjasaink hat\u00e1rok n\u00e9lk\u00fcl, maxim\u00e1lisan kibontakoztathass\u00e1k tud\u00e1sukat. Programunkba eddig a tudom\u00e1ny \u00e9s a m\u0171v\u00e9szet szinte minden ter\u00fclet\u00e9r\u0151l vett\u00fcnk fel di\u00e1kokat.\u00a0<\/p>\n<p style=\"text-align: justify\">A kiv\u00e1lasztott tehets\u00e9gek r\u00e9sz\u00e9re az \u00fczleti \u00e9s a tudom\u00e1nyos \u00e9let megbecs\u00fclt tagjait k\u00e9rj\u00fck fel mentor szerepre. \u00a0<strong>A mentorprogram egy olyan bizalmi kapcsolatra \u00e9p\u00fcl\u0151 bevett tan\u00edt\u00e1si m\u00f3dszer, amely hasonl\u00edt az oktat\u00e1sban tapasztalhat\u00f3 tan\u00e1r-di\u00e1k kapcsolatra, ugyanakkor itt egy mell\u00e9rendelts\u00e9get illetve partneri viszonyt ad\u00f3, nagyobb intimit\u00e1st \u00e9s t\u00f6bb szem\u00e9lyes figyelmet ny\u00fajt\u00f3 szakmai kapcsolatr\u00f3l van sz\u00f3. <\/strong><\/p>\n<p style=\"text-align: justify\"><strong>Mivel hisz\u00fcnk abban, hogy egy-egy tudom\u00e1nyter\u00fclet magas szint\u0171 elsaj\u00e1t\u00edt\u00e1s\u00e1hoz elengedhetetlen, hogy az adott t\u00e9m\u00e1t mentor\u00e1ltjaink t\u00f6bb, mer\u0151ben elt\u00e9r\u0151 aspektusb\u00f3l is megismerj\u00e9k, ez\u00e9rt arra t\u00f6reksz\u00fcnk, hogy mentoranink a lehet\u0151 legsz\u00e9lesebb k\u00f6rb\u0151l ker\u00fcljenek ki. Ebben a munk\u00e1ban megtiszteltet\u00e9snek venn\u00e9nk az \u00d6n\u00f6k int\u00e9zm\u00e9ny\u00e9nek k\u00f6zrem\u0171k\u00f6d\u00e9s\u00e9t is, \u00f6r\u00f6mmel dolgozn\u00e1nk egy\u00fctt szaktekint\u00e9lyeikkel. <\/strong><\/p>\n<p style=\"text-align: justify\">A KMTA alap\u00edt\u00e1sa \u00f3ta t\u00f6bb mint 80 mentor\u00e1lttal dolgozott egy\u00fctt. Jelen pillanatban 41 fiatalt t\u00e1mogatunk, mely keret\u00e9ben az anyagi seg\u00edts\u00e9gen t\u00fal mentoraink k\u00f6zrem\u0171k\u00f6d\u00e9s\u00e9vel biztos\u00edtjuk a tudom\u00e1nyos el\u0151menetel\u00fckh\u00f6z sz\u00fcks\u00e9ges szellemi \u00e9s szakmai h\u00e1tteret, valamint az egy\u00e9ni \u00e9s k\u00f6z\u00f6ss\u00e9gi fejl\u0151d\u00e9shez sz\u00fcks\u00e9ges h\u00e1tteret is igyeksz\u00fcnk kialak\u00edtani. \u00a0<\/p>\n<p style=\"text-align: justify\">Partnereink, k\u00f6zt\u00fck neves k\u00f6z\u00e9piskol\u00e1k \u00e9s egyetemek jelen vannak az eg\u00e9sz K\u00e1rp\u00e1t-medenc\u00e9ben \u00e9s K\u00f6z\u00e9p-Eur\u00f3p\u00e1ban, \u00edgy <strong>Szlov\u00e1ki\u00e1ban, Csehorsz\u00e1gban, Ukrajn\u00e1ban, Rom\u00e1ni\u00e1ban, Szerbi\u00e1ban, Szlov\u00e9ni\u00e1ban \u00e9s Lengyelorsz\u00e1gban \u00e9s Magyarorsz\u00e1gon is. C\u00e9lunk egy olyan K\u00e1rp\u00e1t-medencei illetve K\u00f6z\u00e9p-eur\u00f3pai szint\u0171 tud\u00e1stranszfer h\u00e1l\u00f3zat kialak\u00edt\u00e1sa, mely a tagjai k\u00f6z\u00f6tt a tud\u00e1s\u00e1raml\u00e1st a mentor-mentor\u00e1lt kapcsolat alapozza meg.\u00a0 <\/strong><\/p>\n<p style=\"text-align: justify\">Alap\u00edtv\u00e1nyunk jelent\u0151s figyelmet szentel az innov\u00e1ci\u00f3, a kutat\u00e1s-fejleszt\u00e9s t\u00e1mogat\u00e1s\u00e1nak, hiszen a mentor\u00e1ltjainkban rejl\u0151 szellemi \u00e9s kreat\u00edv potenci\u00e1l \u00edgy kamatoztathat\u00f3 legink\u00e1bb a saj\u00e1t maguk \u00e9s a k\u00f6z\u00f6ss\u00e9g jav\u00e1ra is. Ennek \u00e9rdek\u00e9ben<em> Innov\u00e1ci\u00f3s program<\/em>unkban a di\u00e1kok tudom\u00e1nyter\u00fcletenk\u00e9nt megszervezett szakmai m\u0171helyekben tudj\u00e1k egym\u00e1ssal megosztani \u00f6tleteiket, megl\u00e1t\u00e1saikat, eredm\u00e9nyeiket, \u00e9s k\u00f6z\u00f6sen egy\u00fctt dolgozni \u00fajakon. E program els\u0151dleges c\u00e9lja a hazai start-up c\u00e9gek m\u00e1sodik gener\u00e1ci\u00f3j\u00e1nak \u201eut\u00e1np\u00f3tl\u00e1s-k\u00e9pz\u00e9se\u201d, a fiatal tehets\u00e9gek v\u00e1llalkoz\u00f3v\u00e1 v\u00e1l\u00e1s\u00e1nak el\u0151seg\u00edt\u00e9se.<\/p>\n<p style=\"text-align: justify\">A kurat\u00f3rium tagjai:<\/p>\n<p style=\"text-align: justify\">Dr. R\u00e9thelyi Mikl\u00f3s rector emeritus (a kurat\u00f3rium eln\u00f6ke)<\/p>\n<p style=\"text-align: justify\">Dr. Horv\u00e1th J\u00e1nos (a kurat\u00f3rium tiszteletbeli eln\u00f6ke)<\/p>\n<p style=\"text-align: justify\">Petri L\u00e1szl\u00f3 (a kurat\u00f3rium titk\u00e1ra)<\/p>\n<p style=\"text-align: justify\">Dr. Pintz J\u00e1nos (az MTA tagja)<\/p>\n<p style=\"text-align: justify\">Dr. Romsics Ign\u00e1c (az MTA tagja)<\/p>\n<p style=\"text-align: justify\">Dr. K\u0151nig Frigyes rector emeritus<\/p>\n<p>Az \u00e9rdekl\u0151d\u0151 oktat\u00f3k a <a href=\"mailto:dhivatal@pharma.semmelweis-univ.hu\">dhivatal@pharma.semmelweis-univ.hu<\/a> c\u00edmre k\u00fcld\u00f6tt lev\u00e9llel jelentkezhetnek (n\u00e9v, titulus, el\u00e9rhet\u0151s\u00e9g).<\/p>\n","protected":false},"excerpt":{"rendered":"<p>Alap\u00edtv\u00e1nyunk 2014 \u00f3ta van jelen a tehets\u00e9ggondoz\u00e1s ter\u00fclet\u00e9n. K\u00fcldet\u00e9s\u00fcnk a K\u00e1rp\u00e1t-medenc\u00e9ben tanul\u00f3 magyar 14 \u2013 30 \u00e9v k\u00f6z\u00f6tti kiemelked\u0151en tehets\u00e9ges fiatalok felkutat\u00e1sa \u00e9s olyan t\u00e1mogat\u00f3 k\u00f6rnyezet megteremt\u00e9se, amellyel hozz\u00e1seg\u00edtj\u00fck \u0151ket ahhoz, hogy az \u00e1ltaluk v\u00e1lasztott tudom\u00e1nyter\u00fclet egy \u00e1g\u00e1r\u00f3l m\u00e9g m\u00e9lyebb tud\u00e1st szerezzenek \u00e9s fejlessz\u00e9k az ehhez sz\u00fcks\u00e9ges k\u00e9pess\u00e9geiket. Alapelv\u00fcnk, hogy minden programunkban r\u00e9sztvev\u0151 di\u00e1k szem\u00e9lyes &hellip;<\/p>\n","protected":false},"author":101025,"featured_media":6373,"comment_status":"closed","ping_status":"closed","sticky":false,"template":"","format":"standard","meta":{"_acf_changed":false,"footnotes":""},"categories":[24],"tags":[],"class_list":["post-6371","post","type-post","status-publish","format-standard","has-post-thumbnail","hentry","category-palyazat"],"acf":[],"_links":{"self":[{"href":"https:\/\/semmelweis.hu\/gytk\/wp-json\/wp\/v2\/posts\/6371","targetHints":{"allow":["GET"]}}],"collection":[{"href":"https:\/\/semmelweis.hu\/gytk\/wp-json\/wp\/v2\/posts"}],"about":[{"href":"https:\/\/semmelweis.hu\/gytk\/wp-json\/wp\/v2\/types\/post"}],"author":[{"embeddable":true,"href":"https:\/\/semmelweis.hu\/gytk\/wp-json\/wp\/v2\/users\/101025"}],"replies":[{"embeddable":true,"href":"https:\/\/semmelweis.hu\/gytk\/wp-json\/wp\/v2\/comments?post=6371"}],"version-history":[{"count":2,"href":"https:\/\/semmelweis.hu\/gytk\/wp-json\/wp\/v2\/posts\/6371\/revisions"}],"predecessor-version":[{"id":6374,"href":"https:\/\/semmelweis.hu\/gytk\/wp-json\/wp\/v2\/posts\/6371\/revisions\/6374"}],"wp:featuredmedia":[{"embeddable":true,"href":"https:\/\/semmelweis.hu\/gytk\/wp-json\/wp\/v2\/media\/6373"}],"wp:attachment":[{"href":"https:\/\/semmelweis.hu\/gytk\/wp-json\/wp\/v2\/media?parent=6371"}],"wp:term":[{"taxonomy":"category","embeddable":true,"href":"https:\/\/semmelweis.hu\/gytk\/wp-json\/wp\/v2\/categories?post=6371"},{"taxonomy":"post_tag","embeddable":true,"href":"https:\/\/semmelweis.hu\/gytk\/wp-json\/wp\/v2\/tags?post=6371"}],"curies":[{"name":"wp","href":"https:\/\/api.w.org\/{rel}","templated":true}]}}