{"id":517,"date":"2014-06-02T18:51:04","date_gmt":"2014-06-02T18:51:04","guid":{"rendered":"http:\/\/semmelweis.hu\/gytk\/?p=517"},"modified":"2014-06-02T18:53:40","modified_gmt":"2014-06-02T18:53:40","slug":"517","status":"publish","type":"post","link":"https:\/\/semmelweis.hu\/gytk\/2014\/06\/517\/","title":{"rendered":"A Semmelweis Egyetem Gy\u00f3gyszer\u00e9sztudom\u00e1nyi Kar k\u00f6zlem\u00e9nye a tov\u00e1bbk\u00e9pz\u00e9si ciklus lez\u00e1r\u00e1s\u00e1r\u00f3l."},"content":{"rendered":"<p align=\"left\"><b>Semmelweis Egyetem Gy\u00f3gyszer\u00e9sztudom\u00e1nyi Kar k\u00f6zlem\u00e9nye\u00a0<\/b><b>a tov\u00e1bbk\u00e9pz\u00e9si id\u0151szak lez\u00e1r\u00e1s\u00e1nak rendj\u00e9r\u0151l\u00a0<\/b><a href=\"https:\/\/semmelweis.hu\/gytk\/files\/2014\/06\/muk_eng_megujitasa_kiert-2014jun2.doc\">ide kattintva let\u00f6lthet\u0151<\/a>.<br \/>Felt\u00f6ltve: 2014 j\u00fanius 02.<\/p>\n","protected":false},"excerpt":{"rendered":"<p>Semmelweis Egyetem Gy\u00f3gyszer\u00e9sztudom\u00e1nyi Kar k\u00f6zlem\u00e9nye\u00a0a tov\u00e1bbk\u00e9pz\u00e9si id\u0151szak lez\u00e1r\u00e1s\u00e1nak rendj\u00e9r\u0151l\u00a0<a href=\"https:\/\/semmelweis.hu\/gytk\/files\/2014\/06\/muk_eng_megujitasa_kiert-2014jun2.doc\">ide kattintva let\u00f6lthet\u0151<\/a>.Felt\u00f6ltve: 2014 j\u00fanius 02.<\/p>\n","protected":false},"author":159,"featured_media":0,"comment_status":"open","ping_status":"open","sticky":false,"template":"","format":"standard","meta":{"_acf_changed":false,"footnotes":""},"categories":[1],"tags":[],"class_list":["post-517","post","type-post","status-publish","format-standard","hentry","category-hirek"],"acf":[],"_links":{"self":[{"href":"https:\/\/semmelweis.hu\/gytk\/wp-json\/wp\/v2\/posts\/517","targetHints":{"allow":["GET"]}}],"collection":[{"href":"https:\/\/semmelweis.hu\/gytk\/wp-json\/wp\/v2\/posts"}],"about":[{"href":"https:\/\/semmelweis.hu\/gytk\/wp-json\/wp\/v2\/types\/post"}],"author":[{"embeddable":true,"href":"https:\/\/semmelweis.hu\/gytk\/wp-json\/wp\/v2\/users\/159"}],"replies":[{"embeddable":true,"href":"https:\/\/semmelweis.hu\/gytk\/wp-json\/wp\/v2\/comments?post=517"}],"version-history":[{"count":4,"href":"https:\/\/semmelweis.hu\/gytk\/wp-json\/wp\/v2\/posts\/517\/revisions"}],"predecessor-version":[{"id":522,"href":"https:\/\/semmelweis.hu\/gytk\/wp-json\/wp\/v2\/posts\/517\/revisions\/522"}],"wp:attachment":[{"href":"https:\/\/semmelweis.hu\/gytk\/wp-json\/wp\/v2\/media?parent=517"}],"wp:term":[{"taxonomy":"category","embeddable":true,"href":"https:\/\/semmelweis.hu\/gytk\/wp-json\/wp\/v2\/categories?post=517"},{"taxonomy":"post_tag","embeddable":true,"href":"https:\/\/semmelweis.hu\/gytk\/wp-json\/wp\/v2\/tags?post=517"}],"curies":[{"name":"wp","href":"https:\/\/api.w.org\/{rel}","templated":true}]}}