{"id":510,"date":"2014-05-29T07:19:28","date_gmt":"2014-05-29T07:19:28","guid":{"rendered":"http:\/\/semmelweis.hu\/gytk\/?p=510"},"modified":"2014-05-29T07:23:03","modified_gmt":"2014-05-29T07:23:03","slug":"kutatasi-palyazat-kutatokkutatocsoportok-szamara","status":"publish","type":"post","link":"https:\/\/semmelweis.hu\/gytk\/2014\/05\/kutatasi-palyazat-kutatokkutatocsoportok-szamara\/","title":{"rendered":"Kutat\u00e1si p\u00e1ly\u00e1zat kutat\u00f3k\/kutat\u00f3csoportok sz\u00e1m\u00e1ra"},"content":{"rendered":"<div class=\"post-meta\" style=\"color: #777777\">Ki\u00edr\u00e1s id\u0151pontja:\u00a0<strong>2014. m\u00e1jus 28.<\/strong><br \/>\nLead\u00e1si hat\u00e1rid\u0151:\u00a0<strong>2014. j\u00fanius 30.<\/strong><\/div>\n<div class=\"post-body\">\n<p style=\"font-weight: inherit;font-style: inherit\">A Semmelweis Egyetem Gy\u00f3gyszer\u00e9sztudom\u00e1nyi Kara \u00e9s az Erd\u00e9lyi M\u00fazeum-Egyes\u00fclet Orvos- \u00e9s Gy\u00f3gyszer\u00e9sztudom\u00e1nyi Szakoszt\u00e1lya p\u00e1ly\u00e1zatot hirdet a 2014-es \u00e9vre gy\u00f3gyszer\u00e9sz\/orvos kutat\u00f3k\/kutat\u00f3csoportok r\u00e9sz\u00e9re az erd\u00e9lyi \u00e9s a budapesti r\u00e9gi\u00f3 k\u00f6zti tudom\u00e1nyos egy\u00fcttm\u0171k\u00f6d\u00e9s fellend\u00edt\u00e9se c\u00e9lj\u00e1b\u00f3l, valamint egyetemi hallgat\u00f3k r\u00e9sz\u00e9re a gy\u00f3gyszerkutat\u00e1sba, ill. a nagym\u0171szeres gy\u00f3gyszertudom\u00e1nyi technik\u00e1kba val\u00f3 bekapcsol\u00f3d\u00e1s c\u00e9lj\u00e1b\u00f3l.<\/p>\n<p style=\"font-weight: inherit;font-style: inherit\"><strong>A p\u00e1ly\u00e1zat keret\u00f6sszege<\/strong>: 4 milli\u00f3 Ft.<br \/>\n<strong>Egy\u00a0<\/strong><strong>p\u00e1ly\u00e1zat lehets\u00e9ges<\/strong><strong>\u00a0maxim\u00e1lis \u00e9rt\u00e9ke<\/strong>: 4 milli\u00f3 Ft.<br \/>\n<strong>Lead\u00e1si hat\u00e1rid\u0151<\/strong>: 2014. j\u00fanius 30.<br \/>\n<strong>A p\u00e1ly\u00e1zatok elb\u00edr\u00e1l\u00e1sa<\/strong>: a lead\u00e1st\u00f3l sz\u00e1m\u00edtott 18 nap.<\/p>\n<p style=\"font-weight: inherit;font-style: inherit\"><strong>A p\u00e1ly\u00e1zat megval\u00f3s\u00edt\u00e1si form\u00e1i:<\/strong><br \/>\n<strong>A)<\/strong>\u00a0<acronym style=\"font-weight: inherit;font-style: inherit\" title=\"Erd\u00e9lyi M\u00fazeum-Egyes\u00fclet\">EME<\/acronym>\u00a0tags\u00e1ggal rendelkez\u0151, rom\u00e1niai sz\u00e9khely\u0171 fels\u0151oktat\u00e1si int\u00e9zm\u00e9nyben szerzett diplom\u00e1val rendelkez\u0151 szakemberek (a\u00a0<acronym style=\"font-weight: inherit;font-style: inherit\" title=\"Marosv\u00e1s\u00e1rhelyi Orvosi \u00e9s Gy\u00f3gyszer\u00e9sztudom\u00e1nyi Egyetem\">MOGYE<\/acronym>\u00a0Gy\u00f3gyszer\u00e9szeti Kar\u00e1nak oktat\u00f3i\/kutat\u00f3i, tov\u00e1bb\u00e1 iparban, praxisban dolgoz\u00f3, tudom\u00e1nyos amb\u00edci\u00f3val rendelkez\u0151 koll\u00e9g\u00e1k) sz\u00e1m\u00e1ra lehet\u0151s\u00e9get biztos\u00edt:<\/p>\n<ul style=\"font-weight: inherit;font-style: inherit\">\n<li style=\"font-weight: inherit;font-style: inherit\">PhD munk\u00e1ra, k\u00f6z\u00f6s, marosv\u00e1s\u00e1rhelyi \u00e9s budapesti t\u00e9mavezet\u0151 ir\u00e1ny\u00edt\u00e1s\u00e1val,<\/li>\n<li style=\"font-weight: inherit;font-style: inherit\">a Semmelweis Egyetem Gy\u00f3gyszer\u00e9sztudom\u00e1nyi Kar\u00e1n v\u00e9gzend\u0151 kutat\u00f3munk\u00e1ra,<\/li>\n<li style=\"font-weight: inherit;font-style: inherit\">bekapcsol\u00f3dni ezen Int\u00e9zetekben foly\u00f3 m\u0171szeres\/nagym\u0171szeres m\u00f3dszerekkel foly\u00f3 kutat\u00e1sokba,<\/li>\n<li style=\"font-weight: inherit;font-style: inherit\">a k\u00f6z\u00f6s kutat\u00f3munka eredm\u00e9nyeinek k\u00f6zl\u00e9s\u00e9re<\/li>\n<\/ul>\n<p style=\"font-weight: inherit;font-style: inherit\"><strong>B)<\/strong>\u00a0A MOGYE Gy\u00f3gyszer\u00e9szeti Kar\u00e1nak EME tags\u00e1ggal rendelkez\u0151 hallgat\u00f3i sz\u00e1m\u00e1ra TDK munk\u00e1ra k\u00f6z\u00f6s, marosv\u00e1s\u00e1rhelyi \u00e9s budapesti t\u00e9mavezet\u0151 ir\u00e1ny\u00edt\u00e1s\u00e1val.<\/p>\n<p style=\"font-weight: inherit;font-style: inherit\"><strong>C)<\/strong>\u00a0Mindk\u00e9t ir\u00e1ny\u00fa mobilit\u00e1st \u00e9s tudom\u00e1nyos egy\u00fcttm\u0171k\u00f6d\u00e9st el\u0151seg\u00edt\u0151 r\u00f6vid l\u00e1togat\u00e1sok egyetemi el\u0151ad\u00e1sok, kondenz\u00e1lt egyetemi kurzusok, konferencia-r\u00e9szv\u00e9tel vagy kutat\u00e1si megbesz\u00e9l\u00e9s c\u00e9lj\u00e1b\u00f3l.<\/p>\n<p style=\"font-weight: inherit;font-style: inherit\"><strong>\u00a0<\/strong><strong>P\u00e1ly\u00e1zati felt\u00e9telek A) \u00e9s B) t\u00edpus\u00fa c\u00e9lkit\u0171z\u00e9sek eset\u00e9n<\/strong><strong>:<\/strong><\/p>\n<ul style=\"font-weight: inherit;font-style: inherit\">\n<li style=\"font-weight: inherit;font-style: inherit\">p\u00e1ly\u00e1zatot ny\u00fajthatnak be: a Marosv\u00e1s\u00e1rhelyi Gy\u00f3gyszer\u00e9szeti Kar oktat\u00f3i, kutat\u00f3i, PhD hallgat\u00f3i, egyetemi hallgat\u00f3i, ill. MOGYE-n szerzett diplom\u00e1val, EME tags\u00e1ggal \u00e9s rom\u00e1niai sz\u00e9khely\u0171 munkahellyel rendelkez\u0151 szakemberek<\/li>\n<li style=\"font-weight: inherit;font-style: inherit\">oktat\u00f3i-dolgoz\u00f3i \u00e1llom\u00e1nyban l\u00e9v\u0151 p\u00e1ly\u00e1z\u00f3nak\/p\u00e1ly\u00e1zatvezet\u0151nek minimum 1 \u00e9ves, hallgat\u00f3i \u00e1llom\u00e1nyban l\u00e9v\u0151 p\u00e1ly\u00e1z\u00f3nak legal\u00e1bb 1 h\u00f3napos EMEOGYSZ tags\u00e1ggal kell rendelkeznie,<\/li>\n<li style=\"font-weight: inherit;font-style: inherit\">a Semmelweis Egyetem adott int\u00e9zet\u00e9nek befogad\u00f3 nyilatkozata a p\u00e1ly\u00e1z\u00f3 kutat\u00f3val\/kutat\u00f3csoporttal val\u00f3 egy\u00fcttm\u0171k\u00f6d\u00e9sre<\/li>\n<\/ul>\n<p style=\"font-weight: inherit;font-style: inherit\"><strong>P\u00e1ly\u00e1zati felt\u00e9tel C) t\u00edpus\u00fa c\u00e9lkit\u0171z\u00e9sek eset\u00e9n<\/strong><strong>:<\/strong> <strong><br \/>\n<\/strong>Legal\u00e1bb 5 \u00e9ves egyetemi oktat\u00f3i gyakorlat.<\/p>\n<p style=\"font-weight: inherit;font-style: inherit\"><strong>A p\u00e1ly\u00e1zat \u00e9rt\u00e9ke \u00e9s id\u0151tartama:<\/strong><\/p>\n<ul style=\"font-weight: inherit;font-style: inherit\">\n<li style=\"font-weight: inherit;font-style: inherit\">a megp\u00e1ly\u00e1zott t\u00e1mogat\u00e1s fels\u0151 hat\u00e1ra 4 milli\u00f3 Ft.<\/li>\n<li style=\"font-weight: inherit;font-style: inherit\">id\u0151tartama: a p\u00e1ly\u00e1zat eredm\u00e9nyhirdet\u00e9s\u00e9t\u0151l sz\u00e1m\u00edtott 1 \u00e9v.<\/li>\n<\/ul>\n<p style=\"font-weight: inherit;font-style: inherit\"><strong> A p\u00e1ly\u00e1zat \u00f6sszege felhaszn\u00e1lhat\u00f3:<\/strong><\/p>\n<ul style=\"font-weight: inherit;font-style: inherit\">\n<li style=\"font-weight: inherit;font-style: inherit\">mobilit\u00e1s\u2013 utaz\u00e1si k\u00f6lts\u00e9gek, sz\u00e1ll\u00e1s, konferencia r\u00e9szv\u00e9teli d\u00edja, napid\u00edj stb.<\/li>\n<li style=\"font-weight: inherit;font-style: inherit\">logisztikai kiad\u00e1sok: kutat\u00e1shoz sz\u00fcks\u00e9ges fogy\u00f3anyagok, reagensek, felszerel\u00e9sek, szerz\u0151d\u0151 felek \u00e1ltal biztos\u00edtott infrastrukt\u00fara alkalmaz\u00e1s\u00e1nak d\u00edja stb.<\/li>\n<\/ul>\n<p style=\"font-weight: inherit;font-style: inherit\">A p\u00e1ly\u00e1zati t\u00e1mogat\u00e1s fizet\u00e9sre nem ford\u00edthat\u00f3.<\/p>\n<p style=\"font-weight: inherit;font-style: inherit\"><strong> P\u00e1ly\u00e1zatlead\u00e1s:<\/strong><\/p>\n<ul style=\"font-weight: inherit;font-style: inherit\">\n<li style=\"font-weight: inherit;font-style: inherit\">hat\u00e1rid\u0151: 2014. j\u00fanius 30.<\/li>\n<li style=\"font-weight: inherit;font-style: inherit\">Z\u00e1rt bor\u00edt\u00e9kban az EMEOGYSZ Sz\u00e9kh\u00e1zba (Marosv\u00e1s\u00e1rhely, Cornisa s\u00e9t\u00e1ny 18\/12), a k\u00f6vetkez\u0151 iratok sz\u00fcks\u00e9gesek:\n<ul style=\"font-weight: inherit;font-style: inherit\">\n<li style=\"font-weight: inherit;font-style: inherit\">Kutat\u00e1si p\u00e1ly\u00e1zat (<a style=\"font-weight: inherit;font-style: inherit;color: #224466\" href=\"http:\/\/www.emeogysz.ro\/palyazatok\/kutatas_2014_melleklet-1.doc\">1. sz\u00e1m\u00fa Mell\u00e9klet<\/a>), 3 p\u00e9ld\u00e1nyban, nyomtatva \u00e9s al\u00e1\u00edrva, valamint CD-n elektronikus v\u00e1ltozatban<\/li>\n<li style=\"font-weight: inherit;font-style: inherit\">A p\u00e1ly\u00e1z\u00f3\/p\u00e1ly\u00e1zavezet\u0151 Europass CV-je, 3 p\u00e9ld\u00e1nyban<\/li>\n<li style=\"font-weight: inherit;font-style: inherit\">Igazol\u00e1s az EMEOGYSZ tags\u00e1gr\u00f3l<\/li>\n<li style=\"font-weight: inherit;font-style: inherit\">Befogad\u00f3 nyilatkozat a Semmelweis Egyetem azon Int\u00e9zet\u00e9nek vezet\u0151j\u00e9t\u0151l, ahol a kutat\u00f3munka megval\u00f3sul<\/li>\n<li style=\"font-weight: inherit;font-style: inherit\">A p\u00e1ly\u00e1zatban r\u00e9sztvev\u0151(k) MOGY\u00c9-n oktat\u00f3 st\u00e1tusz\u00e1nak, vagy egyetemi v\u00e9gzetts\u00e9g\u00e9nek plusz jelenlegi munkahely\u00e9nek, vagy hallgat\u00f3i st\u00e1tusz\u00e1nak igazol\u00e1sa<\/li>\n<\/ul>\n<\/li>\n<\/ul>\n<p style=\"font-weight: inherit;font-style: inherit\"><strong> A p\u00e1ly\u00e1zat elb\u00edr\u00e1l\u00e1sa:<\/strong><\/p>\n<ul style=\"font-weight: inherit;font-style: inherit\">\n<li style=\"font-weight: inherit;font-style: inherit\">Az elb\u00edr\u00e1l\u00e1st elismert magyarorsz\u00e1gi szakemberek v\u00e9gzik, akiket a Semmelweis Egyetem Gy\u00f3gyszer\u00e9sztudom\u00e1nyi Kara k\u00e9r fel.<\/li>\n<li style=\"font-weight: inherit;font-style: inherit\">Az elb\u00edr\u00e1l\u00e1s a\u00a0<a style=\"font-weight: inherit;font-style: inherit;color: #224466\" href=\"http:\/\/www.emeogysz.ro\/palyazatok\/kutatas_2014_melleklet-2.doc\">2. sz\u00e1m\u00fa Mell\u00e9klet<\/a>\u00a0alapj\u00e1n t\u00f6rt\u00e9nik.<\/li>\n<li style=\"font-weight: inherit;font-style: inherit\">Az elb\u00edr\u00e1l\u00e1s anonim, a d\u00f6nt\u00e9s ellen fellebbez\u00e9snek helye nincs.<\/li>\n<li style=\"font-weight: inherit;font-style: inherit\">A p\u00e1ly\u00e1z\u00f3k eredm\u00e9nyhirdet\u00e9skor megkapj\u00e1k a p\u00e1ly\u00e1zat \u00e9rt\u00e9kel\u00e9s\u00e9t.<\/li>\n<\/ul>\n<p style=\"font-weight: inherit;font-style: inherit\"><strong> A kutat\u00e1si eredm\u00e9nyek \u00e9rt\u00e9kes\u00edt\u00e9se\/a p\u00e1ly\u00e1zat megval\u00f3s\u00edt\u00e1s\u00e1nak ellen\u0151rz\u00e9se \u00e9s \u00e9rt\u00e9kel\u00e9se:<\/strong> <strong>Elv\u00e1r\u00e1sok:<\/strong><\/p>\n<ul style=\"font-weight: inherit;font-style: inherit\">\n<li style=\"font-weight: inherit;font-style: inherit\">Impakt faktorral rendelkez\u0151 nemzetk\u00f6zi foly\u00f3iratban megjelent publik\u00e1ci\u00f3 legk\u00e9s\u0151bb 2 \u00e9vvel a p\u00e1ly\u00e1zat befejez\u00e9se ut\u00e1n.<\/li>\n<li style=\"font-weight: inherit;font-style: inherit\">A r\u00e9szleges vagy teljes kutat\u00e1si eredm\u00e9nyek bemutat\u00e1sa az EMEOGYSZ \u00c9vi Tudom\u00e1nyos \u00dcl\u00e9sszak\u00e1n.<\/li>\n<li style=\"font-weight: inherit;font-style: inherit\">Minimum egy publik\u00e1ci\u00f3 az Orvostudom\u00e1nyi \u00c9rtes\u00edt\u0151ben, vagy az Acta Pharmaceutica Hungaric\u00e1ban.<\/li>\n<li style=\"font-weight: inherit;font-style: inherit\">A k\u00f6vetelm\u00e9nyeket saj\u00e1t hib\u00e1j\u00e1b\u00f3l nem teljes\u00edt\u0151 p\u00e1ly\u00e1z\u00f3 k\u00f6teles visszafizetni a p\u00e1ly\u00e1zat \u00f6sszeg\u00e9t \u00e9s k\u00e9s\u0151bbi EMEOGYSZ p\u00e1ly\u00e1zatban 5 \u00e9vig nem vehet r\u00e9szt.<\/li>\n<li style=\"font-weight: inherit;font-style: inherit\">A p\u00e1ly\u00e1z\u00f3 a p\u00e1ly\u00e1zati id\u0151szak letelt\u00e9vel k\u00f6teles visszat\u00e9rni eredeti munkahely\u00e9re ill. egyetemi hallgat\u00f3i st\u00e1tusz\u00e1ba.<\/li>\n<\/ul>\n<p>Forr\u00e1s:<br \/>\nhttp:\/\/www.emeogysz.ro\/palyazatok\/kutatas_2014.html<\/p>\n<\/div>\n","protected":false},"excerpt":{"rendered":"<p>Ki\u00edr\u00e1s id\u0151pontja:\u00a02014. m\u00e1jus 28. Lead\u00e1si hat\u00e1rid\u0151:\u00a02014. j\u00fanius 30. A Semmelweis Egyetem Gy\u00f3gyszer\u00e9sztudom\u00e1nyi Kara \u00e9s az Erd\u00e9lyi M\u00fazeum-Egyes\u00fclet Orvos- \u00e9s Gy\u00f3gyszer\u00e9sztudom\u00e1nyi Szakoszt\u00e1lya p\u00e1ly\u00e1zatot hirdet a 2014-es \u00e9vre gy\u00f3gyszer\u00e9sz\/orvos kutat\u00f3k\/kutat\u00f3csoportok r\u00e9sz\u00e9re az erd\u00e9lyi \u00e9s a budapesti r\u00e9gi\u00f3 k\u00f6zti tudom\u00e1nyos egy\u00fcttm\u0171k\u00f6d\u00e9s fellend\u00edt\u00e9se c\u00e9lj\u00e1b\u00f3l, valamint egyetemi hallgat\u00f3k r\u00e9sz\u00e9re a gy\u00f3gyszerkutat\u00e1sba, ill. a nagym\u0171szeres gy\u00f3gyszertudom\u00e1nyi technik\u00e1kba val\u00f3 bekapcsol\u00f3d\u00e1s c\u00e9lj\u00e1b\u00f3l. A &hellip;<\/p>\n","protected":false},"author":159,"featured_media":0,"comment_status":"open","ping_status":"open","sticky":false,"template":"","format":"standard","meta":{"_acf_changed":false,"footnotes":""},"categories":[1],"tags":[],"class_list":["post-510","post","type-post","status-publish","format-standard","hentry","category-hirek"],"acf":[],"_links":{"self":[{"href":"https:\/\/semmelweis.hu\/gytk\/wp-json\/wp\/v2\/posts\/510","targetHints":{"allow":["GET"]}}],"collection":[{"href":"https:\/\/semmelweis.hu\/gytk\/wp-json\/wp\/v2\/posts"}],"about":[{"href":"https:\/\/semmelweis.hu\/gytk\/wp-json\/wp\/v2\/types\/post"}],"author":[{"embeddable":true,"href":"https:\/\/semmelweis.hu\/gytk\/wp-json\/wp\/v2\/users\/159"}],"replies":[{"embeddable":true,"href":"https:\/\/semmelweis.hu\/gytk\/wp-json\/wp\/v2\/comments?post=510"}],"version-history":[{"count":4,"href":"https:\/\/semmelweis.hu\/gytk\/wp-json\/wp\/v2\/posts\/510\/revisions"}],"predecessor-version":[{"id":514,"href":"https:\/\/semmelweis.hu\/gytk\/wp-json\/wp\/v2\/posts\/510\/revisions\/514"}],"wp:attachment":[{"href":"https:\/\/semmelweis.hu\/gytk\/wp-json\/wp\/v2\/media?parent=510"}],"wp:term":[{"taxonomy":"category","embeddable":true,"href":"https:\/\/semmelweis.hu\/gytk\/wp-json\/wp\/v2\/categories?post=510"},{"taxonomy":"post_tag","embeddable":true,"href":"https:\/\/semmelweis.hu\/gytk\/wp-json\/wp\/v2\/tags?post=510"}],"curies":[{"name":"wp","href":"https:\/\/api.w.org\/{rel}","templated":true}]}}