{"id":4593,"date":"2017-10-02T14:23:24","date_gmt":"2017-10-02T12:23:24","guid":{"rendered":"http:\/\/semmelweis.hu\/gytk\/?p=4593"},"modified":"2017-10-02T15:02:04","modified_gmt":"2017-10-02T13:02:04","slug":"romaster-eselyprogram-a-jovo-roma-vezetoiert","status":"publish","type":"post","link":"https:\/\/semmelweis.hu\/gytk\/2017\/10\/romaster-eselyprogram-a-jovo-roma-vezetoiert\/","title":{"rendered":"ROMASTER \u2013 Es\u00e9lyprogram a J\u00f6v\u0151 Roma Vezet\u0151i\u00e9rt"},"content":{"rendered":"<table>\n<tbody>\n<tr>\n<td width=\"626\">\n<p style=\"text-align: justify\"><img loading=\"lazy\" decoding=\"async\" class=\"size-medium wp-image-4612 alignleft\" src=\"https:\/\/semmelweis.hu\/gytk\/files\/2017\/10\/romaster-300x99.png\" alt=\"\" width=\"300\" height=\"99\" srcset=\"https:\/\/semmelweis.hu\/gytk\/files\/2017\/10\/romaster-300x99.png 300w, https:\/\/semmelweis.hu\/gytk\/files\/2017\/10\/romaster.png 390w\" sizes=\"auto, (max-width: 300px) 100vw, 300px\" \/>K\u00f6z\u00f6s feladatunk a roma kisebbs\u00e9g gazdas\u00e1gi \u00e9s szoci\u00e1lis helyzet\u00e9nek jav\u00edt\u00e1sa Magyarorsz\u00e1gon, \u00e9ppen ez\u00e9rt a Hungarian Business Leaders Forum 2007-ben a h\u00e1tr\u00e1nyos szoci\u00e1lis helyzetben l\u00e9v\u0151 k\u00f6z\u00e9piskol\u00e1s roma di\u00e1kok tanulm\u00e1nyait t\u00e1mogat\u00f3 rendszert hozott l\u00e9tre. A ROMASTER Program c\u00e9lja, hogy el\u0151seg\u00edtse a roma \u00e9rtelmis\u00e9gi r\u00e9teg fejl\u0151d\u00e9s\u00e9t, t\u00e1mogassa olyan di\u00e1kok \u00e9letk\u00f6r\u00fclm\u00e9nyeinek jav\u00edt\u00e1s\u00e1t, akik er\u0151sen r\u00e1szorultak.<\/p>\n<p style=\"text-align: justify\">Alap\u00edtv\u00e1nyunk a 21 k\u00f6zrem\u0171k\u00f6d\u0151 v\u00e1llalat seg\u00edts\u00e9g\u00e9vel jelenleg 50 tehets\u00e9ges \u00e9s tanulni v\u00e1gy\u00f3 roma fiatalt mentor\u00e1l. 2007 \u00f3ta m\u00e1r 24 di\u00e1k szerzett versenyk\u00e9pes tud\u00e1st, \u00e9s l\u00e9phetett diplom\u00e1val, valamint nyelvvizsg\u00e1val a kez\u00e9ben a munkaer\u0151piacra.<\/p>\n<p style=\"text-align: justify\">Programba kiz\u00e1r\u00f3lag olyan hallgat\u00f3k jelentkez\u00e9s\u00e9t v\u00e1rjuk, akik diplom\u00e1t ad\u00f3 fels\u0151oktat\u00e1si k\u00e9pz\u00e9sen vesznek r\u00e9szt (<em>alapk\u00e9pz\u00e9s, osztatlan mesterk\u00e9pz\u00e9s, mesterk\u00e9pz\u00e9s<\/em>), <strong><u>gazdas\u00e1gi, m\u0171szaki, jogi, informatikai vagy eg\u00e9szs\u00e9g\u00fcgyi<\/u><\/strong> szakokon, nappali tagozaton.\u00a0<\/p>\n<p style=\"text-align: justify\"><strong>Hogyan m\u0171k\u00f6dik a ROMASTER Program?<\/strong><\/p>\n<p style=\"text-align: justify\">A <strong><em>ROMASTER \u2013 Es\u00e9lyprogram a J\u00f6v\u0151 Roma Vezet\u0151i\u00e9rt <\/em><\/strong>egy h\u00e1rom pill\u00e9rb\u0151l \u00e1ll\u00f3 \u00f6szt\u00f6nd\u00edjrendszer, amelyet a HBLF-ROMASTER Alap\u00edtv\u00e1ny m\u0171k\u00f6dtet a t\u00e1mogat\u00f3 v\u00e1llalatok akt\u00edv r\u00e9szv\u00e9tel\u00e9vel. A Program k\u00f6z\u00e9piskol\u00e1s kort\u00f3l hidat teremt a cig\u00e1ny fiataloknak a k\u00f6z\u00e9piskola \u00e9s fels\u0151oktat\u00e1s k\u00f6z\u00f6tti szakad\u00e9k sikeres lek\u00fczd\u00e9s\u00e9hez, \u00e9s k\u00e9s\u0151bb a munkaer\u0151piacra t\u00f6rt\u00e9n\u0151 bel\u00e9p\u00e9shez.<\/p>\n<p style=\"text-align: justify\">\u00d6SZT\u00d6ND\u00cdJ<\/p>\n<p style=\"text-align: justify\">A Programhoz csatlakoz\u00f3 v\u00e1llalatok di\u00e1konk\u00e9nt <strong>\u00e9vi 432 000 Ft<\/strong> \u00f6sszeggel t\u00e1mogatj\u00e1k a di\u00e1k tanul\u00e1shoz kapcsol\u00f3d\u00f3 kiad\u00e1sait (nyelv\u00f3r\u00e1k, k\u00fcl\u00f6n\u00f3r\u00e1k, tank\u00f6nyvek, iskol\u00e1ba t\u00f6rt\u00e9n\u0151 utaz\u00e1s) a diploma megszerz\u00e9s\u00e9ig, valamint a Program koordin\u00e1l\u00e1s\u00e1nak adminisztrat\u00edv k\u00f6lts\u00e9geit.<\/p>\n<p style=\"text-align: justify\">MENTOR\u00c1L\u00c1S<\/p>\n<p style=\"text-align: justify\">A Programban r\u00e9sztvev\u0151ket a t\u00e1mogat\u00f3 v\u00e1llalatok r\u00e9sz\u00e9r\u0151l szem\u00e9lyes mentorok seg\u00edtik, akikre nemcsak szakmailag, de emberileg is \u00e9p\u00edthetnek a sikerrel p\u00e1ly\u00e1z\u00f3k.<\/p>\n<p style=\"text-align: justify\">SZAKMAI GYAKORLAT<\/p>\n<p style=\"text-align: justify\">A harmadik pill\u00e9rt a v\u00e1llalatokn\u00e1l biztos\u00edtott gyakorlati tapasztalatszerz\u00e9s lehet\u0151s\u00e9ge jelenti.<\/p>\n<p style=\"text-align: justify\">\u00a0B\u0151vebb inform\u00e1ci\u00f3 let\u00f6lthet\u0151 <a href=\"https:\/\/semmelweis.hu\/gytk\/files\/2017\/10\/Romaster-X.-palyazati-felhivas_felsooktatasi.pdf\" target=\"_blank\" rel=\"noopener\">innen<\/a>.<\/p>\n<\/td>\n<\/tr>\n<\/tbody>\n<\/table>\n","protected":false},"excerpt":{"rendered":"<p>K\u00f6z\u00f6s feladatunk a roma kisebbs\u00e9g gazdas\u00e1gi \u00e9s szoci\u00e1lis helyzet\u00e9nek jav\u00edt\u00e1sa Magyarorsz\u00e1gon, \u00e9ppen ez\u00e9rt a Hungarian Business Leaders Forum 2007-ben a h\u00e1tr\u00e1nyos szoci\u00e1lis helyzetben l\u00e9v\u0151 k\u00f6z\u00e9piskol\u00e1s roma di\u00e1kok tanulm\u00e1nyait t\u00e1mogat\u00f3 rendszert hozott l\u00e9tre. A ROMASTER Program c\u00e9lja, hogy el\u0151seg\u00edtse a roma \u00e9rtelmis\u00e9gi r\u00e9teg fejl\u0151d\u00e9s\u00e9t, t\u00e1mogassa olyan di\u00e1kok \u00e9letk\u00f6r\u00fclm\u00e9nyeinek jav\u00edt\u00e1s\u00e1t, akik er\u0151sen r\u00e1szorultak. Alap\u00edtv\u00e1nyunk a 21 k\u00f6zrem\u0171k\u00f6d\u0151 &hellip;<\/p>\n","protected":false},"author":101025,"featured_media":4612,"comment_status":"closed","ping_status":"closed","sticky":false,"template":"","format":"standard","meta":{"_acf_changed":false,"footnotes":""},"categories":[24],"tags":[],"class_list":["post-4593","post","type-post","status-publish","format-standard","has-post-thumbnail","hentry","category-palyazat"],"acf":[],"_links":{"self":[{"href":"https:\/\/semmelweis.hu\/gytk\/wp-json\/wp\/v2\/posts\/4593","targetHints":{"allow":["GET"]}}],"collection":[{"href":"https:\/\/semmelweis.hu\/gytk\/wp-json\/wp\/v2\/posts"}],"about":[{"href":"https:\/\/semmelweis.hu\/gytk\/wp-json\/wp\/v2\/types\/post"}],"author":[{"embeddable":true,"href":"https:\/\/semmelweis.hu\/gytk\/wp-json\/wp\/v2\/users\/101025"}],"replies":[{"embeddable":true,"href":"https:\/\/semmelweis.hu\/gytk\/wp-json\/wp\/v2\/comments?post=4593"}],"version-history":[{"count":4,"href":"https:\/\/semmelweis.hu\/gytk\/wp-json\/wp\/v2\/posts\/4593\/revisions"}],"predecessor-version":[{"id":4613,"href":"https:\/\/semmelweis.hu\/gytk\/wp-json\/wp\/v2\/posts\/4593\/revisions\/4613"}],"wp:featuredmedia":[{"embeddable":true,"href":"https:\/\/semmelweis.hu\/gytk\/wp-json\/wp\/v2\/media\/4612"}],"wp:attachment":[{"href":"https:\/\/semmelweis.hu\/gytk\/wp-json\/wp\/v2\/media?parent=4593"}],"wp:term":[{"taxonomy":"category","embeddable":true,"href":"https:\/\/semmelweis.hu\/gytk\/wp-json\/wp\/v2\/categories?post=4593"},{"taxonomy":"post_tag","embeddable":true,"href":"https:\/\/semmelweis.hu\/gytk\/wp-json\/wp\/v2\/tags?post=4593"}],"curies":[{"name":"wp","href":"https:\/\/api.w.org\/{rel}","templated":true}]}}