{"id":3131,"date":"2016-08-26T09:03:51","date_gmt":"2016-08-26T07:03:51","guid":{"rendered":"http:\/\/semmelweis.hu\/gytk\/?p=3131"},"modified":"2016-08-26T09:12:07","modified_gmt":"2016-08-26T07:12:07","slug":"merck-tanulmanyi-tamogatas-a-201617-201718-as-tanevekre","status":"publish","type":"post","link":"https:\/\/semmelweis.hu\/gytk\/2016\/08\/merck-tanulmanyi-tamogatas-a-201617-201718-as-tanevekre\/","title":{"rendered":"\u201eMERCK TANULM\u00c1NYI T\u00c1MOGAT\u00c1S a 2016\/17-2017\/18-as tan\u00e9vekre\u201d"},"content":{"rendered":"<p style=\"text-align: justify\">\u00a0<\/p>\n<p style=\"text-align: justify\">A Merck Kft. (<a href=\"http:\/\/www.merck.hu\/\" target=\"_blank\">www.merck.hu) <\/a>p\u00e1ly\u00e1zatot hirdet azzal a c\u00e9llal, hogy t\u00e1mogassa a szoci\u00e1lisan h\u00e1tr\u00e1nyos helyzet\u0171, k\u00f6z\u00e9piskolai tanulm\u00e1nyaik sor\u00e1n j\u00f3 tanulm\u00e1nyi eredm\u00e9nyt el\u00e9r\u0151 di\u00e1kokat, hogy az orsz\u00e1g egyik kiemelt fels\u0151oktat\u00e1si int\u00e9zm\u00e9ny\u00e9ben folytathass\u00e1k tanulm\u00e1nyaikat.<\/p>\n<p style=\"text-align: justify\">A p\u00e1ly\u00e1zaton <strong>4 tanul\u00f3<\/strong> nyerheti el a t\u00e1mogat\u00e1st (2 tanul\u00f3 biol\u00f3gia, biok\u00e9mia, k\u00e9mia vagy vegy\u00e9szm\u00e9rn\u00f6ki szakr\u00f3l \u2013 2 tanul\u00f3 orvos- vagy gy\u00f3gyszer\u00e9sz karr\u00f3l).<\/p>\n<p style=\"text-align: justify\"><u>A p\u00e1ly\u00e1zaton azok a tanul\u00f3k vehetnek r\u00e9szt, akik az al\u00e1bbi felt\u00e9telek k\u00f6z\u00fcl mindnek megfelelnek:<\/u><\/p>\n<ol style=\"text-align: justify\">\n<li>a 2015\/2016-os tan\u00e9vben b\u00e1rmely magyarorsz\u00e1gi k\u00f6z\u00e9piskola nappali tagozat\u00e1n v\u00e9gzett hallgat\u00f3* <strong><u>\u00e9s<\/u><\/strong><\/li>\n<li>minimum <strong>4,5 tanulm\u00e1nyi \u00e1tlag<\/strong> (a p\u00e1ly\u00e1zati felt\u00e9telek k\u00f6z\u00f6tt megjel\u00f6lt minim\u00e1lis tanulm\u00e1nyi \u00e1tlag a p\u00e1ly\u00e1zat beny\u00fajt\u00e1s\u00e1t megel\u0151z\u0151 &#8211; 2014\/2015 \u00e9s 2015\/2016 &#8211; k\u00e9t tan\u00e9vre vonatkozik) <strong><u>\u00e9s<\/u><\/strong><\/li>\n<li><strong>\u00e1llamilag finansz\u00edrozott <\/strong>(nem k\u00f6lts\u00e9gt\u00e9r\u00edt\u00e9ses) fels\u0151oktat\u00e1si k\u00e9pz\u00e9sben r\u00e9sztvev\u0151k<strong> <u>\u00e9s<\/u><\/strong><\/li>\n<li>akik els\u0151 diplom\u00e1jukat k\u00edv\u00e1nj\u00e1k megszerezni <strong><u>\u00e9s<\/u><\/strong><\/li>\n<li>a csal\u00e1d egy f\u0151re es\u0151 j\u00f6vedelme nem haladja meg a mindenkor \u00e9rv\u00e9nyes minim\u00e1lb\u00e9rt (2016-ban: <strong><span style=\"font-size: 14pt\">111.<\/span>000 Ft<\/strong>-ot)<strong> <u>\u00e9s<\/u><\/strong><\/li>\n<li>akik az al\u00e1bbi int\u00e9zm\u00e9nyek b\u00e1rmelyik\u00e9be felv\u00e9telt nyertek \u2013 a megjel\u00f6lt szakon:<\/li>\n<\/ol>\n<ul style=\"text-align: justify\">\n<li><strong>Budapesti M\u0171szaki \u00e9s Gazdas\u00e1gtudom\u00e1nyi Egyetem<\/strong>\n<ul>\n<li>Vegy\u00e9szm\u00e9rn\u00f6ki \u00e9s Biom\u00e9rn\u00f6ki Kar (biom\u00e9rn\u00f6ki, vegy\u00e9szm\u00e9rn\u00f6ki)<\/li>\n<\/ul>\n<\/li>\n<li><strong>Debreceni Egyetem<\/strong>\n<ul>\n<li>Term\u00e9szettudom\u00e1nyi \u00e9s Technol\u00f3giai Kar (biol\u00f3gia, biom\u00e9rn\u00f6ki, molekul\u00e1ris biol\u00f3gia, vegy\u00e9szm\u00e9rn\u00f6ki, k\u00e9mia szak)<\/li>\n<li>\u00c1ltal\u00e1nos Orvostudom\u00e1nyi Kar (\u00e1ltal\u00e1nos orvos)<\/li>\n<li>Gy\u00f3gyszer\u00e9sztudom\u00e1nyi Kar (gy\u00f3gyszer\u00e9sz)<\/li>\n<\/ul>\n<\/li>\n<li><strong>E\u00f6tv\u00f6s L\u00f3r\u00e1nd Tudom\u00e1nyegyetem<\/strong>\n<ul>\n<li>Term\u00e9szettudom\u00e1nyi Kar (biol\u00f3gia, k\u00e9mia szak)<\/li>\n<\/ul>\n<\/li>\n<li><strong>Pannon Egyetem<\/strong>\n<ul>\n<li>M\u00e9rn\u00f6ki Kar (biom\u00e9rn\u00f6ki, k\u00e9mia, vegy\u00e9szm\u00e9rn\u00f6ki szak)<\/li>\n<\/ul>\n<\/li>\n<li><strong>P\u00e9csi Tudom\u00e1nyegyetem<\/strong>\n<ul>\n<li>\u00c1ltal\u00e1nos Orvostudom\u00e1nyi Kar (\u00e1ltal\u00e1nos orvos)<\/li>\n<li>Gy\u00f3gyszer\u00e9sztudom\u00e1nyi Kar<\/li>\n<li>Term\u00e9szettudom\u00e1nyi Kar (biol\u00f3gia, k\u00e9mia szak)<\/li>\n<\/ul>\n<\/li>\n<li><strong>Semmelweis Egyetem<\/strong>\n<ul>\n<li>Gy\u00f3gyszer\u00e9sztudom\u00e1nyi Kar<\/li>\n<li>\u00c1ltal\u00e1nos Orvostudom\u00e1nyi Kar (\u00e1ltal\u00e1nos orvos)<\/li>\n<\/ul>\n<\/li>\n<li><strong>Szegedi Tudom\u00e1nyegyetem<\/strong>\n<ul>\n<li>\u00c1ltal\u00e1nos Orvostudom\u00e1nyi Kar (\u00e1ltal\u00e1nos orvos)<\/li>\n<li>Gy\u00f3gyszer\u00e9sztudom\u00e1nyi Kar<\/li>\n<li>Term\u00e9szettudom\u00e1nyi \u00e9s Informatikai Kar (biol\u00f3gia szak, k\u00e9mia szak)<\/li>\n<\/ul>\n<\/li>\n<\/ul>\n<p style=\"text-align: justify\">*A nem 2015\/2016-os tan\u00e9vben \u00e9retts\u00e9gizettek a halaszt\u00e1s ok\u00e1t r\u00f6viden indokolj\u00e1k meg.<\/p>\n<p style=\"text-align: justify\">\u00a0<\/p>\n<p style=\"text-align: justify\">A p\u00e1ly\u00e1zat beny\u00fajt\u00e1s\u00e1nak id\u0151pontj\u00e1ban a p\u00e1ly\u00e1z\u00f3 r\u00e9sz\u00e9re m\u00e1s \u00f6szt\u00f6nd\u00edj foly\u00f3s\u00edt\u00e1sa a p\u00e1ly\u00e1zat beny\u00fajt\u00e1s\u00e1nak <strong>nem akad\u00e1lya.<\/strong><\/p>\n<p style=\"text-align: justify\">\u00a0<\/p>\n<p style=\"text-align: justify\"><strong><u>A p\u00e1ly\u00e1zat formai \u00e9s tartalmi k\u00f6vetelm\u00e9nyei:<\/u><\/strong><\/p>\n<p style=\"text-align: justify\">\u00a0<\/p>\n<p style=\"text-align: justify\">P\u00e1ly\u00e1zni a Merck Kft. \u00e1ltal <a href=\"https:\/\/semmelweis.hu\/gytk\/files\/2016\/08\/P\u00e1ly\u00e1zati-adatlap_Merck-tanulm\u00e1nyi-t\u00e1mogat\u00e1s_2016-2018-tan\u00e9vr_4.pdf\" target=\"_blank\">mell\u00e9kelt adatlapon<\/a> lehet, amely k\u00e9rhet\u0151<\/p>\n<ul style=\"text-align: justify\">\n<li>e-mailben a csr@merck.hu e-mail c\u00edmen, vagy<\/li>\n<li>az Egyetem illet\u00e9kes kar\u00e1nak Tanulm\u00e1nyi Oszt\u00e1ly\u00e1n ill. az \u00f6szt\u00f6nd\u00edjjal foglalkoz\u00f3 munkat\u00e1rsakn\u00e1l<\/li>\n<\/ul>\n<p style=\"text-align: justify\"><u>A p\u00e1ly\u00e1zatnak tartalmaznia kell:<\/u><\/p>\n<ul style=\"text-align: justify\">\n<li>hi\u00e1nytalanul kit\u00f6lt\u00f6tt p\u00e1ly\u00e1zati adatlapot<\/li>\n<li>a tanul\u00f3i jogviszony igazol\u00e1s\u00e1t<\/li>\n<li>az utols\u00f3 k\u00e9t tan\u00e9v \u00e9v v\u00e9gi bizony\u00edtv\u00e1ny\u00e1nak az oktat\u00e1si int\u00e9zm\u00e9ny \u00e1ltal hiteles\u00edtett f\u00e9nym\u00e1solat\u00e1t<\/li>\n<li>j\u00f6vedelem igazol\u00e1sokat (p\u00e1ly\u00e1zati adatlap alapj\u00e1n, mell\u00e9kelve az igazol\u00e1sokat)<\/li>\n<\/ul>\n<p style=\"text-align: justify\"><u>Amennyiben van:<\/u><\/p>\n<ul style=\"text-align: justify\">\n<li>tanulm\u00e1nyi versenyen el\u00e9rt eredm\u00e9nyt igazol\u00f3 m\u00e1solatot, csak <u>szakter\u00fclethez kapcsol\u00f3d\u00f3<\/u><\/li>\n<li>nyelvvizsga bizony\u00edtv\u00e1ny m\u00e1solat\u00e1t<\/li>\n<li>ECDL vizsga bizony\u00edtv\u00e1ny m\u00e1solat\u00e1t<\/li>\n<\/ul>\n<p style=\"text-align: justify\">\u00a0<\/p>\n<p style=\"text-align: justify\"><strong><u>Az elb\u00edr\u00e1l\u00e1s szempontjai:<\/u><\/strong><\/p>\n<p style=\"text-align: justify\">\u00a0<\/p>\n<p style=\"text-align: justify\">A Merck Kft. CSR Bizotts\u00e1ga a p\u00e1ly\u00e1zatok \u00e9rt\u00e9kel\u00e9s\u00e9n\u00e9l els\u0151sorban a p\u00e1ly\u00e1z\u00f3 tanulm\u00e1nyi eredm\u00e9nyeit veszi figyelembe. Azonosan j\u00f3 tanulm\u00e1nyi eredm\u00e9nyt el\u00e9rt hallgat\u00f3k eset\u00e9ben a szoci\u00e1lis h\u00e1tt\u00e9r alapj\u00e1n fel\u00e1ll\u00edtott sorrend fog d\u00f6nteni.<\/p>\n<p style=\"text-align: justify\">A tanulm\u00e1nyi \u00e1tlageredm\u00e9nyre adott alappontsz\u00e1mot kieg\u00e9sz\u00edtheti a p\u00e1ly\u00e1z\u00f3 <u>szakter\u00fclethez kapcsol\u00f3d\u00f3<\/u> tanulm\u00e1nyi versenyeken el\u00e9rt eredm\u00e9nye, nyelvvizsg\u00e1ja, melyeket minden esetben hitelt \u00e9rdeml\u0151en dokument\u00e1lni sz\u00fcks\u00e9ges.<\/p>\n<p style=\"text-align: justify\">A p\u00e1ly\u00e1zati adatlapot al\u00e1\u00edrva 2 eredeti p\u00e9ld\u00e1nyban, a mell\u00e9kleteket 1 p\u00e9ld\u00e1nyban, lez\u00e1rt bor\u00edt\u00e9kban kell elk\u00fcldeni az al\u00e1bbi c\u00edmre:<\/p>\n<p style=\"text-align: justify\">\u00a0<\/p>\n<p style=\"text-align: justify\"><strong>Merck Kft.<\/strong><\/p>\n<p style=\"text-align: justify\"><strong>1117 Budapest, Okt\u00f3ber huszonharmadika u. 6-10.<\/strong><\/p>\n<p style=\"text-align: justify\">\u00a0<\/p>\n<p style=\"text-align: justify\">A bor\u00edt\u00e9kra k\u00e9rj\u00fck r\u00e1\u00edrni: <strong>\u201eCSR Bizotts\u00e1g, Tanulm\u00e1nyi T\u00e1mogat\u00e1s\u201d<\/strong><\/p>\n<p style=\"text-align: justify\">\u00a0<\/p>\n<p style=\"text-align: justify\">A formailag nem megfelel\u0151, hi\u00e1nyosan kit\u00f6lt\u00f6tt, az el\u0151\u00edrt mell\u00e9kletekkel nem rendelkez\u0151, k\u00e9sve \u00e9rkezett, al\u00e1\u00edr\u00e1s n\u00e9lk\u00fcli p\u00e1ly\u00e1zatokat nem tudjuk elb\u00edr\u00e1lni.<\/p>\n<p style=\"text-align: justify\">\u00a0<\/p>\n<p style=\"text-align: justify\">A t\u00e1mogat\u00e1s <strong>4 szemeszter idej\u00e9re<\/strong> nyerhet\u0151 el (20 h\u00f3nap), amely a k\u00f6vetkez\u0151k\u00e9ppen oszlik meg:<\/p>\n<ol style=\"text-align: justify\">\n<li>tan\u00e9v: 2016\/2017<\/li>\n<li>tan\u00e9v: 2017\/2018<\/li>\n<\/ol>\n<p style=\"text-align: justify\">A t\u00e1mogat\u00e1s foly\u00f3s\u00edt\u00e1sa f\u00e9l\u00e9venk\u00e9nt egy \u00f6sszegben, minden szemeszter elej\u00e9n t\u00f6rt\u00e9nik. (125.000 Ft\/f\u00e9l\u00e9v) Az els\u0151 r\u00e9szlet kiv\u00e9tel\u00e9vel az utal\u00e1s felt \u00e9tele, hogy a nyertes hallgat\u00f3 minden esetben igazolja a megel\u0151z\u0151 f\u00e9l\u00e9v tanulm\u00e1nyi k\u00f6vetelm\u00e9nyeinek sikeres teljes\u00edt\u00e9s\u00e9t.<\/p>\n<p style=\"text-align: justify\">\u00a0<\/p>\n<p style=\"text-align: justify\"><strong>A tanulm\u00e1nyi t\u00e1mogat\u00e1s \u00f6sszege brutt\u00f3* 25.000 Ft\/h\u00f3.<\/strong><\/p>\n<p style=\"text-align: justify\">\u00a0<\/p>\n<p style=\"text-align: justify\">*Az \u00e9rv\u00e9nyes jogszab\u00e1lyoknak megfelel\u0151en a kifizetett \u00f6szt\u00f6nd\u00edj\u00a0 a hallgat\u00f3 r\u00e9sz\u00e9r\u0151l egy\u00e9b j\u00f6vedelemnek min\u0151s\u00fcl, amely ad\u00f3k\u00f6teles \u00e9s az \u00e9ves SZJA bevall\u00e1s\u00e1ban szerepeltetni kell. A jelenleg \u00e9rv\u00e9nyben l\u00e9v\u0151 SZJA t\u00f6rv\u00e9ny \u00e9rtelm\u00e9ben a fenti \u00f6sszegb\u0151l ad\u00f3alap-kieg\u00e9sz\u00edt\u00e9s hi\u00e1ny\u00e1ban 16 % SZJA levon\u00e1sra ker\u00fcl.<\/p>\n<p style=\"text-align: justify\">\u00a0<\/p>\n<p style=\"text-align: justify\"><strong><u>Az elb\u00edr\u00e1l\u00e1s menete:<\/u><\/strong><\/p>\n<p style=\"text-align: justify\">\u00a0<\/p>\n<p style=\"text-align: justify\"><strong>A p\u00e1ly\u00e1zat be\u00e9rkez\u00e9si hat\u00e1rideje: 2016. okt\u00f3ber 12.<\/strong><\/p>\n<p style=\"text-align: justify\">(a hat\u00e1rid\u0151n\u00e9l a postai b\u00e9lyegz\u0151 d\u00e1tuma sz\u00e1m\u00edt)<\/p>\n<p style=\"text-align: justify\">\u00a0<\/p>\n<p style=\"text-align: justify\">\u00a0<\/p>\n<p style=\"text-align: justify\">A bek\u00fcld\u00f6tt p\u00e1ly\u00e1zatokat a Merck Kft. CSR Bizotts\u00e1ga b\u00edr\u00e1lja el.<\/p>\n<p style=\"text-align: justify\">A feldolgoz\u00e1s \u00e9s az elb\u00edr\u00e1l\u00e1s hat\u00e1rideje:\u00a0\u00a0\u00a0\u00a0\u00a0\u00a0\u00a0\u00a0\u00a0\u00a0\u00a0\u00a0\u00a0\u00a0\u00a0\u00a0\u00a0\u00a0\u00a0\u00a0\u00a0 2016. okt\u00f3ber 26.<\/p>\n<p style=\"text-align: justify\">A d\u00f6nt\u00e9sr\u0151l a p\u00e1ly\u00e1z\u00f3k \u00edr\u00e1sban kapnak \u00e9rtes\u00edt\u00e9st\u00a0\u00a0\u00a0\u00a0\u00a0\u00a0 2016. november 4.<\/p>\n<p style=\"text-align: justify\">A nyertes p\u00e1ly\u00e1z\u00f3knak a p\u00e1ly\u00e1zathoz csatolt tanulm\u00e1nyi eredm\u00e9nyt igazol\u00f3 eredeti dokumentumokat szem\u00e9lyesen is be kell mutatniuk, amelyre egy \u00fcnnep\u00e9lyes d\u00edj\u00e1tad\u00f3 keret\u00e9ben ny\u00edlik lehet\u0151s\u00e9g\u00fck<\/p>\n<p style=\"text-align: justify\">\u00a0<\/p>\n<p style=\"text-align: justify\"><strong>Az \u00fcnnep\u00e9lyes d\u00edj\u00e1tad\u00f3 id\u0151pontja: 2016. november 28-i h\u00e9ten<\/strong><\/p>\n<p style=\"text-align: justify\">\u00a0<\/p>\n<p style=\"text-align: justify\">A t\u00e1mogat\u00e1st elnyert tanul\u00f3k r\u00e9sz\u00e9re az els\u0151 szemeszterre jut\u00f3 t\u00e1mogat\u00e1s utal\u00e1sa 2016. december 15-ig v\u00e1rhat\u00f3.<\/p>\n<p style=\"text-align: justify\">Azokat a p\u00e1ly\u00e1zatokat, amelyek nem r\u00e9szes\u00fclnek pozit\u00edv elb\u00edr\u00e1l\u00e1sban, postai \u00faton visszajuttatjuk a felad\u00f3nak.<\/p>\n<p style=\"text-align: justify\">A t\u00e1mogat\u00e1ssal kapcsolatosan tov\u00e1bbi inform\u00e1ci\u00f3 \u00edr\u00e1sban k\u00e9rhet\u0151 a <a href=\"mailto:csr@merck.\">csr@merck.<\/a>hu e-mail c\u00edmen.<\/p>\n<p>&nbsp;<\/p>\n","protected":false},"excerpt":{"rendered":"<p>\u00a0 A Merck Kft. ( <a href=\"http:\/\/www.merck.hu\/\" target=\"_blank\">www.merck.hu) <\/a> p\u00e1ly\u00e1zatot hirdet azzal a c\u00e9llal, hogy t\u00e1mogassa a szoci\u00e1lisan h\u00e1tr\u00e1nyos helyzet\u0171, k\u00f6z\u00e9piskolai tanulm\u00e1nyaik sor\u00e1n j\u00f3 tanulm\u00e1nyi eredm\u00e9nyt el\u00e9r\u0151 di\u00e1kokat, hogy az orsz\u00e1g egyik kiemelt fels\u0151oktat\u00e1si int\u00e9zm\u00e9ny\u00e9ben folytathass\u00e1k tanulm\u00e1nyaikat. A p\u00e1ly\u00e1zaton 4 tanul\u00f3 nyerheti el a t\u00e1mogat\u00e1st (2 tanul\u00f3 biol\u00f3gia, biok\u00e9mia, k\u00e9mia vagy vegy\u00e9szm\u00e9rn\u00f6ki szakr\u00f3l \u2013 2 tanul\u00f3 orvos- vagy gy\u00f3gyszer\u00e9sz &hellip;<\/p>\n","protected":false},"author":101025,"featured_media":0,"comment_status":"closed","ping_status":"closed","sticky":false,"template":"","format":"standard","meta":{"_acf_changed":false,"footnotes":""},"categories":[24],"tags":[],"class_list":["post-3131","post","type-post","status-publish","format-standard","hentry","category-palyazat"],"acf":[],"_links":{"self":[{"href":"https:\/\/semmelweis.hu\/gytk\/wp-json\/wp\/v2\/posts\/3131","targetHints":{"allow":["GET"]}}],"collection":[{"href":"https:\/\/semmelweis.hu\/gytk\/wp-json\/wp\/v2\/posts"}],"about":[{"href":"https:\/\/semmelweis.hu\/gytk\/wp-json\/wp\/v2\/types\/post"}],"author":[{"embeddable":true,"href":"https:\/\/semmelweis.hu\/gytk\/wp-json\/wp\/v2\/users\/101025"}],"replies":[{"embeddable":true,"href":"https:\/\/semmelweis.hu\/gytk\/wp-json\/wp\/v2\/comments?post=3131"}],"version-history":[{"count":3,"href":"https:\/\/semmelweis.hu\/gytk\/wp-json\/wp\/v2\/posts\/3131\/revisions"}],"predecessor-version":[{"id":3136,"href":"https:\/\/semmelweis.hu\/gytk\/wp-json\/wp\/v2\/posts\/3131\/revisions\/3136"}],"wp:attachment":[{"href":"https:\/\/semmelweis.hu\/gytk\/wp-json\/wp\/v2\/media?parent=3131"}],"wp:term":[{"taxonomy":"category","embeddable":true,"href":"https:\/\/semmelweis.hu\/gytk\/wp-json\/wp\/v2\/categories?post=3131"},{"taxonomy":"post_tag","embeddable":true,"href":"https:\/\/semmelweis.hu\/gytk\/wp-json\/wp\/v2\/tags?post=3131"}],"curies":[{"name":"wp","href":"https:\/\/api.w.org\/{rel}","templated":true}]}}