{"id":251,"date":"2009-05-04T15:12:08","date_gmt":"2009-05-04T15:12:08","guid":{"rendered":"http:\/\/semmelweis.hu\/gytk\/?p=251"},"modified":"2014-01-21T15:16:36","modified_gmt":"2014-01-21T15:16:36","slug":"k-o-z-l-e-m-e-n-y","status":"publish","type":"post","link":"https:\/\/semmelweis.hu\/gytk\/2009\/05\/k-o-z-l-e-m-e-n-y\/","title":{"rendered":"K \u00d6 Z L E M \u00c9 N Y &#8211; dr. pharm. c\u00edm"},"content":{"rendered":"<p><span style=\"font-size: medium\"><strong>\u00a0 \u00a0 \u00a0 \u00a0 \u00a0 \u00a0 Ez\u00faton t\u00e1j\u00e9koztatom a Tisztelt Gy\u00f3gyszer\u00e9sz Kolleg\u00e1kat, hogy a 2008. \u00e9vi CVI. t\u00f6rv\u00e9ny 72. \u00a7-\u00e1ban foglaltak szerint azok a gy\u00f3gyszer\u00e9szek, akik oklevel\u00fcket Magyarorsz\u00e1gon szerezt\u00e9k, illetve itt honos\u00edttatt\u00e1k jogosultak a gy\u00f3gyszer\u00e9sz foglalkoz\u00e1s doktori (dr. pharm.) c\u00edm haszn\u00e1lat\u00e1ra, amely tudom\u00e1nyos fokozatnak nem min\u0151s\u00fcl.<\/strong><\/span><\/p>\n<p><span style=\"font-size: medium\"><strong>\u00a0 \u00a0 \u00a0 \u00a0 \u00a0 \u00a0 A Semmelweis Egyetem Gy\u00f3gyszer\u00e9sztudom\u00e1nyi Kara azon v\u00e9gzett hallgat\u00f3i sz\u00e1m\u00e1ra, akik ezt \u00edr\u00e1sban ig\u00e9nylik, k\u00e9tnyelv\u0171 (magyar \u00e9s latin) nyelv\u0171 d\u00edszoklevelet ad ki a dr. pharm. c\u00edm haszn\u00e1lat\u00e1ra val\u00f3 jogosults\u00e1g igazol\u00e1s\u00e1ra. A d\u00edszoklev\u00e9l kiad\u00e1s\u00e1nak d\u00edja 20.000,- azaz h\u00fasz ezer forint, amely mag\u00e1ban foglalja az el\u0151\u00e1ll\u00edt\u00e1si, elj\u00e1r\u00e1si \u00e9s postai k\u00f6lts\u00e9geket is. A d\u00edszoklev\u00e9l ig\u00e9nyl\u00e9s\u00e9r\u0151l sz\u00f3l\u00f3 lev\u00e9lhez mell\u00e9kelni kell a gy\u00f3gyszer\u00e9szi oklev\u00e9l f\u00e9nym\u00e1solat\u00e1t. (Postai c\u00edm: Semmelweis Egyetem Gy\u00f3gyszer\u00e9sztudom\u00e1nyi Kar D\u00e9k\u00e1ni Hivatal 1085 Budapest, \u00dcll\u0151i \u00fat 26. Fax: 266-84-12)<\/strong><\/span><\/p>\n<p><span style=\"font-size: medium\"><strong>\u00a0 \u00a0 \u00a0 \u00a0 \u00a0 \u00a0 A k\u00e9relem be\u00e9rkez\u00e9se ut\u00e1n a d\u00edj befizet\u00e9s\u00e9re szolg\u00e1l\u00f3 postautalv\u00e1nyt k\u00fcld\u00fcnk. A befizet\u00e9s megt\u00f6rt\u00e9nt\u00e9t igazol\u00f3 felad\u00f3vev\u00e9ny visszak\u00fcld\u00e9s\u00e9t k\u00f6vet\u0151en ker\u00fclhet sor a d\u00edszoklev\u00e9l elk\u00e9sz\u00edttet\u00e9s\u00e9re \u00e9s elk\u00fcld\u00e9s\u00e9re.<\/strong><\/span><\/p>\n<p><span style=\"font-size: medium\"><strong>Budapest, 2010. m\u00e1rcius<\/strong><\/span><\/p>\n<p><strong>Prof. Dr.\u00a0Nosz\u00e1l B\u00e9la\u00a0<\/strong><strong>d\u00e9k\u00e1n<\/strong><\/p>\n","protected":false},"excerpt":{"rendered":"<p>\u00a0 \u00a0 \u00a0 \u00a0 \u00a0 \u00a0 Ez\u00faton t\u00e1j\u00e9koztatom a Tisztelt Gy\u00f3gyszer\u00e9sz Kolleg\u00e1kat, hogy a 2008. \u00e9vi CVI. t\u00f6rv\u00e9ny 72. \u00a7-\u00e1ban foglaltak szerint azok a gy\u00f3gyszer\u00e9szek, akik oklevel\u00fcket Magyarorsz\u00e1gon szerezt\u00e9k, illetve itt honos\u00edttatt\u00e1k jogosultak a gy\u00f3gyszer\u00e9sz foglalkoz\u00e1s doktori (dr. pharm.) c\u00edm haszn\u00e1lat\u00e1ra, amely tudom\u00e1nyos fokozatnak nem min\u0151s\u00fcl. \u00a0 \u00a0 \u00a0 \u00a0 \u00a0 \u00a0 A Semmelweis Egyetem &hellip;<\/p>\n","protected":false},"author":159,"featured_media":0,"comment_status":"open","ping_status":"open","sticky":false,"template":"","format":"standard","meta":{"_acf_changed":false,"footnotes":""},"categories":[1],"tags":[],"class_list":["post-251","post","type-post","status-publish","format-standard","hentry","category-hirek"],"acf":[],"_links":{"self":[{"href":"https:\/\/semmelweis.hu\/gytk\/wp-json\/wp\/v2\/posts\/251","targetHints":{"allow":["GET"]}}],"collection":[{"href":"https:\/\/semmelweis.hu\/gytk\/wp-json\/wp\/v2\/posts"}],"about":[{"href":"https:\/\/semmelweis.hu\/gytk\/wp-json\/wp\/v2\/types\/post"}],"author":[{"embeddable":true,"href":"https:\/\/semmelweis.hu\/gytk\/wp-json\/wp\/v2\/users\/159"}],"replies":[{"embeddable":true,"href":"https:\/\/semmelweis.hu\/gytk\/wp-json\/wp\/v2\/comments?post=251"}],"version-history":[{"count":6,"href":"https:\/\/semmelweis.hu\/gytk\/wp-json\/wp\/v2\/posts\/251\/revisions"}],"predecessor-version":[{"id":257,"href":"https:\/\/semmelweis.hu\/gytk\/wp-json\/wp\/v2\/posts\/251\/revisions\/257"}],"wp:attachment":[{"href":"https:\/\/semmelweis.hu\/gytk\/wp-json\/wp\/v2\/media?parent=251"}],"wp:term":[{"taxonomy":"category","embeddable":true,"href":"https:\/\/semmelweis.hu\/gytk\/wp-json\/wp\/v2\/categories?post=251"},{"taxonomy":"post_tag","embeddable":true,"href":"https:\/\/semmelweis.hu\/gytk\/wp-json\/wp\/v2\/tags?post=251"}],"curies":[{"name":"wp","href":"https:\/\/api.w.org\/{rel}","templated":true}]}}