{"id":242,"date":"2011-10-17T14:58:24","date_gmt":"2011-10-17T14:58:24","guid":{"rendered":"http:\/\/semmelweis.hu\/gytk\/?p=242"},"modified":"2014-01-21T15:03:29","modified_gmt":"2014-01-21T15:03:29","slug":"ugyfelfogadasi-ido-dekani-hivatal-szak-es-tovabbkepzesi-csoport","status":"publish","type":"post","link":"https:\/\/semmelweis.hu\/gytk\/2011\/10\/ugyfelfogadasi-ido-dekani-hivatal-szak-es-tovabbkepzesi-csoport\/","title":{"rendered":"\u00dcgyf\u00e9lfogad\u00e1si id\u0151 &#8211; D\u00c9K\u00c1NI HIVATAL SZAK- \u00c9S TOV\u00c1BBK\u00c9PZ\u00c9SI CSOPORT"},"content":{"rendered":"<p align=\"justify\">Semmelweis Egyetem Gy\u00f3gyszer\u00e9sztudom\u00e1nyi Kar\u00e1n a gy\u00f3gyszer\u00e9sz-tov\u00e1bbk\u00e9pz\u00e9ssel kapcsolatos adminisztr\u00e1ci\u00f3s \u00e9s nyilv\u00e1ntart\u00e1si \u00fcgyekben (pl.: tov\u00e1bbk\u00e9pz\u00e9si id\u0151szak lez\u00e1r\u00e1sa, szakk\u00e9pz\u0151 helly\u00e9 min\u0151s\u00edt\u00e9s \/akkredit\u00e1ci\u00f3\/ ir\u00e1nti k\u00e9relmek bead\u00e1sa) a D\u00c9K\u00c1NI HIVATAL SZAK- \u00c9S TOV\u00c1BBK\u00c9PZ\u00c9SI CSOPORTJA illet\u00e9kes.<\/p>\n<h3>Levelez\u00e9si c\u00edm: 1085 Budapest, VIII. \u00dcll\u0151i \u00fat 26.<br \/>\n\u00dcgyint\u00e9z\u00e9s szem\u00e9lyesen a fenti c\u00edmen a fszt. 16-os irod\u00e1ban az al\u00e1bbi \u00fcgyf\u00e9lfogad\u00e1si id\u0151 szerint:<\/h3>\n<table style=\"width: 100%\" border=\"0\">\n<tbody>\n<tr>\n<td valign=\"top\">\n<h3>h\u00e9tf\u0151, kedd, cs\u00fct\u00f6rt\u00f6k: 13<sup>00<\/sup>-15<sup>00<\/sup>-\u00f3r\u00e1ig<\/h3>\n<\/td>\n<\/tr>\n<tr>\n<td valign=\"top\">\n<h3>szerda: 10<sup>00<\/sup>-13<sup>30<\/sup>-\u00f3r\u00e1ig<\/h3>\n<\/td>\n<\/tr>\n<tr>\n<td valign=\"top\">\n<h3>p\u00e9ntek: 9<sup>00<\/sup>-12<sup>00<\/sup>-\u00f3r\u00e1ig<\/h3>\n<\/td>\n<\/tr>\n<\/tbody>\n<\/table>\n","protected":false},"excerpt":{"rendered":"<p>Semmelweis Egyetem Gy\u00f3gyszer\u00e9sztudom\u00e1nyi Kar\u00e1n a gy\u00f3gyszer\u00e9sz-tov\u00e1bbk\u00e9pz\u00e9ssel kapcsolatos adminisztr\u00e1ci\u00f3s \u00e9s nyilv\u00e1ntart\u00e1si \u00fcgyekben (pl.: tov\u00e1bbk\u00e9pz\u00e9si id\u0151szak lez\u00e1r\u00e1sa, szakk\u00e9pz\u0151 helly\u00e9 min\u0151s\u00edt\u00e9s \/akkredit\u00e1ci\u00f3\/ ir\u00e1nti k\u00e9relmek bead\u00e1sa) a D\u00c9K\u00c1NI HIVATAL SZAK- \u00c9S TOV\u00c1BBK\u00c9PZ\u00c9SI CSOPORTJA illet\u00e9kes. Levelez\u00e9si c\u00edm: 1085 Budapest, VIII. \u00dcll\u0151i \u00fat 26. \u00dcgyint\u00e9z\u00e9s szem\u00e9lyesen a fenti c\u00edmen a fszt. 16-os irod\u00e1ban az al\u00e1bbi \u00fcgyf\u00e9lfogad\u00e1si id\u0151 szerint: h\u00e9tf\u0151, kedd, cs\u00fct\u00f6rt\u00f6k: &hellip;<\/p>\n","protected":false},"author":159,"featured_media":0,"comment_status":"open","ping_status":"open","sticky":false,"template":"","format":"standard","meta":{"_acf_changed":false,"footnotes":""},"categories":[1],"tags":[],"class_list":["post-242","post","type-post","status-publish","format-standard","hentry","category-hirek"],"acf":[],"_links":{"self":[{"href":"https:\/\/semmelweis.hu\/gytk\/wp-json\/wp\/v2\/posts\/242","targetHints":{"allow":["GET"]}}],"collection":[{"href":"https:\/\/semmelweis.hu\/gytk\/wp-json\/wp\/v2\/posts"}],"about":[{"href":"https:\/\/semmelweis.hu\/gytk\/wp-json\/wp\/v2\/types\/post"}],"author":[{"embeddable":true,"href":"https:\/\/semmelweis.hu\/gytk\/wp-json\/wp\/v2\/users\/159"}],"replies":[{"embeddable":true,"href":"https:\/\/semmelweis.hu\/gytk\/wp-json\/wp\/v2\/comments?post=242"}],"version-history":[{"count":2,"href":"https:\/\/semmelweis.hu\/gytk\/wp-json\/wp\/v2\/posts\/242\/revisions"}],"predecessor-version":[{"id":244,"href":"https:\/\/semmelweis.hu\/gytk\/wp-json\/wp\/v2\/posts\/242\/revisions\/244"}],"wp:attachment":[{"href":"https:\/\/semmelweis.hu\/gytk\/wp-json\/wp\/v2\/media?parent=242"}],"wp:term":[{"taxonomy":"category","embeddable":true,"href":"https:\/\/semmelweis.hu\/gytk\/wp-json\/wp\/v2\/categories?post=242"},{"taxonomy":"post_tag","embeddable":true,"href":"https:\/\/semmelweis.hu\/gytk\/wp-json\/wp\/v2\/tags?post=242"}],"curies":[{"name":"wp","href":"https:\/\/api.w.org\/{rel}","templated":true}]}}