{"id":16916,"date":"2025-01-10T13:13:00","date_gmt":"2025-01-10T12:13:00","guid":{"rendered":"https:\/\/semmelweis.hu\/gytk\/?p=16916"},"modified":"2025-01-13T10:57:03","modified_gmt":"2025-01-13T09:57:03","slug":"a-semmelweis-egyetem-gyogyszeresztudomanyi-kar-kozlemenye-a-75-70-65-60-es-50-eve-vegzett-gyogyszereszek-reszere-5","status":"publish","type":"post","link":"https:\/\/semmelweis.hu\/gytk\/2025\/01\/a-semmelweis-egyetem-gyogyszeresztudomanyi-kar-kozlemenye-a-75-70-65-60-es-50-eve-vegzett-gyogyszereszek-reszere-5\/","title":{"rendered":"A Semmelweis Egyetem Gy\u00f3gyszer\u00e9sztudom\u00e1nyi Kar\u00a0 k\u00f6zlem\u00e9nye\u00a0 a 75., 70., 65., 60. \u00e9s 50. \u00e9ve v\u00e9gzett gy\u00f3gyszer\u00e9szek r\u00e9sz\u00e9re"},"content":{"rendered":"<p style=\"text-align: center\"><strong>A Semmelweis Egyetem Gy\u00f3gyszer\u00e9sztudom\u00e1nyi Kar\u00a0<\/strong><br \/>\n<strong>k\u00f6zlem\u00e9nye\u00a0<\/strong><br \/>\n<strong>a 75., 70., 65., 60. \u00e9s 50. \u00e9ve v\u00e9gzett gy\u00f3gyszer\u00e9szek r\u00e9sz\u00e9re<\/strong><\/p>\n<p style=\"text-align: justify\">A Semmelweis Egyetem Gy\u00f3gyszer\u00e9sztudom\u00e1nyi Kara \u00f6r\u00f6mmel \u00e1polja azt a hagyom\u00e1nyt, hogy volt hallgat\u00f3inak jubileumi d\u00edszoklevelet adom\u00e1nyoz.<\/p>\n<p style=\"text-align: justify\">Azok a gy\u00f3gyszer\u00e9szek, akik diplom\u00e1jukat az Egyetem jogel\u0151djein\u00e9l:<\/p>\n<ul>\n<li>a P\u00e1zm\u00e1ny P\u00e9ter Tudom\u00e1nyegyetemen,<\/li>\n<li>a Budapesti Orvostudom\u00e1nyi Egyetemen,<\/li>\n<li>illetve a Semmelweis Orvostudom\u00e1nyi Egyetemen<\/li>\n<\/ul>\n<p style=\"padding-left: 40px;text-align: justify\"><strong>1950-ban, 1955-ben, 1960-ban, 1965-ben, illetve 1975-ben szerezt\u00e9k meg<\/strong><\/p>\n<p style=\"text-align: justify\"><strong>2025. \u00e1prilis 30-ig<\/strong><\/p>\n<p style=\"text-align: justify\">a Gy\u00f3gyszer\u00e9sztudom\u00e1nyi Kar D\u00e9k\u00e1ni Hivatal\u00e1hoz (1085 Budapest, \u00dcll\u0151i \u00fat 26. Fsz. 16.) ny\u00fajthatj\u00e1k be k\u00e9relm\u00fcket a platina, a rubin, a vas, a gy\u00e9m\u00e1nt, illetve az arany d\u00edszoklev\u00e9l ig\u00e9nyl\u00e9se v\u00e9gett.\u00a0<\/p>\n<p style=\"text-align: justify\">A k\u00e9relemben k\u00e9rj\u00fck felt\u00fcntetni az oklev\u00e9l kelt\u00e9t, a diplom\u00e1ban szerepl\u0151 nevet, r\u00f6vid szakmai \u00f6n\u00e9letrajzot \u00e9s az \u00e9rtes\u00edt\u00e9si c\u00edmet.<\/p>\n<p style=\"text-align: justify\">Jelentkez\u00e9si lap ig\u00e9nyelhet\u0151 a D\u00e9k\u00e1ni Hivatalban telefonon (06\/1\/266-0449), vagy let\u00f6lthet\u0151 <a href=\"https:\/\/semmelweis.hu\/gytk\/files\/2025\/01\/Jubileumi-jelentkezesi-lap_2025.pdf\" target=\"_blank\" rel=\"noopener\">innen <\/a>a Kar honlapj\u00e1r\u00f3l ( www.semmelweis.hu\/gytk\/hirek).<\/p>\n<p><strong><span style=\"color: #ff0000\">Felh\u00edvjuk sz\u00edves figyelm\u00fcket, hogy a jelentkez\u00e9s a jelentkez\u00e9si lap \u00e9s az adatkezel\u00e9si hozz\u00e1j\u00e1rul\u00e1s visszak\u00fcld\u00e9s\u00e9vel \u00e9rv\u00e9nyes!<\/span><\/strong><\/p>\n<p><a href=\"https:\/\/semmelweis.hu\/gytk\/files\/2025\/01\/ADATKEZELESI_HOZZAJARULAS_jub_oklevelek_GYTK_2025.pdf\" target=\"_blank\" rel=\"noopener\">ADATKEZEL\u00c9SI HOZZ\u00c1J\u00c1RUL\u00c1S<\/a><\/p>\n<p style=\"text-align: justify\">\u00a0<\/p>\n","protected":false},"excerpt":{"rendered":"<p>A Semmelweis Egyetem Gy\u00f3gyszer\u00e9sztudom\u00e1nyi Kar\u00a0 k\u00f6zlem\u00e9nye\u00a0 a 75., 70., 65., 60. \u00e9s 50. \u00e9ve v\u00e9gzett gy\u00f3gyszer\u00e9szek r\u00e9sz\u00e9re A Semmelweis Egyetem Gy\u00f3gyszer\u00e9sztudom\u00e1nyi Kara \u00f6r\u00f6mmel \u00e1polja azt a hagyom\u00e1nyt, hogy volt hallgat\u00f3inak jubileumi d\u00edszoklevelet adom\u00e1nyoz. Azok a gy\u00f3gyszer\u00e9szek, akik diplom\u00e1jukat az Egyetem jogel\u0151djein\u00e9l: a P\u00e1zm\u00e1ny P\u00e9ter Tudom\u00e1nyegyetemen, a Budapesti Orvostudom\u00e1nyi Egyetemen, illetve a Semmelweis Orvostudom\u00e1nyi Egyetemen 1950-ban, &hellip;<\/p>\n","protected":false},"author":101431,"featured_media":0,"comment_status":"closed","ping_status":"closed","sticky":false,"template":"","format":"standard","meta":{"_acf_changed":false,"footnotes":""},"categories":[1],"tags":[],"class_list":["post-16916","post","type-post","status-publish","format-standard","hentry","category-hirek"],"acf":[],"_links":{"self":[{"href":"https:\/\/semmelweis.hu\/gytk\/wp-json\/wp\/v2\/posts\/16916","targetHints":{"allow":["GET"]}}],"collection":[{"href":"https:\/\/semmelweis.hu\/gytk\/wp-json\/wp\/v2\/posts"}],"about":[{"href":"https:\/\/semmelweis.hu\/gytk\/wp-json\/wp\/v2\/types\/post"}],"author":[{"embeddable":true,"href":"https:\/\/semmelweis.hu\/gytk\/wp-json\/wp\/v2\/users\/101431"}],"replies":[{"embeddable":true,"href":"https:\/\/semmelweis.hu\/gytk\/wp-json\/wp\/v2\/comments?post=16916"}],"version-history":[{"count":6,"href":"https:\/\/semmelweis.hu\/gytk\/wp-json\/wp\/v2\/posts\/16916\/revisions"}],"predecessor-version":[{"id":16924,"href":"https:\/\/semmelweis.hu\/gytk\/wp-json\/wp\/v2\/posts\/16916\/revisions\/16924"}],"wp:attachment":[{"href":"https:\/\/semmelweis.hu\/gytk\/wp-json\/wp\/v2\/media?parent=16916"}],"wp:term":[{"taxonomy":"category","embeddable":true,"href":"https:\/\/semmelweis.hu\/gytk\/wp-json\/wp\/v2\/categories?post=16916"},{"taxonomy":"post_tag","embeddable":true,"href":"https:\/\/semmelweis.hu\/gytk\/wp-json\/wp\/v2\/tags?post=16916"}],"curies":[{"name":"wp","href":"https:\/\/api.w.org\/{rel}","templated":true}]}}