{"id":14951,"date":"2023-10-05T15:00:19","date_gmt":"2023-10-05T13:00:19","guid":{"rendered":"https:\/\/semmelweis.hu\/gytk\/?p=14951"},"modified":"2024-10-11T11:39:46","modified_gmt":"2024-10-11T09:39:46","slug":"14951","status":"publish","type":"post","link":"https:\/\/semmelweis.hu\/gytk\/2023\/10\/14951\/","title":{"rendered":"Mint-a-Parlament Az Orsz\u00e1ggy\u0171l\u00e9s t\u00f6rv\u00e9nyhoz\u00f3 munk\u00e1j\u00e1t modellez\u0151 rendezv\u00e9ny, fels\u0151oktat\u00e1sban r\u00e9sztvev\u0151 hallgat\u00f3k sz\u00e1m\u00e1ra"},"content":{"rendered":"<p style=\"text-align: center\">ORSZ\u00c1GGY\u0170L\u00c9S HIVATALA<br \/>\nK\u00d6ZGY\u0170JTEM\u00c9NYI \u00c9S K\u00d6ZM\u0170VEL\u0150D\u00c9SI IGAZGAT\u00d3S\u00c1G<\/p>\n<p style=\"text-align: center\">Mint-a-Parlament<br \/>\nAz Orsz\u00e1ggy\u0171l\u00e9s t\u00f6rv\u00e9nyhoz\u00f3 munk\u00e1j\u00e1t modellez\u0151 rendezv\u00e9ny, fels\u0151oktat\u00e1sban r\u00e9sztvev\u0151 hallgat\u00f3k sz\u00e1m\u00e1ra<\/p>\n<p style=\"text-align: justify\">\n<strong>A program r\u00f6vid le\u00edr\u00e1sa:<br \/>\n<\/strong>\u00a0 \u00a0 \u00a0 \u00a0 A program c\u00e9lja, hogy a hallgat\u00f3k testk\u00f6zelb\u0151l ismerhess\u00e9k meg a t\u00f6rv\u00e9nyhoz\u00f3 munk\u00e1t, a t\u00f6rv\u00e9nyhoz\u00e1s menet\u00e9t \u00e9s az orsz\u00e1ggy\u0171l\u00e9si k\u00e9pvisel\u0151k munk\u00e1j\u00e1t. A hallgat\u00f3k a program sor\u00e1n kieg\u00e9sz\u00edthetik elm\u00e9leti ismereteiket \u00e9s kipr\u00f3b\u00e1lhatj\u00e1k magukat a k\u00e9pvisel\u0151k szerep\u00e9ben.<br \/>\n\u00a0 \u00a0 \u00a0 A Mint-a-Parlamentre jelentkez\u0151 csoportok a jelentkez\u00e9ssel egy id\u0151ben egy log\u00f3val ell\u00e1tott frakci\u00f3profilt \u00e9s a meghirdetett t\u00e9m\u00e1k k\u00f6z\u00fcl egyhez t\u00f6rv\u00e9nyjavaslatot ny\u00fajtanak be, melyet szeretn\u00e9nek el\u0151terjeszteni a program \u00fcl\u00e9snapj\u00e1n. A jelentkezett csoportok k\u00f6z\u00fcl a szervez\u0151k hatot v\u00e1lasztanak ki, a beny\u00fajtott anyagok min\u0151s\u00e9ge \u00e9s a jelentkez\u00e9si gyakoris\u00e1g alapj\u00e1n.<br \/>\nA kiv\u00e1lasztott hat csoport anyagait egy szak\u00e9rt\u0151 bizotts\u00e1g \u00e9rt\u00e9keli a k\u00f6vetkez\u0151 szempontok szerint:<\/p>\n<p style=\"padding-left: 40px;text-align: justify\">\u21d2szakszer\u0171s\u00e9g (mennyiben felel meg egy t\u00f6rv\u00e9nyjavaslat formai k\u00f6vetelm\u00e9nyeinek),<br \/>\n\u21d2kidolgozotts\u00e1g (az adott ter\u00fcletet mennyire r\u00e9szletesen szab\u00e1lyozza figyelembe v\u00e9ve a t\u00e9ma \u00f6sszetetts\u00e9g\u00e9t)<br \/>\n\u21d2felk\u00e9sz\u00fclts\u00e9g (v\u00e1lasztott t\u00e9m\u00e1ban val\u00f3 j\u00e1rtass\u00e1g),<br \/>\n\u21d2kreativit\u00e1s (\u00faj\u00edt\u00f3 javaslatok megjelen\u00e9se).<\/p>\n<p style=\"text-align: justify\">\u00a0 \u00a0 \u00a0 A bizotts\u00e1g \u00e1ltal legt\u00f6bb pontot szerzett frakci\u00f3 t\u00f6rv\u00e9nyjavaslata ker\u00fcl az \u00fcl\u00e9snapon megt\u00e1rgyal\u00e1sra, melyhez minden frakci\u00f3nak lehet\u0151s\u00e9ge van m\u00f3dos\u00edt\u00f3 javaslatokat \u00edrni.<br \/>\n\u00a0 \u00a0 \u00a0Az \u00fcl\u00e9snapon bizotts\u00e1gokban, a t\u00f6rv\u00e9nyalkot\u00e1si bizotts\u00e1g \u00fcl\u00e9s\u00e9n, illetve plen\u00e1ris \u00fcl\u00e9sen vit\u00e1znak. A program v\u00e9g\u00e9n szavaz\u00e1sra ker\u00fcl sor, ahol a t\u00f6rv\u00e9nyjavaslat elfogad\u00e1sra vagy elutas\u00edt\u00e1sra ker\u00fcl.<br \/>\n\u00a0 \u00a0 \u00a0A \u201ej\u00e1t\u00e9k\u201d kimenetel\u00e9t az befoly\u00e1solja, hogy az egyes frakci\u00f3k hogyan tudj\u00e1k megnyerni a m\u00e1s v\u00e9lem\u00e9nyen l\u00e9v\u0151ket maguknak. A meggy\u0151z\u00e9sre az\u00e9rt lesz sz\u00fcks\u00e9g, mert minden frakci\u00f3 egyenl\u0151 l\u00e9tsz\u00e1mban k\u00e9pviselteti mag\u00e1t. A program v\u00e9g\u00e9n a r\u00e9sztvev\u0151 csoportok sajt\u00f3t\u00e1j\u00e9koztat\u00f3t tartanak, \u00e9s v\u00e9lem\u00e9nyt nyilv\u00e1n\u00edtanak a meghozott \u00faj t\u00f6rv\u00e9nyr\u0151l.<br \/>\n<strong>Helysz\u00edn:<\/strong> Orsz\u00e1gh\u00e1z (1055 Budapest, Kossuth t\u00e9r 1-3.)<br \/>\n<strong>Id\u0151pont<\/strong>: Az \u00fcl\u00e9snapra 2023. november 22-\u00e9n (szerd\u00e1n) ker\u00fcl sor. Felh\u00edvjuk figyelm\u00fcket, hogy az id\u0151pontok a parlamenti programok f\u00fcggv\u00e9ny\u00e9ben v\u00e1ltozhatnak.<\/p>\n<p><strong>V\u00e1laszthat\u00f3 t\u00e9m\u00e1k:<\/strong><br \/>\n\u2022 e-b\u0171n\u00f6z\u00e9s visszaszor\u00edt\u00e1sa<br \/>\n\u2022 mesters\u00e9ges intelligencia (pl. szerz\u0151i jog, munkahelyek, be\u00e9p\u00fcl\u00e9se a mag\u00e1n\u00e9letbe)<br \/>\n\u2022 k\u00f6zleked\u00e9si szab\u00e1lyok \u00fajragondol\u00e1sa<br \/>\n\u2022 lakhat\u00e1si k\u00e9rd\u00e9s<br \/>\n\u2022 t\u00f6bb gener\u00e1ci\u00f3s egy\u00fctt\u00e9l\u00e9s<br \/>\n\u2022 a t\u00falfogyaszt\u00e1s korl\u00e1toz\u00e1sa<br \/>\n\u2022 \u00e1llatok term\u00e9szetes \u00e9l\u0151hely\u00e9nek meg\u00f3v\u00e1sa<br \/>\n\u2022 k\u00e9pess\u00e9g k\u00f6zpont\u00fa ir\u00e1nyelvek alkalmaz\u00e1sa az oktat\u00e1sban<br \/>\n\u2022 n\u0151i kv\u00f3ta<br \/>\n\u2022 gyermekek jogai a k\u00f6z\u00f6ss\u00e9gi m\u00e9di\u00e1ban<\/p>\n<p style=\"text-align: justify\"><strong>R\u00e9sztvev\u0151k<\/strong>:<br \/>\nA programon hat hallgat\u00f3i csoport vesz r\u00e9szt egyidej\u0171leg. A csoportok l\u00e9tsz\u00e1ma maximum 20 f\u0151 lehet. Felh\u00edvjuk figyelm\u00fcket, hogy amennyiben enn\u00e9l kevesebb hallgat\u00f3val \u00e9rkeznek, az a szavaz\u00e1son h\u00e1tr\u00e1nyt jelenthet a t\u00f6bbi csoporthoz k\u00e9pest. A csoporttagokat javasoljuk \u00fagy \u00f6sszev\u00e1logatni, hogy a csoportba t\u00f6bbf\u00e9le \u00e9rdekl\u0151d\u00e9s\u0171, tud\u00e1s\u00fa hallgat\u00f3 tartozzon.<br \/>\n<strong>Jelentkez\u00e9s m\u00f3dja<\/strong>:<br \/>\nA programra jelentkezni a csatolt jelentkez\u00e9si lap \u00e9s egy el\u0151re meg\u00edrt t\u00f6rv\u00e9nyjavaslat, valamint log\u00f3val ell\u00e1tott frakci\u00f3profil visszak\u00fcld\u00e9s\u00e9vel lehet.<br \/>\nA rendezv\u00e9nyre b\u00e1rmely fels\u0151oktat\u00e1si int\u00e9zm\u00e9ny jelentkezhet az int\u00e9zm\u00e9ny adatainak \u00e9s egy \u2013 a felk\u00e9sz\u00fcl\u00e9st seg\u00edt\u0151 \u2013 oktat\u00f3 adatainak megad\u00e1s\u00e1val. A programon vegyes \u2013 t\u00f6bb int\u00e9zm\u00e9ny k\u00e9pviselet\u00e9ben jelentkezett \u2013 csoportok is r\u00e9szt vehetnek, ekkor is k\u00e9rj\u00fck a felk\u00e9sz\u00edt\u00e9s\u00e9rt felel\u0151s oktat\u00f3t felt\u00fcntetni. A jelentkez\u00e9si lapon k\u00e9rj\u00fck felt\u00fcntetni egy kapcsolattart\u00f3 adatait is.<br \/>\n<strong>Hat\u00e1rid\u0151k<\/strong>:<br \/>\nJelentkez\u00e9s: <strong>2023. okt\u00f3ber 19.<\/strong> (cs\u00fct\u00f6rt\u00f6k) 16:30-ig.<br \/>\nR\u00e9sztvev\u0151k kihirdet\u00e9se: <strong>2023. okt\u00f3ber 24.<\/strong> (kedd) 16:30-ig.<br \/>\nA gy\u0151ztes javaslat kihirdet\u00e9se: <strong>2023. november 7.<\/strong> (kedd) 16:30-ig.<br \/>\nM\u00f3dos\u00edt\u00f3 javaslatok, beoszt\u00e1s megk\u00fcld\u00e9se: <strong>2023. november 17<\/strong>. (p\u00e9ntek) 9:00.<br \/>\nA felk\u00e9sz\u00fcl\u00e9shez sz\u00fcks\u00e9ges dokumentumokat a nyertes t\u00f6rv\u00e9nyjavaslat kihirdet\u00e9se ut\u00e1n k\u00fcldj\u00fck meg. Tov\u00e1bbi k\u00e9rd\u00e9sek eset\u00e9n az al\u00e1bbi el\u00e9rhet\u0151s\u00e9gek egyik\u00e9n t\u00e1j\u00e9koz\u00f3dhatnak. A jelentkez\u00e9si lapot <a href=\"https:\/\/semmelweis.hu\/gytk\/files\/2023\/10\/jelentkezesi_lap-mintap.doc\" target=\"_blank\" rel=\"noopener\">itt<\/a> tal\u00e1lja.<br \/>\nAndr\u00e1si R\u00e9ka<br \/>\n+36 1\/441-4405<br \/>\nmuzeum@parlament.hu<\/p>\n<p>&nbsp;<\/p>\n","protected":false},"excerpt":{"rendered":"<p>ORSZ\u00c1GGY\u0170L\u00c9S HIVATALA K\u00d6ZGY\u0170JTEM\u00c9NYI \u00c9S K\u00d6ZM\u0170VEL\u0150D\u00c9SI IGAZGAT\u00d3S\u00c1G Mint-a-Parlament Az Orsz\u00e1ggy\u0171l\u00e9s t\u00f6rv\u00e9nyhoz\u00f3 munk\u00e1j\u00e1t modellez\u0151 rendezv\u00e9ny, fels\u0151oktat\u00e1sban r\u00e9sztvev\u0151 hallgat\u00f3k sz\u00e1m\u00e1ra A program r\u00f6vid le\u00edr\u00e1sa: \u00a0 \u00a0 \u00a0 \u00a0 A program c\u00e9lja, hogy a hallgat\u00f3k testk\u00f6zelb\u0151l ismerhess\u00e9k meg a t\u00f6rv\u00e9nyhoz\u00f3 munk\u00e1t, a t\u00f6rv\u00e9nyhoz\u00e1s menet\u00e9t \u00e9s az orsz\u00e1ggy\u0171l\u00e9si k\u00e9pvisel\u0151k munk\u00e1j\u00e1t. A hallgat\u00f3k a program sor\u00e1n kieg\u00e9sz\u00edthetik elm\u00e9leti ismereteiket \u00e9s kipr\u00f3b\u00e1lhatj\u00e1k &hellip;<\/p>\n","protected":false},"author":101431,"featured_media":0,"comment_status":"closed","ping_status":"closed","sticky":false,"template":"","format":"standard","meta":{"_acf_changed":false,"footnotes":""},"categories":[1],"tags":[],"class_list":["post-14951","post","type-post","status-publish","format-standard","hentry","category-hirek"],"acf":[],"_links":{"self":[{"href":"https:\/\/semmelweis.hu\/gytk\/wp-json\/wp\/v2\/posts\/14951","targetHints":{"allow":["GET"]}}],"collection":[{"href":"https:\/\/semmelweis.hu\/gytk\/wp-json\/wp\/v2\/posts"}],"about":[{"href":"https:\/\/semmelweis.hu\/gytk\/wp-json\/wp\/v2\/types\/post"}],"author":[{"embeddable":true,"href":"https:\/\/semmelweis.hu\/gytk\/wp-json\/wp\/v2\/users\/101431"}],"replies":[{"embeddable":true,"href":"https:\/\/semmelweis.hu\/gytk\/wp-json\/wp\/v2\/comments?post=14951"}],"version-history":[{"count":4,"href":"https:\/\/semmelweis.hu\/gytk\/wp-json\/wp\/v2\/posts\/14951\/revisions"}],"predecessor-version":[{"id":16640,"href":"https:\/\/semmelweis.hu\/gytk\/wp-json\/wp\/v2\/posts\/14951\/revisions\/16640"}],"wp:attachment":[{"href":"https:\/\/semmelweis.hu\/gytk\/wp-json\/wp\/v2\/media?parent=14951"}],"wp:term":[{"taxonomy":"category","embeddable":true,"href":"https:\/\/semmelweis.hu\/gytk\/wp-json\/wp\/v2\/categories?post=14951"},{"taxonomy":"post_tag","embeddable":true,"href":"https:\/\/semmelweis.hu\/gytk\/wp-json\/wp\/v2\/tags?post=14951"}],"curies":[{"name":"wp","href":"https:\/\/api.w.org\/{rel}","templated":true}]}}