{"id":14556,"date":"2023-08-21T09:52:44","date_gmt":"2023-08-21T07:52:44","guid":{"rendered":"https:\/\/semmelweis.hu\/gytk\/?p=14556"},"modified":"2023-08-21T10:49:44","modified_gmt":"2023-08-21T08:49:44","slug":"magyar-ermegyujtok-nemzetkozi-talalkozoja","status":"publish","type":"post","link":"https:\/\/semmelweis.hu\/gytk\/2023\/08\/magyar-ermegyujtok-nemzetkozi-talalkozoja\/","title":{"rendered":"Magyar \u00c9rmegy\u0171jt\u0151k Nemzetk\u00f6zi Tal\u00e1lkoz\u00f3ja"},"content":{"rendered":"<p style=\"text-align: center\">Megh\u00edv\u00f3 Magyar \u00c9rmegy\u0171jt\u0151k Nemzetk\u00f6zi Tal\u00e1lkoz\u00f3j\u00e1ra<\/p>\n<p style=\"text-align: center\">2023. augusztus 26. 9:00 \u00f3r\u00e1t\u00f3l 14:00 \u00f3r\u00e1ig<\/p>\n<p>A megh\u00edv\u00f3\u00a0 <a href=\"https:\/\/semmelweis.hu\/gytk\/files\/2023\/08\/Meghivo-Magyar-Ermegyujtok-Egyesulete.pdf\" target=\"_blank\" rel=\"noopener\">itt<\/a>\u00a0tal\u00e1lhat\u00f3.<\/p>\n","protected":false},"excerpt":{"rendered":"<p>Megh\u00edv\u00f3 Magyar \u00c9rmegy\u0171jt\u0151k Nemzetk\u00f6zi Tal\u00e1lkoz\u00f3j\u00e1ra<br \/>\n2023. augusztus 26. 9:00 \u00f3r\u00e1t\u00f3l 14:00 \u00f3r\u00e1ig<br \/>\nA megh\u00edv\u00f3\u00a0 <a href=\"https:\/\/semmelweis.hu\/gytk\/files\/2023\/08\/Meghivo-Magyar-Ermegyujtok-Egyesulete.pdf\" target=\"_blank\" rel=\"noopener\">itt<\/a>\u00a0tal\u00e1lhat\u00f3.<\/p>\n","protected":false},"author":101431,"featured_media":0,"comment_status":"closed","ping_status":"closed","sticky":false,"template":"","format":"standard","meta":{"_acf_changed":false,"footnotes":""},"categories":[1],"tags":[],"class_list":["post-14556","post","type-post","status-publish","format-standard","hentry","category-hirek"],"acf":[],"_links":{"self":[{"href":"https:\/\/semmelweis.hu\/gytk\/wp-json\/wp\/v2\/posts\/14556","targetHints":{"allow":["GET"]}}],"collection":[{"href":"https:\/\/semmelweis.hu\/gytk\/wp-json\/wp\/v2\/posts"}],"about":[{"href":"https:\/\/semmelweis.hu\/gytk\/wp-json\/wp\/v2\/types\/post"}],"author":[{"embeddable":true,"href":"https:\/\/semmelweis.hu\/gytk\/wp-json\/wp\/v2\/users\/101431"}],"replies":[{"embeddable":true,"href":"https:\/\/semmelweis.hu\/gytk\/wp-json\/wp\/v2\/comments?post=14556"}],"version-history":[{"count":2,"href":"https:\/\/semmelweis.hu\/gytk\/wp-json\/wp\/v2\/posts\/14556\/revisions"}],"predecessor-version":[{"id":14559,"href":"https:\/\/semmelweis.hu\/gytk\/wp-json\/wp\/v2\/posts\/14556\/revisions\/14559"}],"wp:attachment":[{"href":"https:\/\/semmelweis.hu\/gytk\/wp-json\/wp\/v2\/media?parent=14556"}],"wp:term":[{"taxonomy":"category","embeddable":true,"href":"https:\/\/semmelweis.hu\/gytk\/wp-json\/wp\/v2\/categories?post=14556"},{"taxonomy":"post_tag","embeddable":true,"href":"https:\/\/semmelweis.hu\/gytk\/wp-json\/wp\/v2\/tags?post=14556"}],"curies":[{"name":"wp","href":"https:\/\/api.w.org\/{rel}","templated":true}]}}