{"id":11511,"date":"2021-05-28T08:35:10","date_gmt":"2021-05-28T06:35:10","guid":{"rendered":"https:\/\/semmelweis.hu\/gytk\/?p=11511"},"modified":"2021-05-28T08:36:21","modified_gmt":"2021-05-28T06:36:21","slug":"dr-racz-istvan-alapitvany-2","status":"publish","type":"post","link":"https:\/\/semmelweis.hu\/gytk\/2021\/05\/dr-racz-istvan-alapitvany-2\/","title":{"rendered":"Dr. R\u00e1cz Istv\u00e1n Alap\u00edtv\u00e1ny p\u00e1ly\u00e1zat"},"content":{"rendered":"<p style=\"text-align: center\"><strong>Tisztelt Hallgat\u00f3i \u00d6nkorm\u00e1nyzat!<\/strong><\/p>\n<p><strong>\u00a0<\/strong><\/p>\n<p style=\"text-align: justify\">\u00a0A <em>\u201eDr. R\u00e1cz Istv\u00e1n Alap\u00edtv\u00e1ny\u201d<\/em>, melyet a hozz\u00e1tartoz\u00f3k hoztak l\u00e9tre els\u0151sorban gy\u00f3gyszer\u00e9sz PhD hallgat\u00f3k t\u00e1mogat\u00e1s\u00e1ra egy nagylelk\u0171 adom\u00e1ny \u00e9s a Kurat\u00f3rium hat\u00e1rozata alapj\u00e1n \u00faj adom\u00e1nyoz\u00e1si lehet\u0151s\u00e9ggel b\u0151v\u00fclt. A <strong>gradu\u00e1lis<\/strong> oktat\u00e1sban r\u00e9sztvev\u0151 gy\u00f3gyszer\u00e9szhallgat\u00f3k k\u00f6z\u00fcl k\u00edv\u00e1n t\u00e1mogatni egy olyan di\u00e1kot, aki kiv\u00e1l\u00f3 tanulm\u00e1nyi eredm\u00e9nyt \u00e9rt el \u00e9s kimagasl\u00f3an teljes\u00edtett az \u00e1ltala v\u00e1lasztott \u00e9rdekl\u0151d\u00e9si ter\u00fclet\u00e9n.<\/p>\n<p style=\"text-align: justify\">A szem\u00e9ly eld\u00f6nt\u00e9s\u00e9hez k\u00e9rj\u00fck a H\u00d6K seg\u00edts\u00e9g\u00e9t, hogy a Kurat\u00f3rium meg tudja hozni d\u00f6nt\u00e9s\u00e9t.<\/p>\n<p style=\"text-align: justify\">A jutalom \u00f6sszege <strong>100.000 HUF<\/strong>, mely \u00e9vente ker\u00fcl kioszt\u00e1sra az Alap\u00edtv\u00e1ny PhD jutalmazottj\u00e1val egy\u00fctt.<\/p>\n<p style=\"text-align: justify\">K\u00e9rem, hogy a szem\u00e9lyre vonatkoz\u00f3 javaslatukat indokl\u00e1s n\u00e9lk\u00fcl tegy\u00e9k meg legk\u00e9s\u0151bb <br \/>\n2021. j\u00fanius 18-ig elektronikus \u00faton (e-mailben): <a href=\"mailto:zelko.romana@pharma.semmelweis-univ.hu\">zelko.romana@pharma.semmelweis-univ.hu<\/a> <br \/>\nK\u00e9rem, hogy a javasolt szem\u00e9ly nev\u00e9t \u00e9s el\u00e9rhet\u0151s\u00e9g\u00e9t, r\u00f6vid \u00e9let\u00fatj\u00e1t mell\u00e9kelj\u00e9k.<strong> <br \/>\n<\/strong>A nyertes p\u00e1ly\u00e1z\u00f3t e-mailben \u00e9s telefonon is \u00e9rtes\u00edtj\u00fck.<\/p>\n<p>Budapest, 2021 m\u00e1jus 18.<\/p>\n<p style=\"text-align: justify\">\u00a0<\/p>\n<p style=\"text-align: justify\">a \u201eDr. R\u00e1cz Istv\u00e1n Alap\u00edtv\u00e1ny\u201d<\/p>\n<p style=\"text-align: justify\">Kurat\u00f3riuma<\/p>\n","protected":false},"excerpt":{"rendered":"<p>Tisztelt Hallgat\u00f3i \u00d6nkorm\u00e1nyzat! \u00a0 \u00a0A \u201eDr. R\u00e1cz Istv\u00e1n Alap\u00edtv\u00e1ny\u201d, melyet a hozz\u00e1tartoz\u00f3k hoztak l\u00e9tre els\u0151sorban gy\u00f3gyszer\u00e9sz PhD hallgat\u00f3k t\u00e1mogat\u00e1s\u00e1ra egy nagylelk\u0171 adom\u00e1ny \u00e9s a Kurat\u00f3rium hat\u00e1rozata alapj\u00e1n \u00faj adom\u00e1nyoz\u00e1si lehet\u0151s\u00e9ggel b\u0151v\u00fclt. A gradu\u00e1lis oktat\u00e1sban r\u00e9sztvev\u0151 gy\u00f3gyszer\u00e9szhallgat\u00f3k k\u00f6z\u00fcl k\u00edv\u00e1n t\u00e1mogatni egy olyan di\u00e1kot, aki kiv\u00e1l\u00f3 tanulm\u00e1nyi eredm\u00e9nyt \u00e9rt el \u00e9s kimagasl\u00f3an teljes\u00edtett az \u00e1ltala v\u00e1lasztott \u00e9rdekl\u0151d\u00e9si &hellip;<\/p>\n","protected":false},"author":101431,"featured_media":7196,"comment_status":"closed","ping_status":"closed","sticky":false,"template":"","format":"standard","meta":{"_acf_changed":false,"footnotes":""},"categories":[24],"tags":[],"class_list":["post-11511","post","type-post","status-publish","format-standard","has-post-thumbnail","hentry","category-palyazat"],"acf":[],"_links":{"self":[{"href":"https:\/\/semmelweis.hu\/gytk\/wp-json\/wp\/v2\/posts\/11511","targetHints":{"allow":["GET"]}}],"collection":[{"href":"https:\/\/semmelweis.hu\/gytk\/wp-json\/wp\/v2\/posts"}],"about":[{"href":"https:\/\/semmelweis.hu\/gytk\/wp-json\/wp\/v2\/types\/post"}],"author":[{"embeddable":true,"href":"https:\/\/semmelweis.hu\/gytk\/wp-json\/wp\/v2\/users\/101431"}],"replies":[{"embeddable":true,"href":"https:\/\/semmelweis.hu\/gytk\/wp-json\/wp\/v2\/comments?post=11511"}],"version-history":[{"count":2,"href":"https:\/\/semmelweis.hu\/gytk\/wp-json\/wp\/v2\/posts\/11511\/revisions"}],"predecessor-version":[{"id":11513,"href":"https:\/\/semmelweis.hu\/gytk\/wp-json\/wp\/v2\/posts\/11511\/revisions\/11513"}],"wp:featuredmedia":[{"embeddable":true,"href":"https:\/\/semmelweis.hu\/gytk\/wp-json\/wp\/v2\/media\/7196"}],"wp:attachment":[{"href":"https:\/\/semmelweis.hu\/gytk\/wp-json\/wp\/v2\/media?parent=11511"}],"wp:term":[{"taxonomy":"category","embeddable":true,"href":"https:\/\/semmelweis.hu\/gytk\/wp-json\/wp\/v2\/categories?post=11511"},{"taxonomy":"post_tag","embeddable":true,"href":"https:\/\/semmelweis.hu\/gytk\/wp-json\/wp\/v2\/tags?post=11511"}],"curies":[{"name":"wp","href":"https:\/\/api.w.org\/{rel}","templated":true}]}}