{"id":10794,"date":"2021-01-08T08:34:01","date_gmt":"2021-01-08T07:34:01","guid":{"rendered":"https:\/\/semmelweis.hu\/gytk\/?p=10794"},"modified":"2021-06-02T09:17:01","modified_gmt":"2021-06-02T07:17:01","slug":"jubileumi-diszoklevel-5","status":"publish","type":"post","link":"https:\/\/semmelweis.hu\/gytk\/2021\/01\/jubileumi-diszoklevel-5\/","title":{"rendered":"A Semmelweis Egyetem Gy\u00f3gyszer\u00e9sztudom\u00e1nyi Kar k\u00f6zlem\u00e9nye a 75., 70., 65., 60. \u00e9s 50. \u00e9ve v\u00e9gzett gy\u00f3gyszer\u00e9szek r\u00e9sz\u00e9re"},"content":{"rendered":"<p style=\"text-align: center\"><strong>A Semmelweis Egyetem Gy\u00f3gyszer\u00e9sztudom\u00e1nyi Kar<br \/>\n<\/strong><strong>k\u00f6zlem\u00e9nye<br \/>\n<\/strong><strong>a 75., 70., 65., 60. \u00e9s 50. \u00e9ve v\u00e9gzett gy\u00f3gyszer\u00e9szek r\u00e9sz\u00e9re<\/strong><\/p>\n<p>&nbsp;<\/p>\n<p style=\"text-align: justify\">A Semmelweis Egyetem Gy\u00f3gyszer\u00e9sztudom\u00e1nyi Kara \u00f6r\u00f6mmel \u00e1polja azt a hagyom\u00e1nyt, hogy volt hallgat\u00f3inak jubileumi d\u00edszoklevelet adom\u00e1nyoz.<br \/>\nAzok a gy\u00f3gyszer\u00e9szek, akik diplom\u00e1jukat az Egyetem jogel\u0151djein\u00e9l:<\/p>\n<ul>\n<li>a P\u00e1zm\u00e1ny P\u00e9ter Tudom\u00e1nyegyetemen,<\/li>\n<li>a Budapesti Orvostudom\u00e1nyi Egyetemen,<\/li>\n<li>illetve a Semmelweis Orvostudom\u00e1nyi Egyetemen<\/li>\n<\/ul>\n<p><strong>1946-ban, 1951-ben, 1956-ban, 1961-ben, illetve 1971-ben <\/strong>szerezt\u00e9k meg<\/p>\n<p style=\"text-align: center\"><strong>2021. \u00e1prilis 30-ig<\/strong><\/p>\n<p>a Gy\u00f3gyszer\u00e9sztudom\u00e1nyi Kar D\u00e9k\u00e1ni Hivatal\u00e1hoz (1085 Budapest, \u00dcll\u0151i \u00fat 26. Fsz. 16.) ny\u00fajthatj\u00e1k be k\u00e9relm\u00fcket a platina, a rubin, a vas, a gy\u00e9m\u00e1nt, illetve az arany d\u00edszoklev\u00e9l ig\u00e9nyl\u00e9se v\u00e9gett.<\/p>\n<p>\u00a0 \u00a0 \u00a0 \u00a0 \u00a0 \u00a0A k\u00e9relemben k\u00e9rj\u00fck felt\u00fcntetni az oklev\u00e9l kelt\u00e9t, a diplom\u00e1ban szerepl\u0151 nevet, r\u00f6vid szakmai \u00f6n\u00e9letrajzot \u00e9s az \u00e9rtes\u00edt\u00e9si c\u00edmet.<\/p>\n<p>Jelentkez\u00e9si lap ig\u00e9nyelhet\u0151 a D\u00e9k\u00e1ni Hivatalban telefonon (06\/1\/266-0449), vagy let\u00f6lthet\u0151 <a href=\"https:\/\/semmelweis.hu\/gytk\/files\/2021\/01\/jubjelentlap_2021.doc\" target=\"_blank\" rel=\"noopener noreferrer\">innen.<\/a><\/p>\n<p>&nbsp;<\/p>\n","protected":false},"excerpt":{"rendered":"<p>A Semmelweis Egyetem Gy\u00f3gyszer\u00e9sztudom\u00e1nyi Kar k\u00f6zlem\u00e9nye a 75., 70., 65., 60. \u00e9s 50. \u00e9ve v\u00e9gzett gy\u00f3gyszer\u00e9szek r\u00e9sz\u00e9re &nbsp; A Semmelweis Egyetem Gy\u00f3gyszer\u00e9sztudom\u00e1nyi Kara \u00f6r\u00f6mmel \u00e1polja azt a hagyom\u00e1nyt, hogy volt hallgat\u00f3inak jubileumi d\u00edszoklevelet adom\u00e1nyoz. Azok a gy\u00f3gyszer\u00e9szek, akik diplom\u00e1jukat az Egyetem jogel\u0151djein\u00e9l: a P\u00e1zm\u00e1ny P\u00e9ter Tudom\u00e1nyegyetemen, a Budapesti Orvostudom\u00e1nyi Egyetemen, illetve a Semmelweis Orvostudom\u00e1nyi Egyetemen &hellip;<\/p>\n","protected":false},"author":101431,"featured_media":3006,"comment_status":"closed","ping_status":"closed","sticky":false,"template":"","format":"standard","meta":{"_acf_changed":false,"footnotes":""},"categories":[1],"tags":[],"class_list":["post-10794","post","type-post","status-publish","format-standard","has-post-thumbnail","hentry","category-hirek"],"acf":[],"_links":{"self":[{"href":"https:\/\/semmelweis.hu\/gytk\/wp-json\/wp\/v2\/posts\/10794","targetHints":{"allow":["GET"]}}],"collection":[{"href":"https:\/\/semmelweis.hu\/gytk\/wp-json\/wp\/v2\/posts"}],"about":[{"href":"https:\/\/semmelweis.hu\/gytk\/wp-json\/wp\/v2\/types\/post"}],"author":[{"embeddable":true,"href":"https:\/\/semmelweis.hu\/gytk\/wp-json\/wp\/v2\/users\/101431"}],"replies":[{"embeddable":true,"href":"https:\/\/semmelweis.hu\/gytk\/wp-json\/wp\/v2\/comments?post=10794"}],"version-history":[{"count":5,"href":"https:\/\/semmelweis.hu\/gytk\/wp-json\/wp\/v2\/posts\/10794\/revisions"}],"predecessor-version":[{"id":10800,"href":"https:\/\/semmelweis.hu\/gytk\/wp-json\/wp\/v2\/posts\/10794\/revisions\/10800"}],"wp:featuredmedia":[{"embeddable":true,"href":"https:\/\/semmelweis.hu\/gytk\/wp-json\/wp\/v2\/media\/3006"}],"wp:attachment":[{"href":"https:\/\/semmelweis.hu\/gytk\/wp-json\/wp\/v2\/media?parent=10794"}],"wp:term":[{"taxonomy":"category","embeddable":true,"href":"https:\/\/semmelweis.hu\/gytk\/wp-json\/wp\/v2\/categories?post=10794"},{"taxonomy":"post_tag","embeddable":true,"href":"https:\/\/semmelweis.hu\/gytk\/wp-json\/wp\/v2\/tags?post=10794"}],"curies":[{"name":"wp","href":"https:\/\/api.w.org\/{rel}","templated":true}]}}