{"id":855,"date":"2014-10-17T08:38:19","date_gmt":"2014-10-17T06:38:19","guid":{"rendered":"http:\/\/semmelweis.hu\/gyermekfogaszat\/?p=855"},"modified":"2014-10-17T08:38:49","modified_gmt":"2014-10-17T06:38:49","slug":"the-cco-system-2014-november-14-15","status":"publish","type":"post","link":"https:\/\/semmelweis.hu\/gyermekfogaszat\/2014\/10\/17\/the-cco-system-2014-november-14-15\/","title":{"rendered":"The CCO System &#8211; 2014. november 14-15."},"content":{"rendered":"<p style=\"text-align: center\"><strong>Megh\u00edv\u00f3<\/strong><\/p>\n<p style=\"text-align: center\"><strong>Szeretettel megh\u00edvjuk \u00d6nt<\/strong><\/p>\n<p style=\"text-align: center\"><strong>a <\/strong><strong>SE<\/strong><strong> Gyermekfog\u00e1szati \u00e9s Fogszab\u00e1lyoz\u00e1si Klinika \u00e9s a Savaria Dent Kft. \u00e1ltal szervezett akkredit\u00e1lt, elm\u00e9leti tov\u00e1bbk\u00e9pz\u0151 tanfolyamra.<\/strong><\/p>\n<p><strong> A tanfolyam id\u0151pontja: \u00a0\u00a0\u00a0\u00a0\u00a0 2014. november 14-15. (p\u00e9ntek-szombat) 9\u00ba\u00ba \u00f3ra<\/strong><\/p>\n<p><strong>A tanfolyam c\u00edme: \u00a0\u00a0\u00a0\u00a0\u00a0\u00a0\u00a0\u00a0\u00a0\u00a0\u00a0\u00a0\u00a0\u00a0 <span style=\"color: #993300\"><b>\u201eThe CCO System\u201d \u2013 \u00c1tfog\u00f3 Klinikai Ortodoncia<\/b><\/span><br \/>\n<\/strong><\/p>\n<p><strong>El\u0151ad\u00f3: \u00a0\u00a0\u00a0\u00a0\u00a0\u00a0\u00a0\u00a0\u00a0\u00a0\u00a0\u00a0\u00a0\u00a0\u00a0\u00a0\u00a0\u00a0\u00a0\u00a0\u00a0\u00a0\u00a0\u00a0\u00a0\u00a0\u00a0\u00a0\u00a0\u00a0\u00a0\u00a0\u00a0\u00a0 Dr. Raffaele Spena<br \/>\n<\/strong><\/p>\n<p>Oftex k\u00f3dsz\u00e1m:\u00a0\u00a0\u00a0\u00a0\u00a0\u00a0\u00a0\u00a0\u00a0\u00a0\u00a0\u00a0\u00a0\u00a0\u00a0\u00a0\u00a0\u00a0\u00a0\u00a0\u00a0\u00a0\u00a0\u00a0 <span style=\"color: #008000\"><b>SE-FOG\/2014.II\/00041<\/b><\/span><\/p>\n<p>R\u00e9szv\u00e9teli d\u00edja:\u00a0\u00a0\u00a0\u00a0\u00a0\u00a0\u00a0\u00a0\u00a0\u00a0\u00a0\u00a0\u00a0\u00a0\u00a0\u00a0\u00a0\u00a0\u00a0\u00a0\u00a0\u00a0\u00a0\u00a0\u00a0\u00a0 75.000 Ft<\/p>\n<p>Tov\u00e1bbi inform\u00e1ci\u00f3, jelentkez\u00e9s: savdentinfo@gmail.com, 06 94 505 840<\/p>\n<p>R\u00e9szletes program az <a href=\"http:\/\/oftex.hu\/project_o\/system\/launch.php?pg=.\/FRAME_main.php&amp;ugrp=2\" target=\"_blank\">Oftex<\/a> port\u00e1lon el\u00e9rhet\u0151.<\/p>\n","protected":false},"excerpt":{"rendered":"<p>Megh\u00edv\u00f3 Szeretettel megh\u00edvjuk \u00d6nt a SE Gyermekfog\u00e1szati \u00e9s Fogszab\u00e1lyoz\u00e1si Klinika \u00e9s a Savaria Dent Kft. \u00e1ltal szervezett akkredit\u00e1lt, elm\u00e9leti tov\u00e1bbk\u00e9pz\u0151 tanfolyamra. A tanfolyam id\u0151pontja: \u00a0\u00a0\u00a0\u00a0\u00a0 2014. november 14-15. (p\u00e9ntek-szombat) 9\u00ba\u00ba \u00f3ra A tanfolyam c\u00edme: \u00a0\u00a0\u00a0\u00a0\u00a0\u00a0\u00a0\u00a0\u00a0\u00a0\u00a0\u00a0\u00a0\u00a0 \u201eThe CCO System\u201d \u2013 \u00c1tfog\u00f3 Klinikai Ortodoncia El\u0151ad\u00f3: \u00a0\u00a0\u00a0\u00a0\u00a0\u00a0\u00a0\u00a0\u00a0\u00a0\u00a0\u00a0\u00a0\u00a0\u00a0\u00a0\u00a0\u00a0\u00a0\u00a0\u00a0\u00a0\u00a0\u00a0\u00a0\u00a0\u00a0\u00a0\u00a0\u00a0\u00a0\u00a0\u00a0\u00a0 Dr. Raffaele Spena Oftex k\u00f3dsz\u00e1m:\u00a0\u00a0\u00a0\u00a0\u00a0\u00a0\u00a0\u00a0\u00a0\u00a0\u00a0\u00a0\u00a0\u00a0\u00a0\u00a0\u00a0\u00a0\u00a0\u00a0\u00a0\u00a0\u00a0\u00a0 SE-FOG\/2014.II\/00041 R\u00e9szv\u00e9teli d\u00edja:\u00a0\u00a0\u00a0\u00a0\u00a0\u00a0\u00a0\u00a0\u00a0\u00a0\u00a0\u00a0\u00a0\u00a0\u00a0\u00a0\u00a0\u00a0\u00a0\u00a0\u00a0\u00a0\u00a0\u00a0\u00a0\u00a0 75.000 Ft Tov\u00e1bbi &hellip;<\/p>\n","protected":false},"author":269,"featured_media":0,"comment_status":"open","ping_status":"open","sticky":false,"template":"","format":"standard","meta":{"_acf_changed":false,"footnotes":""},"categories":[5],"tags":[],"class_list":["post-855","post","type-post","status-publish","format-standard","hentry","category-esemenyek"],"acf":[],"_links":{"self":[{"href":"https:\/\/semmelweis.hu\/gyermekfogaszat\/wp-json\/wp\/v2\/posts\/855","targetHints":{"allow":["GET"]}}],"collection":[{"href":"https:\/\/semmelweis.hu\/gyermekfogaszat\/wp-json\/wp\/v2\/posts"}],"about":[{"href":"https:\/\/semmelweis.hu\/gyermekfogaszat\/wp-json\/wp\/v2\/types\/post"}],"author":[{"embeddable":true,"href":"https:\/\/semmelweis.hu\/gyermekfogaszat\/wp-json\/wp\/v2\/users\/269"}],"replies":[{"embeddable":true,"href":"https:\/\/semmelweis.hu\/gyermekfogaszat\/wp-json\/wp\/v2\/comments?post=855"}],"version-history":[{"count":1,"href":"https:\/\/semmelweis.hu\/gyermekfogaszat\/wp-json\/wp\/v2\/posts\/855\/revisions"}],"predecessor-version":[{"id":856,"href":"https:\/\/semmelweis.hu\/gyermekfogaszat\/wp-json\/wp\/v2\/posts\/855\/revisions\/856"}],"wp:attachment":[{"href":"https:\/\/semmelweis.hu\/gyermekfogaszat\/wp-json\/wp\/v2\/media?parent=855"}],"wp:term":[{"taxonomy":"category","embeddable":true,"href":"https:\/\/semmelweis.hu\/gyermekfogaszat\/wp-json\/wp\/v2\/categories?post=855"},{"taxonomy":"post_tag","embeddable":true,"href":"https:\/\/semmelweis.hu\/gyermekfogaszat\/wp-json\/wp\/v2\/tags?post=855"}],"curies":[{"name":"wp","href":"https:\/\/api.w.org\/{rel}","templated":true}]}}