{"id":746,"date":"2019-08-28T14:16:59","date_gmt":"2019-08-28T12:16:59","guid":{"rendered":"https:\/\/semmelweis.hu\/gsi\/?p=746"},"modified":"2026-08-26T14:37:54","modified_gmt":"2026-08-26T12:37:54","slug":"1-oktatasfejlesztesi-minikonferencia-gyakorlati-klinikai-immunologia-es-genetika","status":"publish","type":"post","link":"https:\/\/semmelweis.hu\/gsi\/2019\/08\/28\/1-oktatasfejlesztesi-minikonferencia-gyakorlati-klinikai-immunologia-es-genetika\/","title":{"rendered":"1.  oktat\u00e1sfejleszt\u00e9si minikonferencia &#8211; Gyakorlati klinikai immunol\u00f3gia \u00e9s genetika"},"content":{"rendered":"<p>Az immunol\u00f3gia \u00e9s a genetika az orvostudom\u00e1ny k\u00e9t leggyorsabban fejl\u0151d\u0151 ter\u00fclete. Az elm\u00falt n\u00e9h\u00e1ny \u00e9vtized jelent\u0151s felfedez\u00e9sei ezeken a szakter\u00fcleteken mind a diagnosztikai m\u00f3dszertani reperto\u00e1r, mind a klinikai gyakorlatban alkalmazott biol\u00f3giai ter\u00e1pi\u00e1k sz\u00e1mottev\u0151 b\u0151v\u00fcl\u00e9s\u00e9t eredm\u00e9nyezt\u00e9k. Int\u00e9zet\u00fcnknek mindig is els\u0151dleges c\u00e9lja volt, hogy az Egyetem\u00fcnk fels\u0151bb \u00e9vfolyamaiban oktatott tant\u00e1rgyak elsaj\u00e1t\u00edt\u00e1sa sor\u00e1n \u00e9s k\u00e9s\u0151bb az orvosi gyakorlatban is haszn\u00e1lhat\u00f3 tud\u00e1sanyagot adjon \u00e1t a hallgat\u00f3knak. Ennek fontos eleme az oktat\u00e1si anyag folyamatos friss\u00edt\u00e9se, \u00faj tud\u00e1selemekkel val\u00f3 felt\u00f6lt\u00e9se.<\/p>\n<div class=\"fontos_div\">\n<p><strong>2019. szeptember 5-\u00e9n a Nagyv\u00e1rad t\u00e9ri Elm\u00e9leti T\u00f6mb (NET) 21. emelet\u00e9n a Johan B\u00e9la teremben egy egynapos minikonferenci\u00e1t szervez\u00fcnk \u201e<em>Gyakorlati klinikai immunol\u00f3gia \u00e9s genetika<\/em>\u201d c\u00edmmel.<\/strong><\/p>\n<\/div>\n<p>A rendezv\u00e9ny f\u0151 c\u00e9lja a t\u00e9ma oktat\u00e1si szempontb\u00f3l is fontos elemeinek t\u00f6m\u00f6r, l\u00e9nyegre t\u00f6r\u0151 \u00e1ttekint\u00e9se a gyakorlatban haszn\u00e1latos m\u00f3dszerek \u00e9s ter\u00e1pi\u00e1s strat\u00e9gi\u00e1k alapj\u00e1t k\u00e9pez\u0151 ismeretanyag, valamint a alapoz\u00f3 tant\u00e1rgyak (genetika, immunol\u00f3gia) keret\u00e9ben oktatott tananyag harmoniz\u00e1ci\u00f3ja \u00e9rdek\u00e9ben.<\/p>\n<p>Konferenci\u00e1nkra a klinikai laborat\u00f3riumi \u00e9s mikrobiol\u00f3giai diagnosztika azon ter\u00fcleteinek reprezentat\u00edv, v\u00e9lem\u00e9nyform\u00e1l\u00f3 k\u00e9pvisel\u0151it h\u00edvtuk meg el\u0151ad\u00f3nak, amelyek az immunol\u00f3gia \u00e9s a genetika leg\u00fajabb eredm\u00e9nyein alapul\u00f3 m\u00f3dszereket legink\u00e1bb haszn\u00e1lj\u00e1k a mindennapi gyakorlatban. Megh\u00edvjuk tov\u00e1bb\u00e1 a gy\u00f3gy\u00edt\u00f3 munka azon szakter\u00fcleteinek reprezentat\u00edv k\u00e9pvisel\u0151it is, melyekre jelent\u0151s hat\u00e1st gyakoroltak a k\u00f6zelm\u00falt tudom\u00e1nyos eredm\u00e9nyei \u00faj diagnosztikus tesztek \u00e9s ter\u00e1pi\u00e1s strat\u00e9gi\u00e1k bevezet\u00e9se r\u00e9v\u00e9n (onkol\u00f3gia, klinikai immunol\u00f3gia, allergol\u00f3gia, transzfuziol\u00f3gia, vakcinol\u00f3gia). Mell\u00e9kelten k\u00fcldj\u00fck a Konferencia programj\u00e1t.<\/p>\n<p>A hallgat\u00f3s\u00e1g soraiban els\u0151sorban az Semmelweis Egyetem Genetikai, Sejt- \u00e9s Immunbiol\u00f3giai Int\u00e9zet\u00e9nek oktat\u00f3i foglalnak majd helyet, tov\u00e1bb\u00e1 tisztelettel megh\u00edvjuk az orsz\u00e1g orvostudom\u00e1nyi egyetemeinek a konferencia t\u00e9m\u00e1j\u00e1hoz kapcsol\u00f3d\u00f3 alapoz\u00f3t\u00e1rgyakat oktat\u00f3 munkat\u00e1rsait, hogy vegyenek r\u00e9szt a rendezv\u00e9nyen.<\/p>\n<p>Minden \u00e9rdekl\u0151d\u0151t szeretettel v\u00e1runk!<\/p>\n<h5>\u00a0<\/h5>\n<h5><strong>A konferencia programja:<\/strong><\/h5>\n<table style=\"border-style: solid\">\n<tbody>\n<tr>\n<td>\n<p>9:00-9:10<\/p>\n<\/td>\n<td>\n<p>Megnyit\u00f3<\/p>\n<\/td>\n<\/tr>\n<tr>\n<td>\n<p>9:10-9:30<\/p>\n<\/td>\n<td>\n<p><strong>Genetikai \u00e9s immundiagnosztika a mikrobiol\u00f3gi\u00e1ban<br \/>\n<\/strong><em>Krist\u00f3f Katalin<\/em>(Semmelweis Egyetem, Laborat\u00f3riumi Medicina Int\u00e9zet)<\/p>\n<\/td>\n<\/tr>\n<tr>\n<td>\n<p>9:30-9:50<\/p>\n<\/td>\n<td>\n<p><strong>\u00dajdons\u00e1gok a vakcinol\u00f3gi\u00e1ban<br \/>\n<\/strong><em>Kulcs\u00e1r Andrea<\/em> (D\u00e9l-pesti Centrumk\u00f3rh\u00e1z)<\/p>\n<\/td>\n<\/tr>\n<tr>\n<td>\n<p>9:50-10:10<\/p>\n<\/td>\n<td>\n<p><strong>Gy\u00f3gyszerallergia kivizsg\u00e1l\u00e1sa<br \/>\n<\/strong><em>Nagy Eszter<\/em> (Orsz\u00e1gos Reumatol\u00f3giai \u00e9s Fizioter\u00e1pi\u00e1s Int\u00e9zet)<\/p>\n<\/td>\n<\/tr>\n<tr>\n<td>\n<p>10:10-10:30<\/p>\n<\/td>\n<td>\n<p><strong>Allergia immunter\u00e1pia<br \/>\n<\/strong><em>Nagy Adrienne<\/em>\u00a0(Heim P\u00e1l Orsz\u00e1gos Gyermekgy\u00f3gy\u00e1szati Int\u00e9zet)<\/p>\n<\/td>\n<\/tr>\n<tr>\n<td>\n<p>10:30-10:50<\/p>\n<\/td>\n<td>\n<p><em><strong>K\u00e1v\u00e9sz\u00fcnet<\/strong><\/em><\/p>\n<\/td>\n<\/tr>\n<tr>\n<td>\n<p>10:50-11:10<\/p>\n<\/td>\n<td>\n<p><strong>A komplementrendszer vizsg\u00e1lata<br \/>\n<\/strong><em>Csuka Dorottya<\/em> (Semmelweis Egyetem, III. sz. Belgy\u00f3gy\u00e1szati Klinika Kutat\u00f3laborat\u00f3riuma)<\/p>\n<\/td>\n<\/tr>\n<tr>\n<td>\n<p>11:10-11:30<\/p>\n<\/td>\n<td>\n<p><strong>Transzplant\u00e1ci\u00f3s immunol\u00f3giai vizsg\u00e1latok<br \/>\n<\/strong><em>Szilv\u00e1si Anik\u00f3<\/em> (Orsz\u00e1gos V\u00e9rell\u00e1t\u00f3 Szolg\u00e1lat Transzplant\u00e1ci\u00f3s Immungenetikai Laborat\u00f3riuma)<\/p>\n<\/td>\n<\/tr>\n<tr>\n<td>\n<p>11:30-11:50<\/p>\n<\/td>\n<td>\n<p><strong>Hematol\u00f3gia betegs\u00e9gek genetikai diagnosztik\u00e1ja<br \/>\n<\/strong><em>Andrikovics Hajnalka <\/em>(D\u00e9l-pesti Centrumk\u00f3rh\u00e1z)<\/p>\n<\/td>\n<\/tr>\n<tr>\n<td>\n<p>11:50-12:10<\/p>\n<\/td>\n<td>\n<p><strong>\u00dajdons\u00e1gok a transzfuziol\u00f3gi\u00e1ban<br \/>\n<\/strong><em>Nemes Nagy Zsuzsa<\/em> (Orsz\u00e1gos V\u00e9rell\u00e1t\u00f3 Szolg\u00e1lat)<\/p>\n<\/td>\n<\/tr>\n<tr>\n<td>\n<p>12:10-13:10<\/p>\n<\/td>\n<td>\n<p><strong><em>Eb\u00e9d<\/em><\/strong><\/p>\n<\/td>\n<\/tr>\n<tr>\n<td>13:10-13:30<\/td>\n<td>\n<p><strong>A terhess\u00e9g immunol\u00f3gi\u00e1ja<br \/>\n<\/strong><em>Szekeres-Barth\u00f3 J\u00falia<\/em> (P\u00e9csi Tudom\u00e1nyegyetem, Orvosi Biol\u00f3giai Int\u00e9zet)<\/p>\n<\/td>\n<\/tr>\n<tr>\n<td>\n<p>13:30-13:50<\/p>\n<\/td>\n<td>\n<p><strong>Hematol\u00f3gia betegs\u00e9gek \u00e1raml\u00e1si citometri\u00e1s diagnosztik\u00e1ja<br \/>\n<\/strong><em>Barna G\u00e1bor <\/em>(Semmelweis Egyetem, I.sz. Patol\u00f3giai \u00e9s K\u00eds\u00e9rleti R\u00e1kkutat\u00f3 Int\u00e9zet)<\/p>\n<\/td>\n<\/tr>\n<tr>\n<td>\n<p>13:50-14:10<\/p>\n<\/td>\n<td>\n<p><strong>Rosszindulat\u00fa hematol\u00f3giai betegs\u00e9gek immunter\u00e1pi\u00e1ja<br \/>\n<\/strong><em>Masszi Tam\u00e1s<\/em> (Semmelweis Egyetem, III. sz. Belgy\u00f3gy\u00e1szati Klinika)<\/p>\n<\/td>\n<\/tr>\n<tr>\n<td>\n<p>14:10-14:30<\/p>\n<\/td>\n<td>\n<p><strong>Rosszindulat\u00fa szolid tumorok immunter\u00e1pi\u00e1ja<em><br \/>\n<\/em><\/strong><em>Losonczy Gy\u00f6rgy<\/em> (Semmelweis Egyetem, Pulmonol\u00f3giai Klinika)<strong><em><br \/>\n<\/em><\/strong><\/p>\n<\/td>\n<\/tr>\n<tr>\n<td>\n<p>14:30-14:50<\/p>\n<\/td>\n<td>\n<p><strong style=\"font-family: inherit;font-size: inherit\"><em>K\u00e1v\u00e9sz\u00fcnet<\/em><\/strong><\/p>\n<\/td>\n<\/tr>\n<tr>\n<td>\n<p>14:50-15:10<\/p>\n<\/td>\n<td>\n<p><strong>Autoimmun betegs\u00e9gek diagnosztik\u00e1ja<br \/>\n<\/strong><em>Gergely P\u00e9ter<\/em> (Semmelweis Egyetem, Laborat\u00f3riumi Medicina Int\u00e9zet)<\/p>\n<\/td>\n<\/tr>\n<tr>\n<td>\n<p>15:10-15:30<\/p>\n<\/td>\n<td>\n<p><strong>Autoimmun betegs\u00e9gek immunter\u00e1pi\u00e1ja<br \/>\n<\/strong><em>Nagy Gy\u00f6rgy<\/em> (Budai Irgalmasrendi K\u00f3rh\u00e1z)<\/p>\n<\/td>\n<\/tr>\n<tr>\n<td>\n<p>15:30-15:50<\/p>\n<\/td>\n<td>\n<p><strong>Immundeficienci\u00e1k kivizsg\u00e1l\u00e1sa<br \/>\n<\/strong><em>Goda Vera<\/em> (D\u00e9l-pesti Centrumk\u00f3rh\u00e1z)<strong><br \/>\n<\/strong><\/p>\n<\/td>\n<\/tr>\n<tr>\n<td>\n<p>15:50-16:00<\/p>\n<\/td>\n<td>\n<p><strong>Konferencia z\u00e1r\u00e1sa<\/strong><\/p>\n<\/td>\n<\/tr>\n<\/tbody>\n<\/table>\n<p><strong>\u00a0<\/strong><\/p>\n","protected":false},"excerpt":{"rendered":"<p>Az immunol\u00f3gia \u00e9s a genetika az orvostudom\u00e1ny k\u00e9t leggyorsabban fejl\u0151d\u0151 ter\u00fclete. Az elm\u00falt n\u00e9h\u00e1ny \u00e9vtized jelent\u0151s felfedez\u00e9sei ezeken a szakter\u00fcleteken mind a diagnosztikai m\u00f3dszertani reperto\u00e1r, mind a klinikai gyakorlatban alkalmazott biol\u00f3giai ter\u00e1pi\u00e1k sz\u00e1mottev\u0151 b\u0151v\u00fcl\u00e9s\u00e9t eredm\u00e9nyezt\u00e9k. Int\u00e9zet\u00fcnknek mindig is els\u0151dleges c\u00e9lja volt, hogy az Egyetem\u00fcnk fels\u0151bb \u00e9vfolyamaiban oktatott tant\u00e1rgyak elsaj\u00e1t\u00edt\u00e1sa sor\u00e1n \u00e9s k\u00e9s\u0151bb az orvosi gyakorlatban &hellip;<\/p>\n","protected":false},"author":102170,"featured_media":0,"comment_status":"closed","ping_status":"closed","sticky":false,"template":"","format":"standard","meta":{"_acf_changed":false,"footnotes":""},"categories":[1],"tags":[],"class_list":["post-746","post","type-post","status-publish","format-standard","hentry","category-hirek"],"acf":[],"_links":{"self":[{"href":"https:\/\/semmelweis.hu\/gsi\/wp-json\/wp\/v2\/posts\/746","targetHints":{"allow":["GET"]}}],"collection":[{"href":"https:\/\/semmelweis.hu\/gsi\/wp-json\/wp\/v2\/posts"}],"about":[{"href":"https:\/\/semmelweis.hu\/gsi\/wp-json\/wp\/v2\/types\/post"}],"author":[{"embeddable":true,"href":"https:\/\/semmelweis.hu\/gsi\/wp-json\/wp\/v2\/users\/102170"}],"replies":[{"embeddable":true,"href":"https:\/\/semmelweis.hu\/gsi\/wp-json\/wp\/v2\/comments?post=746"}],"version-history":[{"count":1,"href":"https:\/\/semmelweis.hu\/gsi\/wp-json\/wp\/v2\/posts\/746\/revisions"}],"predecessor-version":[{"id":747,"href":"https:\/\/semmelweis.hu\/gsi\/wp-json\/wp\/v2\/posts\/746\/revisions\/747"}],"wp:attachment":[{"href":"https:\/\/semmelweis.hu\/gsi\/wp-json\/wp\/v2\/media?parent=746"}],"wp:term":[{"taxonomy":"category","embeddable":true,"href":"https:\/\/semmelweis.hu\/gsi\/wp-json\/wp\/v2\/categories?post=746"},{"taxonomy":"post_tag","embeddable":true,"href":"https:\/\/semmelweis.hu\/gsi\/wp-json\/wp\/v2\/tags?post=746"}],"curies":[{"name":"wp","href":"https:\/\/api.w.org\/{rel}","templated":true}]}}