{"id":692,"date":"2023-02-27T11:27:08","date_gmt":"2023-02-27T10:27:08","guid":{"rendered":"https:\/\/semmelweis.hu\/gsi\/?p=692"},"modified":"2026-08-26T14:38:46","modified_gmt":"2026-08-26T12:38:46","slug":"2-oktatasfejlesztesi-minikonferencia-gyakorlati-genetika","status":"publish","type":"post","link":"https:\/\/semmelweis.hu\/gsi\/2023\/02\/27\/2-oktatasfejlesztesi-minikonferencia-gyakorlati-genetika\/","title":{"rendered":"2. Oktat\u00e1sfejleszt\u00e9si Minikonferencia &#8211; Gyakorlati genetika"},"content":{"rendered":"<p>A genetika az orvostudom\u00e1ny egyik leggyorsabban fejl\u0151d\u0151 ter\u00fclete. Az elm\u00falt n\u00e9h\u00e1ny \u00e9vtized jelent\u0151s felfedez\u00e9sei ezen a szakter\u00fcleteken mind a diagnosztikai m\u00f3dszertani reperto\u00e1r, mind a klinikai gyakorlatban alkalmazott g\u00e9nter\u00e1pi\u00e1k sz\u00e1mottev\u0151 b\u0151v\u00fcl\u00e9s\u00e9t eredm\u00e9nyezt\u00e9k. Int\u00e9zet\u00fcnknek mindig is els\u0151dleges c\u00e9lja volt, hogy az Egyetem\u00fcnk fels\u0151bb \u00e9vfolyamaiban oktatott tant\u00e1rgyak elsaj\u00e1t\u00edt\u00e1sa sor\u00e1n \u00e9s k\u00e9s\u0151bb az orvosi gyakorlatban is haszn\u00e1lhat\u00f3 tud\u00e1sanyagot adjon \u00e1t a hallgat\u00f3knak. Ennek fontos eleme az oktat\u00e1si anyag folyamatos friss\u00edt\u00e9se, \u00faj tud\u00e1selemekkel val\u00f3 felt\u00f6lt\u00e9se.<\/p>\n<div class=\"fontos_div\">\n<p><strong>2023. m\u00e1rcius 2-\u00e1n a Nagyv\u00e1rad t\u00e9ri Elm\u00e9leti T\u00f6mb (NET) Tan\u00e1csterm\u00e9ben egynapos minikonferenci\u00e1t szervez\u00fcnk \u201eGyakorlati genetika\u201d c\u00edmmel.<\/strong><\/p>\n<p>A rendezv\u00e9nyt hibrid form\u00e1ban szervezz\u00fck meg. Az el\u0151ad\u00e1sok el\u00e9rhet\u0151ek online a <a href=\"https:\/\/semmelweis.zoom.us\/j\/97138619554?pwd=WjJIT3BURk9mQ1lHdFEvaTY5S3BqQT09\" target=\"_blank\" rel=\"noopener\">Zoom fel\u00fclet\u00e9n<\/a> is (<span style=\"font-size: 1rem\">Passcode: 407837).<\/span><\/p>\n<\/div>\n<p>A rendezv\u00e9ny f\u0151 c\u00e9lja a t\u00e9ma oktat\u00e1si szempontb\u00f3l is fontos elemeinek t\u00f6m\u00f6r, l\u00e9nyegre t\u00f6r\u0151 \u00e1ttekint\u00e9se a gyakorlatban haszn\u00e1latos m\u00f3dszerek \u00e9s ter\u00e1pi\u00e1s strat\u00e9gi\u00e1k alapj\u00e1t k\u00e9pez\u0151 ismeretanyag, valamint a alapoz\u00f3 tant\u00e1rgy (genetika) keret\u00e9ben oktatott tananyag harmoniz\u00e1ci\u00f3ja \u00e9rdek\u00e9ben.<\/p>\n<p>A hallgat\u00f3s\u00e1g soraiban els\u0151sorban az Semmelweis Egyetem Genetikai, Sejt- \u00e9s Immunbiol\u00f3giai Int\u00e9zet\u00e9nek oktat\u00f3i foglalnak majd helyet, tov\u00e1bb\u00e1 tisztelettel megh\u00edvtuk az orsz\u00e1g orvostudom\u00e1nyi egyetemeinek genetik\u00e1t oktat\u00f3 munkat\u00e1rsait, hogy vegyenek r\u00e9szt a rendezv\u00e9nyen.<\/p>\n<p>Minden tov\u00e1bbi \u00e9rdekl\u0151d\u0151t szeretettel v\u00e1runk!<\/p>\n<p>\n<img loading=\"lazy\" decoding=\"async\" class=\"aligncenter\" style=\"text-align: center\" src=\"https:\/\/semmelweis.hu\/gsi\/files\/2026\/08\/Minikonferencia_2023.jpg\" alt=\"\" width=\"573\" height=\"429\" \/><\/p>\n<h5>\u00a0<\/h5>\n<h5><strong>A konferencia programja:<\/strong><\/h5>\n<table style=\"border-style: solid\">\n<tbody>\n<tr>\n<td>\n<p>9:30-9:40<\/p>\n<\/td>\n<td>\n<p>Megnyit\u00f3<\/p>\n<\/td>\n<\/tr>\n<tr>\n<td>\n<p>9:40-10:00<\/p>\n<\/td>\n<td>\n<p><strong>Az epigenetikai szeml\u00e9let kiterjeszt\u00e9se; ment\u00e1lis \u00e9s szoci\u00e1lis epigenetika<br \/>\n<\/strong><em>Falus Andr\u00e1s<\/em>\u00a0(Semmelweis Egyetem, Genetikai, Sejt- \u00e9s Immunbiol\u00f3giai Int\u00e9zet)<\/p>\n<\/td>\n<\/tr>\n<tr>\n<td>\n<p>10:00-10:20<\/p>\n<\/td>\n<td>\n<p><strong>Mit tanulhatunk egy ritka betegs\u00e9g genetikai es funkcion\u00e1lis vizsg\u00e1lataib\u00f3l?<br \/>\n<\/strong><em>Sz\u00e9ll M\u00e1rta<\/em>\u00a0(Szegedi Tudom\u00e1nyegyetem, Szent-Gy\u00f6rgyi Albert Klinikai K\u00f6zpont, Orvosi Genetikai Int\u00e9zet)<\/p>\n<\/td>\n<\/tr>\n<tr>\n<td>\n<p>10:20-10:40<\/p>\n<\/td>\n<td>\n<p><strong>\u00dajdons\u00e1gok a popul\u00e1ci\u00f3genetik\u00e1ban<br \/>\n<\/strong><em>Szalai Csaba<\/em>\u00a0(Semmelweis Egyetem, Genetikai, Sejt- \u00e9s Immunbiol\u00f3giai Int\u00e9zet)<\/p>\n<\/td>\n<\/tr>\n<tr>\n<td>\n<p>10:40-11:00<\/p>\n<\/td>\n<td>\n<p><em><strong>K\u00e1v\u00e9sz\u00fcnet<\/strong><\/em><\/p>\n<\/td>\n<\/tr>\n<tr>\n<td>\n<p>11:00-11:20<\/p>\n<\/td>\n<td>\n<p><strong>\u00dajdons\u00e1gok a citogenetik\u00e1ban<br \/>\n<\/strong><em>Haltrich Ir\u00e9n<\/em>\u00a0(Semmelweis Egyetem, Gyermekgy\u00f3gy\u00e1szati Klinika, T\u0171zolt\u00f3 utcai r\u00e9szleg)<\/p>\n<\/td>\n<\/tr>\n<tr>\n<td>\n<p>11:20-11:40<\/p>\n<\/td>\n<td>\n<p><strong>NGS a csal\u00e1di halmoz\u00f3d\u00e1s\u00fa daganatokban<br \/>\n<\/strong><em>Pat\u00f3cs Attila<\/em>\u00a0(Orsz\u00e1gos Onkol\u00f3giai Int\u00e9zet, Onkol\u00f3giai Kutat\u00f3 K\u00f6zpont)<\/p>\n<\/td>\n<\/tr>\n<tr>\n<td>\n<p>11:40-12:00<\/p>\n<\/td>\n<td>\n<p><strong>NGS a hematol\u00f3giai betegs\u00e9gek korszer\u0171 diagnosztik\u00e1j\u00e1ban<br \/>\n<\/strong><em>B\u00f6d\u00f6r Csaba\u00a0<\/em>(Semmelweis Egyetem, Patol\u00f3giai \u00e9s K\u00eds\u00e9rleti R\u00e1kkutat\u00f3 Int\u00e9zet)<\/p>\n<\/td>\n<\/tr>\n<tr>\n<td>\n<p>12:00-12:20<\/p>\n<\/td>\n<td>\n<p><strong>A mikrokim\u00e9rizmus vizsg\u00e1lat\u00e1nak m\u00f3dszerei \u00e9s jelent\u0151s\u00e9ge transzplant\u00e1ci\u00f3ban<br \/>\n<\/strong><em>Tordai Attila<\/em>\u00a0(Semmelweis Egyetem, Transzf\u00faziol\u00f3giai Tansz\u00e9k)<\/p>\n<\/td>\n<\/tr>\n<tr>\n<td>\n<p>12:20-13:20<\/p>\n<\/td>\n<td>\n<p><strong><em>Eb\u00e9d<\/em><\/strong><\/p>\n<\/td>\n<\/tr>\n<tr>\n<td>13:20-13:40<\/td>\n<td>\n<p><strong>Nyomoz\u00e1s egy VUS tal\u00e1lat \u00fcgy\u00e9ben<br \/>\n<\/strong><em>Karcagi Veronika<\/em>\u00a0(Istenhegyi G\u00e9ndiagnosztikai K\u00f6zpont)<\/p>\n<\/td>\n<\/tr>\n<tr>\n<td>\n<p>13:40-14:00<\/p>\n<\/td>\n<td>\n<p><strong>Ritka betegs\u00e9gek g\u00e9ndiagnosztik\u00e1ja<br \/>\n<\/strong><em>Moln\u00e1r Viktor\u00a0<\/em>(Semmelweis Egyetem, Genomikai Medicina \u00e9s Ritka Betegs\u00e9gek Int\u00e9zete)<\/p>\n<\/td>\n<\/tr>\n<tr>\n<td>\n<p>14:00-14:20<\/p>\n<\/td>\n<td>\n<p><strong>\u00dajsz\u00fcl\u00f6ttkorban \u00e9s gyermekkorban fenot\u00edpusosan megnyilv\u00e1nul\u00f3 genetikai beteged\u00e9sek t\u00fcnettana \u00e9s diagnosztikai algoritmusa<br \/>\n<\/strong><em>Kov\u00e1cs \u00c1rp\u00e1d<\/em>\u00a0(Semmelweis Egyetem, Gyermekgy\u00f3gy\u00e1szati Klinika, T\u0171zolt\u00f3 utcai r\u00e9szleg)<\/p>\n<\/td>\n<\/tr>\n<tr>\n<td>\n<p>14:20-14:40<\/p>\n<\/td>\n<td>\n<p><strong><em>K\u00e1v\u00e9sz\u00fcnet<\/em><\/strong><\/p>\n<\/td>\n<\/tr>\n<tr>\n<td>\n<p>14:40-15:00<\/p>\n<\/td>\n<td>\n<p><strong>Egy-sejt transzkriptomika a kutat\u00e1s \u00e9s klinikum hat\u00e1r\u00e1n<br \/>\n<\/strong><em>Kov\u00e1cs \u00c1rp\u00e1d<\/em>\u00a0(Semmelweis Egyetem, Gyermekgy\u00f3gy\u00e1szati Klinika, T\u0171zolt\u00f3 utcai r\u00e9szleg)<\/p>\n<\/td>\n<\/tr>\n<tr>\n<td>\n<p>15:00-15:20<\/p>\n<\/td>\n<td>\n<p><strong>\u00dajdons\u00e1gok az assziszt\u00e1lt reprodukci\u00f3 technik\u00e1j\u00e1ban<br \/>\n<\/strong><em>G\u00e1l Zs\u00f3fia<\/em>\u00a0(Semmelweis Egyetem, Assziszt\u00e1lt Reprodukci\u00f3s Centrum)<\/p>\n<\/td>\n<\/tr>\n<tr>\n<td>\n<p>15:20-15:40<\/p>\n<\/td>\n<td>\n<p><strong>\u00dajgener\u00e1ci\u00f3s platformok alkalmaz\u00e1sa a kutat\u00e1sban \u00e9s a diagnosztikai gyakorlatban<br \/>\n<\/strong><em>Samu Attila<\/em>\u00a0(iBio-Science Kft)<\/p>\n<\/td>\n<\/tr>\n<tr>\n<td>\n<p>15:40-15:50<\/p>\n<\/td>\n<td>\n<p><strong>Konferencia z\u00e1r\u00e1sa<\/strong><\/p>\n<\/td>\n<\/tr>\n<\/tbody>\n<\/table>\n<p><strong><\/p>\n<p><\/strong><\/p>\n","protected":false},"excerpt":{"rendered":"<p>A genetika az orvostudom\u00e1ny egyik leggyorsabban fejl\u0151d\u0151 ter\u00fclete. Az elm\u00falt n\u00e9h\u00e1ny \u00e9vtized jelent\u0151s felfedez\u00e9sei ezen a szakter\u00fcleteken mind a diagnosztikai m\u00f3dszertani reperto\u00e1r, mind a klinikai gyakorlatban alkalmazott g\u00e9nter\u00e1pi\u00e1k sz\u00e1mottev\u0151 b\u0151v\u00fcl\u00e9s\u00e9t eredm\u00e9nyezt\u00e9k. Int\u00e9zet\u00fcnknek mindig is els\u0151dleges c\u00e9lja volt, hogy az Egyetem\u00fcnk fels\u0151bb \u00e9vfolyamaiban oktatott tant\u00e1rgyak elsaj\u00e1t\u00edt\u00e1sa sor\u00e1n \u00e9s k\u00e9s\u0151bb az orvosi gyakorlatban is haszn\u00e1lhat\u00f3 tud\u00e1sanyagot adjon &hellip;<\/p>\n","protected":false},"author":102170,"featured_media":694,"comment_status":"closed","ping_status":"closed","sticky":false,"template":"","format":"standard","meta":{"_acf_changed":false,"footnotes":""},"categories":[1],"tags":[],"class_list":["post-692","post","type-post","status-publish","format-standard","has-post-thumbnail","hentry","category-hirek"],"acf":[],"_links":{"self":[{"href":"https:\/\/semmelweis.hu\/gsi\/wp-json\/wp\/v2\/posts\/692","targetHints":{"allow":["GET"]}}],"collection":[{"href":"https:\/\/semmelweis.hu\/gsi\/wp-json\/wp\/v2\/posts"}],"about":[{"href":"https:\/\/semmelweis.hu\/gsi\/wp-json\/wp\/v2\/types\/post"}],"author":[{"embeddable":true,"href":"https:\/\/semmelweis.hu\/gsi\/wp-json\/wp\/v2\/users\/102170"}],"replies":[{"embeddable":true,"href":"https:\/\/semmelweis.hu\/gsi\/wp-json\/wp\/v2\/comments?post=692"}],"version-history":[{"count":6,"href":"https:\/\/semmelweis.hu\/gsi\/wp-json\/wp\/v2\/posts\/692\/revisions"}],"predecessor-version":[{"id":748,"href":"https:\/\/semmelweis.hu\/gsi\/wp-json\/wp\/v2\/posts\/692\/revisions\/748"}],"wp:featuredmedia":[{"embeddable":true,"href":"https:\/\/semmelweis.hu\/gsi\/wp-json\/wp\/v2\/media\/694"}],"wp:attachment":[{"href":"https:\/\/semmelweis.hu\/gsi\/wp-json\/wp\/v2\/media?parent=692"}],"wp:term":[{"taxonomy":"category","embeddable":true,"href":"https:\/\/semmelweis.hu\/gsi\/wp-json\/wp\/v2\/categories?post=692"},{"taxonomy":"post_tag","embeddable":true,"href":"https:\/\/semmelweis.hu\/gsi\/wp-json\/wp\/v2\/tags?post=692"}],"curies":[{"name":"wp","href":"https:\/\/api.w.org\/{rel}","templated":true}]}}