{"id":389,"date":"2026-02-17T15:53:23","date_gmt":"2026-02-17T14:53:23","guid":{"rendered":"https:\/\/semmelweis.hu\/gsi\/?p=389"},"modified":"2026-08-07T08:17:56","modified_gmt":"2026-08-07T06:17:56","slug":"kivalo-tdk-nevelo-dijjal-ismertek-el-intezetunk-munkatarsat-dr-hegyesi-hargitat","status":"publish","type":"post","link":"https:\/\/semmelweis.hu\/gsi\/2026\/02\/17\/kivalo-tdk-nevelo-dijjal-ismertek-el-intezetunk-munkatarsat-dr-hegyesi-hargitat\/","title":{"rendered":"Kiv\u00e1l\u00f3 TDK Nevel\u0151 D\u00edjjal ismert\u00e9k el munkat\u00e1rsunkat, dr. Hegyesi Hargit\u00e1t"},"content":{"rendered":"<p>A 2025. \u00e9vi Kiv\u00e1l\u00f3 Tudom\u00e1nyos Di\u00e1kk\u00f6ri Nevel\u0151 D\u00edjjal t\u00edz, a hallgat\u00f3i tehets\u00e9ggondoz\u00e1s ir\u00e1nt elk\u00f6telezett oktat\u00f3t ismertek el, k\u00f6zt\u00fck dr. Hegyesi Hargit\u00e1t, int\u00e9zet\u00fcnk egyetemi docens\u00e9t.<\/p>\n<p>A 2026-os egyetemi TDK-konferenci\u00e1ra rekordsz\u00e1m\u00fa, \u00f6sszesen 670 el\u0151ad\u00e1skivonat \u00e9rkezett.<\/p>\n<p>A konferenci\u00e1r\u00f3l \u00e9s a d\u00edjazottak teljes n\u00e9vsor\u00e1r\u00f3l a Semmelweis H\u00edrek <a href=\"https:\/\/semmelweis.hu\/hirek\/2026\/02\/17\/az-iden-is-rekordot-dontott-a-tdk-konferencia-a-semmelweis-egyetemen\/\"><em>Az id\u00e9n is rekordot d\u00f6nt\u00f6tt a TDK Konferencia a Semmelweis Egyetemen<\/em><\/a> c\u00edm\u0171 cikk\u00e9ben olvashatnak r\u00e9szletesen.<\/p>\n","protected":false},"excerpt":{"rendered":"<p>Int\u00e9zet\u00fcnk egyetemi docense Kiv\u00e1l\u00f3 Tudom\u00e1nyos Di\u00e1kk\u00f6ri Nevel\u0151 D\u00edjban r\u00e9szes\u00fclt. Az elismer\u00e9st a Semmelweis Egyetem 2026-os Tudom\u00e1nyos Di\u00e1kk\u00f6ri Konferenci\u00e1j\u00e1nak megnyit\u00f3j\u00e1n adt\u00e1k \u00e1t.<\/p>\n","protected":false},"author":102170,"featured_media":390,"comment_status":"closed","ping_status":"closed","sticky":false,"template":"","format":"standard","meta":{"_acf_changed":false,"footnotes":""},"categories":[1],"tags":[],"class_list":["post-389","post","type-post","status-publish","format-standard","has-post-thumbnail","hentry","category-hirek"],"acf":[],"_links":{"self":[{"href":"https:\/\/semmelweis.hu\/gsi\/wp-json\/wp\/v2\/posts\/389","targetHints":{"allow":["GET"]}}],"collection":[{"href":"https:\/\/semmelweis.hu\/gsi\/wp-json\/wp\/v2\/posts"}],"about":[{"href":"https:\/\/semmelweis.hu\/gsi\/wp-json\/wp\/v2\/types\/post"}],"author":[{"embeddable":true,"href":"https:\/\/semmelweis.hu\/gsi\/wp-json\/wp\/v2\/users\/102170"}],"replies":[{"embeddable":true,"href":"https:\/\/semmelweis.hu\/gsi\/wp-json\/wp\/v2\/comments?post=389"}],"version-history":[{"count":2,"href":"https:\/\/semmelweis.hu\/gsi\/wp-json\/wp\/v2\/posts\/389\/revisions"}],"predecessor-version":[{"id":395,"href":"https:\/\/semmelweis.hu\/gsi\/wp-json\/wp\/v2\/posts\/389\/revisions\/395"}],"wp:featuredmedia":[{"embeddable":true,"href":"https:\/\/semmelweis.hu\/gsi\/wp-json\/wp\/v2\/media\/390"}],"wp:attachment":[{"href":"https:\/\/semmelweis.hu\/gsi\/wp-json\/wp\/v2\/media?parent=389"}],"wp:term":[{"taxonomy":"category","embeddable":true,"href":"https:\/\/semmelweis.hu\/gsi\/wp-json\/wp\/v2\/categories?post=389"},{"taxonomy":"post_tag","embeddable":true,"href":"https:\/\/semmelweis.hu\/gsi\/wp-json\/wp\/v2\/tags?post=389"}],"curies":[{"name":"wp","href":"https:\/\/api.w.org\/{rel}","templated":true}]}}