{"id":385,"date":"2026-03-10T15:43:03","date_gmt":"2026-03-10T14:43:03","guid":{"rendered":"https:\/\/semmelweis.hu\/gsi\/?p=385"},"modified":"2026-08-07T08:27:15","modified_gmt":"2026-08-07T06:27:15","slug":"rektori-es-dekani-dicseretet-kaptak-intezetunk-munkatarsai","status":"publish","type":"post","link":"https:\/\/semmelweis.hu\/gsi\/2026\/03\/10\/rektori-es-dekani-dicseretet-kaptak-intezetunk-munkatarsai\/","title":{"rendered":"Rektori \u00e9s d\u00e9k\u00e1ni dics\u00e9retet kaptak int\u00e9zet\u00fcnk munkat\u00e1rsai"},"content":{"rendered":"<p>A Semmelweis Egyetem m\u00e1rcius 15-i \u00fcnneps\u00e9g\u00e9n int\u00e9zet\u00fcnk k\u00e9t munkat\u00e1rsa is elismer\u00e9st vehetett \u00e1t.<\/p>\n<p>Dr. P\u00e1llinger \u00c9va Rektori Dics\u00e9retben, dr. Visnovitz Tam\u00e1s pedig az \u00c1ltal\u00e1nos Orvostudom\u00e1nyi Kar D\u00e9k\u00e1ni Dics\u00e9ret\u00e9ben r\u00e9szes\u00fclt.<\/p>\n<p><a href=\"https:\/\/semmelweis.hu\/hirek\/2026\/03\/10\/unnepi-elismeresek-az-egyetemen-marcius-15-e-alkalmabol\/\">Az \u00fcnnepi megeml\u00e9kez\u00e9sr\u0151l \u00e9s a kit\u00fcntetettek teljes n\u00e9vsor\u00e1r\u00f3l a Semmelweis Egyetem cikk\u00e9ben olvashatnak.<\/a><\/p>\n<p>&nbsp;<\/p>\n","protected":false},"excerpt":{"rendered":"<p>Az 1848\/49-es forradalom \u00e9s szabads\u00e1gharc 178. \u00e9vfordul\u00f3ja alkalm\u00e1b\u00f3l rendezett egyetemi \u00fcnneps\u00e9gen dr. P\u00e1llinger \u00c9va rektori, dr. Visnovitz Tam\u00e1s pedig d\u00e9k\u00e1ni dics\u00e9retben r\u00e9szes\u00fclt.<\/p>\n","protected":false},"author":102170,"featured_media":386,"comment_status":"closed","ping_status":"closed","sticky":false,"template":"","format":"standard","meta":{"_acf_changed":false,"footnotes":""},"categories":[1],"tags":[],"class_list":["post-385","post","type-post","status-publish","format-standard","has-post-thumbnail","hentry","category-hirek"],"acf":[],"_links":{"self":[{"href":"https:\/\/semmelweis.hu\/gsi\/wp-json\/wp\/v2\/posts\/385","targetHints":{"allow":["GET"]}}],"collection":[{"href":"https:\/\/semmelweis.hu\/gsi\/wp-json\/wp\/v2\/posts"}],"about":[{"href":"https:\/\/semmelweis.hu\/gsi\/wp-json\/wp\/v2\/types\/post"}],"author":[{"embeddable":true,"href":"https:\/\/semmelweis.hu\/gsi\/wp-json\/wp\/v2\/users\/102170"}],"replies":[{"embeddable":true,"href":"https:\/\/semmelweis.hu\/gsi\/wp-json\/wp\/v2\/comments?post=385"}],"version-history":[{"count":3,"href":"https:\/\/semmelweis.hu\/gsi\/wp-json\/wp\/v2\/posts\/385\/revisions"}],"predecessor-version":[{"id":392,"href":"https:\/\/semmelweis.hu\/gsi\/wp-json\/wp\/v2\/posts\/385\/revisions\/392"}],"wp:featuredmedia":[{"embeddable":true,"href":"https:\/\/semmelweis.hu\/gsi\/wp-json\/wp\/v2\/media\/386"}],"wp:attachment":[{"href":"https:\/\/semmelweis.hu\/gsi\/wp-json\/wp\/v2\/media?parent=385"}],"wp:term":[{"taxonomy":"category","embeddable":true,"href":"https:\/\/semmelweis.hu\/gsi\/wp-json\/wp\/v2\/categories?post=385"},{"taxonomy":"post_tag","embeddable":true,"href":"https:\/\/semmelweis.hu\/gsi\/wp-json\/wp\/v2\/tags?post=385"}],"curies":[{"name":"wp","href":"https:\/\/api.w.org\/{rel}","templated":true}]}}