{"id":375,"date":"2011-10-14T15:04:00","date_gmt":"2011-10-14T13:04:00","guid":{"rendered":"https:\/\/semmelweis.hu\/gsi\/?p=375"},"modified":"2026-08-06T15:12:29","modified_gmt":"2026-08-06T13:12:29","slug":"nokert-es-a-tudomanyert-osztondijjal-dijaztak-intezetunk-kutatojat-dr-buzas-editet","status":"publish","type":"post","link":"https:\/\/semmelweis.hu\/gsi\/2011\/10\/14\/nokert-es-a-tudomanyert-osztondijjal-dijaztak-intezetunk-kutatojat-dr-buzas-editet\/","title":{"rendered":"N\u0151k\u00e9rt \u00e9s a Tudom\u00e1ny\u00e9rt \u00f6szt\u00f6nd\u00edjjal d\u00edjazt\u00e1k int\u00e9zet\u00fcnk kutat\u00f3j\u00e1t, dr. Buz\u00e1s Editet"},"content":{"rendered":"<p>A GSI immunol\u00f3gusa az 55 \u00e9v alatti kutat\u00f3k kateg\u00f3ri\u00e1j\u00e1ban nyerte el a L\u2019Or\u00e9al\u2013UNESCO A N\u0151k\u00e9rt \u00e9s a Tudom\u00e1ny\u00e9rt magyar \u00f6szt\u00f6nd\u00edj\u00e1t.<\/p>\n<p>Vezet\u00e9s\u00e9vel a Genetikai, Sejt- \u00e9s Immunbiol\u00f3giai Int\u00e9zet munkat\u00e1rsai \u00e9vek \u00f3ta vizsg\u00e1lj\u00e1k az extracellul\u00e1ris vezikul\u00e1kat. Ezek a sejtek \u00e1ltal kibocs\u00e1tott apr\u00f3 k\u00e9pletek fontos szerepet t\u00f6ltenek be a sejtek k\u00f6z\u00f6tti inform\u00e1ci\u00f3\u00e1raml\u00e1sban, \u00e9s sz\u00e1mos betegs\u00e9g kialakul\u00e1s\u00e1ban is k\u00f6zrem\u0171k\u00f6dhetnek.<\/p>\n<p>A kutat\u00e1si eredm\u00e9nyek a j\u00f6v\u0151ben lehet\u0151v\u00e9 tehetik az extracellul\u00e1ris vezikul\u00e1k minden eddigin\u00e9l pontosabb, \u00e1raml\u00e1si citometri\u00e1n alapul\u00f3 azonos\u00edt\u00e1s\u00e1t. <a href=\"https:\/\/semmelweis.hu\/hirek\/2011\/10\/24\/dr-buzas-editet-dijaztak-az-akademian\/\">A d\u00edj\u00e1tad\u00f3r\u00f3l, a tov\u00e1bbi kit\u00fcntetettekr\u0151l \u00e9s kutat\u00e1si ter\u00fcleteikr\u0151l a Semmelweis H\u00edrek cikk\u00e9ben olvashatnak r\u00e9szletesen.<\/a><\/p>\n","protected":false},"excerpt":{"rendered":"<p>A Genetikai, Sejt- \u00e9s Immunbiol\u00f3giai Int\u00e9zet munkat\u00e1rsai \u00e9vek \u00f3ta vizsg\u00e1lj\u00e1k az sejtek k\u00f6z\u00f6tti inform\u00e1ci\u00f3 \u00e1raml\u00e1sban fontos szerepet j\u00e1tsz\u00f3 extracellul\u00e1ris vezikul\u00e1kat.<\/p>\n","protected":false},"author":102170,"featured_media":376,"comment_status":"closed","ping_status":"closed","sticky":false,"template":"","format":"standard","meta":{"_acf_changed":false,"footnotes":""},"categories":[1],"tags":[],"class_list":["post-375","post","type-post","status-publish","format-standard","has-post-thumbnail","hentry","category-hirek"],"acf":[],"_links":{"self":[{"href":"https:\/\/semmelweis.hu\/gsi\/wp-json\/wp\/v2\/posts\/375","targetHints":{"allow":["GET"]}}],"collection":[{"href":"https:\/\/semmelweis.hu\/gsi\/wp-json\/wp\/v2\/posts"}],"about":[{"href":"https:\/\/semmelweis.hu\/gsi\/wp-json\/wp\/v2\/types\/post"}],"author":[{"embeddable":true,"href":"https:\/\/semmelweis.hu\/gsi\/wp-json\/wp\/v2\/users\/102170"}],"replies":[{"embeddable":true,"href":"https:\/\/semmelweis.hu\/gsi\/wp-json\/wp\/v2\/comments?post=375"}],"version-history":[{"count":2,"href":"https:\/\/semmelweis.hu\/gsi\/wp-json\/wp\/v2\/posts\/375\/revisions"}],"predecessor-version":[{"id":378,"href":"https:\/\/semmelweis.hu\/gsi\/wp-json\/wp\/v2\/posts\/375\/revisions\/378"}],"wp:featuredmedia":[{"embeddable":true,"href":"https:\/\/semmelweis.hu\/gsi\/wp-json\/wp\/v2\/media\/376"}],"wp:attachment":[{"href":"https:\/\/semmelweis.hu\/gsi\/wp-json\/wp\/v2\/media?parent=375"}],"wp:term":[{"taxonomy":"category","embeddable":true,"href":"https:\/\/semmelweis.hu\/gsi\/wp-json\/wp\/v2\/categories?post=375"},{"taxonomy":"post_tag","embeddable":true,"href":"https:\/\/semmelweis.hu\/gsi\/wp-json\/wp\/v2\/tags?post=375"}],"curies":[{"name":"wp","href":"https:\/\/api.w.org\/{rel}","templated":true}]}}