{"id":330,"date":"2019-03-15T10:38:54","date_gmt":"2019-03-15T09:38:54","guid":{"rendered":"https:\/\/semmelweis.hu\/gsi\/?p=330"},"modified":"2026-08-06T10:42:49","modified_gmt":"2026-08-06T08:42:49","slug":"szechenyi-dijat-kapott-intezetunk-igazgatoja-dr-buzas-edit","status":"publish","type":"post","link":"https:\/\/semmelweis.hu\/gsi\/2019\/03\/15\/szechenyi-dijat-kapott-intezetunk-igazgatoja-dr-buzas-edit\/","title":{"rendered":"Sz\u00e9chenyi-d\u00edjat kapott int\u00e9zet\u00fcnk igazgat\u00f3ja, dr. Buz\u00e1s Edit"},"content":{"rendered":"<p>A nemzeti \u00fcnnep alkalm\u00e1b\u00f3l Sz\u00e9chenyi-d\u00edjban r\u00e9szes\u00fclt dr. Buz\u00e1s Edit, a Genetikai, Sejt- \u00e9s Immunbiol\u00f3giai Int\u00e9zet igazgat\u00f3ja.<\/p>\n<p>Az \u00fcnnep\u00e9lyes d\u00edj\u00e1tad\u00f3n elhangzott indokl\u00e1s szerint az elismer\u00e9st a sejtek k\u00f6z\u00f6tti kommunik\u00e1ci\u00f3ban k\u00f6zponti szerepet j\u00e1tsz\u00f3 extracellul\u00e1ris vezikul\u00e1k szerkezet\u00e9nek \u00e9s m\u0171k\u00f6d\u00e9s\u00e9nek vizsg\u00e1lata ter\u00e9n el\u00e9rt kiemelked\u0151 kutat\u00e1si eredm\u00e9nyei\u00e9rt, valamint az immunol\u00f3gia oktat\u00e1s\u00e1ban v\u00e9gzett magas szint\u0171 munk\u00e1j\u00e1\u00e9rt kapta.<\/p>\n<p>A tov\u00e1bbi kit\u00fcntetett semmelweises kutat\u00f3kr\u00f3l a Semmelweis Egyetem <a href=\"https:\/\/semmelweis.hu\/hirek\/2019\/03\/15\/harom-semmelweis-kutato-vehetett-at-szechenyi-dijat\/\"><em>H\u00e1rom kutat\u00f3 vehetett \u00e1t az egyetemr\u0151l Sz\u00e9chenyi-d\u00edjat<\/em><\/a> c\u00edm\u0171 cikk\u00e9ben olvashat b\u0151vebben.<\/p>\n","protected":false},"excerpt":{"rendered":"<p>A rangos elismer\u00e9st az extracellul\u00e1ris vezikul\u00e1k kutat\u00e1s\u00e1ban el\u00e9rt kiemelked\u0151 eredm\u00e9nyei\u00e9rt, valamint az immunol\u00f3gia oktat\u00e1s\u00e1ban v\u00e9gzett magas szint\u0171 munk\u00e1j\u00e1\u00e9rt vehette \u00e1t.<\/p>\n","protected":false},"author":102170,"featured_media":0,"comment_status":"closed","ping_status":"closed","sticky":false,"template":"","format":"standard","meta":{"_acf_changed":false,"footnotes":""},"categories":[1],"tags":[],"class_list":["post-330","post","type-post","status-publish","format-standard","hentry","category-hirek"],"acf":[],"_links":{"self":[{"href":"https:\/\/semmelweis.hu\/gsi\/wp-json\/wp\/v2\/posts\/330","targetHints":{"allow":["GET"]}}],"collection":[{"href":"https:\/\/semmelweis.hu\/gsi\/wp-json\/wp\/v2\/posts"}],"about":[{"href":"https:\/\/semmelweis.hu\/gsi\/wp-json\/wp\/v2\/types\/post"}],"author":[{"embeddable":true,"href":"https:\/\/semmelweis.hu\/gsi\/wp-json\/wp\/v2\/users\/102170"}],"replies":[{"embeddable":true,"href":"https:\/\/semmelweis.hu\/gsi\/wp-json\/wp\/v2\/comments?post=330"}],"version-history":[{"count":1,"href":"https:\/\/semmelweis.hu\/gsi\/wp-json\/wp\/v2\/posts\/330\/revisions"}],"predecessor-version":[{"id":331,"href":"https:\/\/semmelweis.hu\/gsi\/wp-json\/wp\/v2\/posts\/330\/revisions\/331"}],"wp:attachment":[{"href":"https:\/\/semmelweis.hu\/gsi\/wp-json\/wp\/v2\/media?parent=330"}],"wp:term":[{"taxonomy":"category","embeddable":true,"href":"https:\/\/semmelweis.hu\/gsi\/wp-json\/wp\/v2\/categories?post=330"},{"taxonomy":"post_tag","embeddable":true,"href":"https:\/\/semmelweis.hu\/gsi\/wp-json\/wp\/v2\/tags?post=330"}],"curies":[{"name":"wp","href":"https:\/\/api.w.org\/{rel}","templated":true}]}}