{"id":326,"date":"2019-05-07T10:14:59","date_gmt":"2019-05-07T08:14:59","guid":{"rendered":"https:\/\/semmelweis.hu\/gsi\/?p=326"},"modified":"2026-08-07T08:33:26","modified_gmt":"2026-08-07T06:33:26","slug":"intezetunk-igazgatojat-dr-buzas-edit-irent-az-mta-levelezo-tagjava-valasztottak","status":"publish","type":"post","link":"https:\/\/semmelweis.hu\/gsi\/2019\/05\/07\/intezetunk-igazgatojat-dr-buzas-edit-irent-az-mta-levelezo-tagjava-valasztottak\/","title":{"rendered":"Int\u00e9zet\u00fcnk igazgat\u00f3j\u00e1t, dr. Buz\u00e1s Edit Ir\u00e9nt az MTA levelez\u0151 tagj\u00e1v\u00e1 v\u00e1lasztott\u00e1k"},"content":{"rendered":"<p>A Magyar Tudom\u00e1nyos Akad\u00e9mia 191. k\u00f6zgy\u0171l\u00e9s\u00e9n dr. Buz\u00e1s Edit Ir\u00e9nt, a Genetikai, Sejt- \u00e9s Immunbiol\u00f3giai Int\u00e9zet igazgat\u00f3j\u00e1t a Biol\u00f3giai Tudom\u00e1nyok Oszt\u00e1ly\u00e1nak levelez\u0151 tagj\u00e1v\u00e1 v\u00e1lasztott\u00e1k.<\/p>\n<p>Az MTA alapszab\u00e1lya szerint levelez\u0151 tagg\u00e1 olyan magyar \u00e1llampolg\u00e1r v\u00e1laszthat\u00f3, aki rendelkezik az MTA doktora vagy azzal egyen\u00e9rt\u00e9k\u0171 tudom\u00e1nyos fokozattal, tudom\u00e1nyter\u00fclet\u00e9t pedig elismerten, k\u00fcl\u00f6n\u00f6sen magas sz\u00ednvonalon \u00e9s alkot\u00f3 m\u00f3don m\u0171veli.<\/p>\n<p>Dr. Buz\u00e1s Edit Ir\u00e9n akad\u00e9miai tags\u00e1ga tudom\u00e1nyos munk\u00e1ss\u00e1g\u00e1nak rangos elismer\u00e9se, egyben int\u00e9zet\u00fcnk sz\u00e1m\u00e1ra is kiemelked\u0151 jelent\u0151s\u00e9g\u0171 eredm\u00e9ny.<\/p>\n<p>Dr. Buz\u00e1s Edit Ir\u00e9n megv\u00e1laszt\u00e1s\u00e1r\u00f3l a Semmelweis Egyetem <em><a href=\"https:\/\/semmelweis.hu\/hirek\/2019\/05\/07\/az-egyetem-hat-munkatarsa-lett-az-mta-tagja\/\">Az egyetem hat munkat\u00e1rsa lett az MTA tagja<\/a><\/em> c\u00edm\u0171 cikk\u00e9ben olvashat b\u0151vebben.<\/p>\n","protected":false},"excerpt":{"rendered":"<p>A rangos akad\u00e9miai tags\u00e1g dr. Buz\u00e1s Edit Ir\u00e9n kiemelked\u0151 sz\u00ednvonal\u00fa tudom\u00e1nyos munk\u00e1ss\u00e1g\u00e1nak elismer\u00e9se. Int\u00e9zet\u00fcnk igazgat\u00f3ja a Magyar Tudom\u00e1nyos Akad\u00e9mia Biol\u00f3giai Tudom\u00e1nyok Oszt\u00e1ly\u00e1nak levelez\u0151 tagja lett.<\/p>\n","protected":false},"author":102170,"featured_media":327,"comment_status":"closed","ping_status":"closed","sticky":false,"template":"","format":"standard","meta":{"_acf_changed":false,"footnotes":""},"categories":[1],"tags":[],"class_list":["post-326","post","type-post","status-publish","format-standard","has-post-thumbnail","hentry","category-hirek"],"acf":[],"_links":{"self":[{"href":"https:\/\/semmelweis.hu\/gsi\/wp-json\/wp\/v2\/posts\/326","targetHints":{"allow":["GET"]}}],"collection":[{"href":"https:\/\/semmelweis.hu\/gsi\/wp-json\/wp\/v2\/posts"}],"about":[{"href":"https:\/\/semmelweis.hu\/gsi\/wp-json\/wp\/v2\/types\/post"}],"author":[{"embeddable":true,"href":"https:\/\/semmelweis.hu\/gsi\/wp-json\/wp\/v2\/users\/102170"}],"replies":[{"embeddable":true,"href":"https:\/\/semmelweis.hu\/gsi\/wp-json\/wp\/v2\/comments?post=326"}],"version-history":[{"count":2,"href":"https:\/\/semmelweis.hu\/gsi\/wp-json\/wp\/v2\/posts\/326\/revisions"}],"predecessor-version":[{"id":404,"href":"https:\/\/semmelweis.hu\/gsi\/wp-json\/wp\/v2\/posts\/326\/revisions\/404"}],"wp:featuredmedia":[{"embeddable":true,"href":"https:\/\/semmelweis.hu\/gsi\/wp-json\/wp\/v2\/media\/327"}],"wp:attachment":[{"href":"https:\/\/semmelweis.hu\/gsi\/wp-json\/wp\/v2\/media?parent=326"}],"wp:term":[{"taxonomy":"category","embeddable":true,"href":"https:\/\/semmelweis.hu\/gsi\/wp-json\/wp\/v2\/categories?post=326"},{"taxonomy":"post_tag","embeddable":true,"href":"https:\/\/semmelweis.hu\/gsi\/wp-json\/wp\/v2\/tags?post=326"}],"curies":[{"name":"wp","href":"https:\/\/api.w.org\/{rel}","templated":true}]}}