{"id":320,"date":"2019-07-01T09:14:19","date_gmt":"2019-07-01T07:14:19","guid":{"rendered":"https:\/\/semmelweis.hu\/gsi\/?p=320"},"modified":"2026-08-07T08:32:42","modified_gmt":"2026-08-07T06:32:42","slug":"bolyai-emleklapot-kapott-dr-wiener-zoltan-kiemelkedo-kutatoi-jelenteseert","status":"publish","type":"post","link":"https:\/\/semmelweis.hu\/gsi\/2019\/07\/01\/bolyai-emleklapot-kapott-dr-wiener-zoltan-kiemelkedo-kutatoi-jelenteseert\/","title":{"rendered":"Bolyai-eml\u00e9klapot kapott dr. Wiener Zolt\u00e1n kiemelked\u0151 kutat\u00f3i jelent\u00e9s\u00e9\u00e9rt"},"content":{"rendered":"<p>Dr. Wiener Zolt\u00e1n, a Genetikai, Sejt- \u00e9s Immunbiol\u00f3giai Int\u00e9zet munkat\u00e1rsa Bolyai-eml\u00e9klapot vehetett \u00e1t a Magyar Tudom\u00e1nyos Akad\u00e9mi\u00e1n megrendezett Bolyai-napon. Az elismer\u00e9st azok az \u00f6szt\u00f6nd\u00edjasok kapt\u00e1k, akiknek z\u00e1r\u00f3 kutat\u00f3i jelent\u00e9s\u00e9t a Bolyai J\u00e1nos Kutat\u00e1si \u00d6szt\u00f6nd\u00edj Kurat\u00f3riuma kiemelked\u0151 min\u0151s\u00edt\u00e9ssel \u00e9rt\u00e9kelte.<\/p>\n<p>A Kurat\u00f3rium 172 z\u00e1r\u00f3 kutat\u00f3i jelent\u00e9st b\u00edr\u00e1lt el, amelyek k\u00f6z\u00fcl 80 szerz\u0151j\u00e9t eml\u00e9klappal, 14 kutat\u00f3t pedig Bolyai-plakettel is kit\u00fcntettek. Dr. Wiener Zolt\u00e1n mellett tov\u00e1bbi \u00f6t Semmelweis-egyetemi kutat\u00f3 r\u00e9szes\u00fclt Bolyai-eml\u00e9klapban.<\/p>\n<p>A fiatal kutat\u00f3k egyik legrangosabb hazai \u00f6szt\u00f6nd\u00edja egy, k\u00e9t vagy h\u00e1rom \u00e9ven kereszt\u00fcl t\u00e1mogatja a tudom\u00e1nyos p\u00e1lya ir\u00e1nt elk\u00f6telezett szakemberek munk\u00e1j\u00e1t. A program c\u00e9lja, hogy \u00f6szt\u00f6n\u00f6zze a magyarorsz\u00e1gi kutat\u00e1sok folytat\u00e1s\u00e1t, valamint az MTA doktora c\u00edm megszerz\u00e9s\u00e9t.<\/p>\n<p>A Bolyai-napon elismert semmelweises kutat\u00f3kr\u00f3l \u00e9s az \u00f6szt\u00f6nd\u00edjprogramr\u00f3l a Semmelweis H\u00edrek <a href=\"https:\/\/semmelweis.hu\/hirek\/2019\/07\/01\/bolyai-osztondijat-es-emleklapot-kapott-az-egyetem-12-munkatarsa\/\"><em>Bolyai-\u00f6szt\u00f6nd\u00edjat \u00e9s eml\u00e9klapot kapott az egyetem 12 munkat\u00e1rsa<\/em><\/a> c\u00edm\u0171 cikk\u00e9ben olvashat b\u0151vebben.<\/p>\n","protected":false},"excerpt":{"rendered":"<p>A Genetikai, Sejt- \u00e9s Immunbiol\u00f3giai Int\u00e9zet munkat\u00e1rsa az MTA Bolyai-napj\u00e1n vehette \u00e1t az elismer\u00e9st. A Semmelweis Egyetem hat kutat\u00f3ja r\u00e9szes\u00fclt Bolyai-eml\u00e9klapban, tov\u00e1bbi hat munkat\u00e1rsa pedig elnyerte a Bolyai J\u00e1nos Kutat\u00e1si \u00d6szt\u00f6nd\u00edjat.<\/p>\n","protected":false},"author":102170,"featured_media":321,"comment_status":"closed","ping_status":"closed","sticky":false,"template":"","format":"standard","meta":{"_acf_changed":false,"footnotes":""},"categories":[1],"tags":[],"class_list":["post-320","post","type-post","status-publish","format-standard","has-post-thumbnail","hentry","category-hirek"],"acf":[],"_links":{"self":[{"href":"https:\/\/semmelweis.hu\/gsi\/wp-json\/wp\/v2\/posts\/320","targetHints":{"allow":["GET"]}}],"collection":[{"href":"https:\/\/semmelweis.hu\/gsi\/wp-json\/wp\/v2\/posts"}],"about":[{"href":"https:\/\/semmelweis.hu\/gsi\/wp-json\/wp\/v2\/types\/post"}],"author":[{"embeddable":true,"href":"https:\/\/semmelweis.hu\/gsi\/wp-json\/wp\/v2\/users\/102170"}],"replies":[{"embeddable":true,"href":"https:\/\/semmelweis.hu\/gsi\/wp-json\/wp\/v2\/comments?post=320"}],"version-history":[{"count":3,"href":"https:\/\/semmelweis.hu\/gsi\/wp-json\/wp\/v2\/posts\/320\/revisions"}],"predecessor-version":[{"id":403,"href":"https:\/\/semmelweis.hu\/gsi\/wp-json\/wp\/v2\/posts\/320\/revisions\/403"}],"wp:featuredmedia":[{"embeddable":true,"href":"https:\/\/semmelweis.hu\/gsi\/wp-json\/wp\/v2\/media\/321"}],"wp:attachment":[{"href":"https:\/\/semmelweis.hu\/gsi\/wp-json\/wp\/v2\/media?parent=320"}],"wp:term":[{"taxonomy":"category","embeddable":true,"href":"https:\/\/semmelweis.hu\/gsi\/wp-json\/wp\/v2\/categories?post=320"},{"taxonomy":"post_tag","embeddable":true,"href":"https:\/\/semmelweis.hu\/gsi\/wp-json\/wp\/v2\/tags?post=320"}],"curies":[{"name":"wp","href":"https:\/\/api.w.org\/{rel}","templated":true}]}}