{"id":314,"date":"2019-12-06T08:29:16","date_gmt":"2019-12-06T07:29:16","guid":{"rendered":"https:\/\/semmelweis.hu\/gsi\/?p=314"},"modified":"2026-08-07T08:32:15","modified_gmt":"2026-08-07T06:32:15","slug":"az-extracellularis-vezikulak-vizsgalatat-segito-modszerert-dijaztak-dr-visnovitz-tamast-es-munkatarsait","status":"publish","type":"post","link":"https:\/\/semmelweis.hu\/gsi\/2019\/12\/06\/az-extracellularis-vezikulak-vizsgalatat-segito-modszerert-dijaztak-dr-visnovitz-tamast-es-munkatarsait\/","title":{"rendered":"Az extracellul\u00e1ris vezikul\u00e1k vizsg\u00e1lat\u00e1t seg\u00edt\u0151 m\u00f3dszer\u00e9rt d\u00edjazt\u00e1k dr. Visnovitz Tam\u00e1st \u00e9s munkat\u00e1rsait"},"content":{"rendered":"<p>A Semmelweis Innov\u00e1ci\u00f3s D\u00edjjal az egyetemhez k\u00f6t\u0151d\u0151 kiemelked\u0151, innovat\u00edv kutat\u00e1si eredm\u00e9nyeket ismerik el. A leginnovat\u00edvabb kutat\u00f3munk\u00e1\u00e9rt j\u00e1r\u00f3 d\u00edjat 2019-ben dr. Visnovitz Tam\u00e1s, a Genetikai, Sejt- \u00e9s Immunbiol\u00f3giai Int\u00e9zet tudom\u00e1nyos munkat\u00e1rsa \u00e9s koll\u00e9g\u00e1i vehett\u00e9k \u00e1t.<\/p>\n<p>Az elismert elj\u00e1r\u00e1s az extracellul\u00e1ris vezikul\u00e1k lipidtartalm\u00e1nak m\u00e9r\u00e9s\u00e9re \u00e9p\u00fcl. Liposz\u00f3mastandardok alkalmaz\u00e1s\u00e1val a kutat\u00f3csoport egy nagys\u00e1grenddel megn\u00f6velte kor\u00e1bbi \u00f6sszlipid-meghat\u00e1roz\u00e1si m\u00f3dszer\u00e9nek \u00e9rz\u00e9kenys\u00e9g\u00e9t, \u00edgy lehet\u0151v\u00e9 v\u00e1lt a vezikul\u00e1k gyors \u00e9s hat\u00e9kony mennyis\u00e9gi meghat\u00e1roz\u00e1sa.<\/p>\n<p>A sz\u00e9les k\u00f6rben alkalmazhat\u00f3 m\u00f3dszer hozz\u00e1j\u00e1rulhat az extracellul\u00e1ris vezikul\u00e1kkal kapcsolatos kutat\u00e1sok \u00e9s szolg\u00e1ltat\u00e1sok, valamint az ezekre \u00e9p\u00fcl\u0151 diagnosztikai \u00e9s ter\u00e1pi\u00e1s fejleszt\u00e9sek standardiz\u00e1l\u00e1s\u00e1hoz.<\/p>\n<p>Az Innov\u00e1ci\u00f3s nap tov\u00e1bbi d\u00edjazott projektjeir\u0151l \u00e9s szakmai el\u0151ad\u00e1sair\u00f3l a Semmelweis Egyetem <a href=\"https:\/\/semmelweis.hu\/hirek\/2019\/12\/06\/negy-projektet-jutalmaztak-iden-innovacios-dijjal\/\"><em>N\u00e9gy projektet jutalmaztak id\u00e9n innov\u00e1ci\u00f3s d\u00edjjal<\/em><\/a> c\u00edm\u0171 cikk\u00e9ben olvashat b\u0151vebben.<\/p>\n","protected":false},"excerpt":{"rendered":"<p>A Semmelweis Egyetem Innov\u00e1ci\u00f3s napj\u00e1n dr. Visnovitz Tam\u00e1s \u00e9s munkat\u00e1rsai kapt\u00e1k a leginnovat\u00edvabb kutat\u00f3munk\u00e1\u00e9rt j\u00e1r\u00f3 elismer\u00e9st. Egyszer\u0171, k\u00f6lts\u00e9ghat\u00e9kony elj\u00e1r\u00e1suk hozz\u00e1j\u00e1rulhat a kapcsol\u00f3d\u00f3 kutat\u00e1sok, valamint a diagnosztikai \u00e9s ter\u00e1pi\u00e1s fejleszt\u00e9sek standardiz\u00e1l\u00e1s\u00e1hoz.<\/p>\n","protected":false},"author":102170,"featured_media":315,"comment_status":"closed","ping_status":"closed","sticky":false,"template":"","format":"standard","meta":{"_acf_changed":false,"footnotes":""},"categories":[1],"tags":[],"class_list":["post-314","post","type-post","status-publish","format-standard","has-post-thumbnail","hentry","category-hirek"],"acf":[],"_links":{"self":[{"href":"https:\/\/semmelweis.hu\/gsi\/wp-json\/wp\/v2\/posts\/314","targetHints":{"allow":["GET"]}}],"collection":[{"href":"https:\/\/semmelweis.hu\/gsi\/wp-json\/wp\/v2\/posts"}],"about":[{"href":"https:\/\/semmelweis.hu\/gsi\/wp-json\/wp\/v2\/types\/post"}],"author":[{"embeddable":true,"href":"https:\/\/semmelweis.hu\/gsi\/wp-json\/wp\/v2\/users\/102170"}],"replies":[{"embeddable":true,"href":"https:\/\/semmelweis.hu\/gsi\/wp-json\/wp\/v2\/comments?post=314"}],"version-history":[{"count":3,"href":"https:\/\/semmelweis.hu\/gsi\/wp-json\/wp\/v2\/posts\/314\/revisions"}],"predecessor-version":[{"id":401,"href":"https:\/\/semmelweis.hu\/gsi\/wp-json\/wp\/v2\/posts\/314\/revisions\/401"}],"wp:featuredmedia":[{"embeddable":true,"href":"https:\/\/semmelweis.hu\/gsi\/wp-json\/wp\/v2\/media\/315"}],"wp:attachment":[{"href":"https:\/\/semmelweis.hu\/gsi\/wp-json\/wp\/v2\/media?parent=314"}],"wp:term":[{"taxonomy":"category","embeddable":true,"href":"https:\/\/semmelweis.hu\/gsi\/wp-json\/wp\/v2\/categories?post=314"},{"taxonomy":"post_tag","embeddable":true,"href":"https:\/\/semmelweis.hu\/gsi\/wp-json\/wp\/v2\/tags?post=314"}],"curies":[{"name":"wp","href":"https:\/\/api.w.org\/{rel}","templated":true}]}}