{"id":289,"date":"2022-05-10T11:37:43","date_gmt":"2022-05-10T09:37:43","guid":{"rendered":"https:\/\/semmelweis.hu\/gsi\/?p=289"},"modified":"2026-08-25T11:43:43","modified_gmt":"2026-08-25T09:43:43","slug":"intezetunk-elnyerte-az-mta-kivalo-kutatohely-minositest","status":"publish","type":"post","link":"https:\/\/semmelweis.hu\/gsi\/2022\/05\/10\/intezetunk-elnyerte-az-mta-kivalo-kutatohely-minositest\/","title":{"rendered":"Int\u00e9zet\u00fcnk elnyerte az MTA Kiv\u00e1l\u00f3 Kutat\u00f3hely min\u0151s\u00edt\u00e9st"},"content":{"rendered":"<p>A Magyar Tudom\u00e1nyos Akad\u00e9mia \u201eAz MTA \u00e1ltal Kiv\u00e1l\u00f3nak Elismert Kutat\u00f3hely\u201d min\u0151s\u00edt\u00e9ssel ismerte el a Genetikai, Sejt- \u00e9s Immunbiol\u00f3giai Int\u00e9zetben foly\u00f3 kiemelked\u0151 sz\u00ednvonal\u00fa tudom\u00e1nyos munk\u00e1t.<\/p>\n<p>A Freund Tam\u00e1s, az MTA eln\u00f6ke \u00e1ltal 2021-ben alap\u00edtott min\u0151s\u00edt\u00e9s c\u00e9lja, hogy az egy\u00e9ni tudom\u00e1nyos teljes\u00edtm\u00e9nyek mellett a kiv\u00e1l\u00f3 kutat\u00f3m\u0171helyek \u00e9s int\u00e9zm\u00e9nyek munk\u00e1j\u00e1t is elismerje. A c\u00edmet elnyer\u0151 kutat\u00f3helyek \u00f6t \u00e9ven kereszt\u00fcl jogosultak a min\u0151s\u00edt\u00e9s haszn\u00e1lat\u00e1ra.<\/p>\n<p>A p\u00e1ly\u00e1zatra \u00f6sszesen 114 \u00e9rv\u00e9nyes anyag \u00e9rkezett. A jelentkez\u00e9seket anonim b\u00edr\u00e1l\u00f3k, az MTA tudom\u00e1nyos bizotts\u00e1gai \u00e9s oszt\u00e1lyai, valamint a Kutat\u00f3helyeket Min\u0151s\u00edt\u0151 Tan\u00e1cs k\u00f6zrem\u0171k\u00f6d\u00e9s\u00e9vel \u00e9rt\u00e9kelt\u00e9k. Az MTA eln\u00f6ks\u00e9g\u00e9nek d\u00f6nt\u00e9se alapj\u00e1n 95 hazai int\u00e9zet \u00e9s tudom\u00e1nyos m\u0171hely r\u00e9szes\u00fclt az elismer\u00e9sben, k\u00f6zt\u00fck a Semmelweis Egyetem t\u00f6bb szervezeti egys\u00e9ge.<\/p>\n<p>Az okleveleket \u00fcnnep\u00e9lyes keretek k\u00f6z\u00f6tt adt\u00e1k \u00e1t a Magyar Tudom\u00e1nyos Akad\u00e9mia sz\u00e9kh\u00e1z\u00e1ban, ahol Int\u00e9zet\u00fcnk nev\u00e9ben Dr. K\u0151hidai L\u00e1szl\u00f3 egyetemi docens vette \u00e1t a min\u0151s\u00edt\u00e9st tan\u00fas\u00edt\u00f3 oklevelet.<\/p>\n<p style=\"text-align: center\"><img loading=\"lazy\" decoding=\"async\" class=\"\" src=\"https:\/\/semmelweis.hu\/gsi\/files\/2026\/08\/MTA_Kivalo_Kutatohely-scaled.jpg\" alt=\"\" width=\"756\" height=\"525\" \/><\/p>\n<p><a href=\"https:\/\/semmelweis.hu\/hirek\/2022\/05\/10\/tizenket-egyetemi-intezet-klinika-kapta-meg-az-mta-kivalo-kutatohely-minositest\/\">Az elismer\u00e9sben r\u00e9szes\u00fclt egyetemi int\u00e9zetek \u00e9s klinik\u00e1k teljes list\u00e1ja, valamint a min\u0151s\u00edt\u00e9s tov\u00e1bbi r\u00e9szleteir\u0151l a Semmelweis H\u00edrek cikk\u00e9ben olvashatnak.<\/a><\/p>\n","protected":false},"excerpt":{"rendered":"<p>A Magyar Tudom\u00e1nyos Akad\u00e9mia a kiemelked\u0151 sz\u00ednvonal\u00fa tudom\u00e1nyos munka elismer\u00e9sek\u00e9nt MTA Kiv\u00e1l\u00f3 Kutat\u00f3hely min\u0151s\u00edt\u00e9st adom\u00e1nyozott int\u00e9zet\u00fcnknek.<\/p>\n","protected":false},"author":102170,"featured_media":290,"comment_status":"closed","ping_status":"closed","sticky":false,"template":"","format":"standard","meta":{"_acf_changed":false,"footnotes":""},"categories":[1],"tags":[],"class_list":["post-289","post","type-post","status-publish","format-standard","has-post-thumbnail","hentry","category-hirek"],"acf":[],"_links":{"self":[{"href":"https:\/\/semmelweis.hu\/gsi\/wp-json\/wp\/v2\/posts\/289","targetHints":{"allow":["GET"]}}],"collection":[{"href":"https:\/\/semmelweis.hu\/gsi\/wp-json\/wp\/v2\/posts"}],"about":[{"href":"https:\/\/semmelweis.hu\/gsi\/wp-json\/wp\/v2\/types\/post"}],"author":[{"embeddable":true,"href":"https:\/\/semmelweis.hu\/gsi\/wp-json\/wp\/v2\/users\/102170"}],"replies":[{"embeddable":true,"href":"https:\/\/semmelweis.hu\/gsi\/wp-json\/wp\/v2\/comments?post=289"}],"version-history":[{"count":3,"href":"https:\/\/semmelweis.hu\/gsi\/wp-json\/wp\/v2\/posts\/289\/revisions"}],"predecessor-version":[{"id":700,"href":"https:\/\/semmelweis.hu\/gsi\/wp-json\/wp\/v2\/posts\/289\/revisions\/700"}],"wp:featuredmedia":[{"embeddable":true,"href":"https:\/\/semmelweis.hu\/gsi\/wp-json\/wp\/v2\/media\/290"}],"wp:attachment":[{"href":"https:\/\/semmelweis.hu\/gsi\/wp-json\/wp\/v2\/media?parent=289"}],"wp:term":[{"taxonomy":"category","embeddable":true,"href":"https:\/\/semmelweis.hu\/gsi\/wp-json\/wp\/v2\/categories?post=289"},{"taxonomy":"post_tag","embeddable":true,"href":"https:\/\/semmelweis.hu\/gsi\/wp-json\/wp\/v2\/tags?post=289"}],"curies":[{"name":"wp","href":"https:\/\/api.w.org\/{rel}","templated":true}]}}