{"id":259,"date":"2024-03-07T09:58:32","date_gmt":"2024-03-07T08:58:32","guid":{"rendered":"https:\/\/semmelweis.hu\/gsi\/?p=259"},"modified":"2026-08-05T11:23:49","modified_gmt":"2026-08-05T09:23:49","slug":"akademiai-ifjusagi-dijat-kapott-intezetunk-kutatoja-genterapias-kutatomunkajaert","status":"publish","type":"post","link":"https:\/\/semmelweis.hu\/gsi\/2024\/03\/07\/akademiai-ifjusagi-dijat-kapott-intezetunk-kutatoja-genterapias-kutatomunkajaert\/","title":{"rendered":"Akad\u00e9miai Ifj\u00fas\u00e1gi D\u00edjat kapott int\u00e9zet\u00fcnk kutat\u00f3ja genter\u00e1pi\u00e1s kutat\u00f3munk\u00e1j\u00e1\u00e9rt"},"content":{"rendered":"<p>Int\u00e9zet\u00fcnk tudom\u00e1nyos munkat\u00e1rsa, dr. Osteikoetxea V\u00e9lez Xabier <em>Az extracellul\u00e1ris vezikul\u00e1k karakteriz\u00e1l\u00e1sa \u00e9s felhaszn\u00e1l\u00e1sa a g\u00e9nter\u00e1pi\u00e1ban<\/em> c\u00edm\u0171 p\u00e1lyamunk\u00e1j\u00e1val nyerte el az Akad\u00e9miai Ifj\u00fas\u00e1gi D\u00edjat. A Magyar Tudom\u00e1nyos Akad\u00e9mia t\u00f6bb mint f\u00e9l \u00e9vsz\u00e1zada alap\u00edtott elismer\u00e9s\u00e9t azoknak a fiatal kutat\u00f3knak \u00edt\u00e9lik oda, akik p\u00e1ly\u00e1juk sor\u00e1n m\u00e1r kiemelked\u0151 egy\u00e9ni tudom\u00e1nyos teljes\u00edtm\u00e9nyt ny\u00fajtottak.<\/p>\n<p>A kutat\u00f3 az extracellul\u00e1ris vezikul\u00e1kat, vagyis a sejtek \u00e1ltal kibocs\u00e1tott, membr\u00e1nnal k\u00f6r\u00fclvett apr\u00f3 \u201e\u00fczenetcsomagokat\u201d vizsg\u00e1lja. Munk\u00e1ja sor\u00e1n olyan \u00faj m\u00f3dszerek kidolgoz\u00e1s\u00e1ra \u00f6sszpontos\u00edtott, amelyek seg\u00edts\u00e9g\u00e9vel pontosabban tanulm\u00e1nyozhat\u00f3k ezek, a sejtek k\u00f6z\u00f6tti kommunik\u00e1ci\u00f3ban r\u00e9szt vev\u0151 r\u00e9szecsk\u00e9k. Kutat\u00f3csoportj\u00e1val els\u0151k\u00e9nt hat\u00e1rozt\u00e1k meg a vezikul\u00e1k mennyis\u00e9g\u00e9t lipidtartalmuk alapj\u00e1n. Az \u00e1ltaluk bevezetett elj\u00e1r\u00e1st ma m\u00e1r m\u00e1s kutat\u00f3k is rutinszer\u0171en alkalmazz\u00e1k.<\/p>\n<p>Jelenlegi kutat\u00e1saiban azt vizsg\u00e1lja, hogyan lehetne az eg\u00e9szs\u00e9ges szervezetben is jelen l\u00e9v\u0151, immunreakci\u00f3t nem kiv\u00e1lt\u00f3 vezikul\u00e1kat \u201etr\u00f3jai fal\u00f3k\u00e9nt\u201d felhaszn\u00e1lni bizonyos hat\u00f3anyagok c\u00e9lba juttat\u00e1s\u00e1ra. Eredm\u00e9nyei \u00edgy az extracellul\u00e1ris vezikul\u00e1k g\u00e9nter\u00e1pi\u00e1s alkalmaz\u00e1s\u00e1hoz is hozz\u00e1j\u00e1rulhatnak.<\/p>\n<p>\u201e\u00dagy tudom, \u00e9n vagyok az els\u0151 k\u00fclf\u00f6ldi sz\u00e1rmaz\u00e1s\u00fa kutat\u00f3, aki az MTA Akad\u00e9miai Ifj\u00fas\u00e1gi D\u00edj\u00e1t megkapta. Ez nagy megtiszteltet\u00e9s sz\u00e1momra, hiszen sok kiv\u00e1l\u00f3 tud\u00f3ssal tal\u00e1lkozom, hihetetlen, hogy engem v\u00e1lasztottak. Szerencs\u00e9snek \u00e9rzem magam, hogy Magyarorsz\u00e1gon dolgozhatok\u201d \u2013 fogalmazott a d\u00edj kapcs\u00e1n.<\/p>\n<div style=\"display: flex; justify-content: center; width: 100%;\"><iframe loading=\"lazy\" style=\"max-width: 100%;\" title=\"YouTube video player\" src=\"https:\/\/www.youtube.com\/embed\/h70rlht5ZK4?si=VO2l2KMsOt89oeWg\" width=\"560\" height=\"315\" frameborder=\"0\" allowfullscreen=\"allowfullscreen\"><br \/>\n  <\/iframe><\/div>\n<div>\u00a0<\/div>\n<p><a href=\"https:\/\/semmelweis.hu\/hirek\/2024\/03\/07\/ket-semmelweis-polgar-kapott-akademiai-ifjusagi-dijat\/\">Dr. Osteikoetxea V\u00e9lez Xabier kutat\u00e1s\u00e1r\u00f3l, p\u00e1lyafut\u00e1s\u00e1r\u00f3l \u00e9s a Semmelweis Egyetem m\u00e1sik d\u00edjazottj\u00e1r\u00f3l a Semmelweis H\u00edrek cikk\u00e9ben olvashat b\u0151vebben.<\/a><\/p>\n","protected":false},"excerpt":{"rendered":"<p>A GSI kutat\u00f3ja az extracellul\u00e1ris vezikul\u00e1k vizsg\u00e1lat\u00e1ban kidolgozott \u00faj m\u00f3dszerei\u00e9rt \u00e9s lehets\u00e9ges g\u00e9nter\u00e1pi\u00e1s alkalmaz\u00e1suk kutat\u00e1s\u00e1\u00e9rt r\u00e9szes\u00fclt az elismer\u00e9sben.<\/p>\n","protected":false},"author":102170,"featured_media":260,"comment_status":"closed","ping_status":"closed","sticky":false,"template":"","format":"standard","meta":{"_acf_changed":false,"footnotes":""},"categories":[1],"tags":[],"class_list":["post-259","post","type-post","status-publish","format-standard","has-post-thumbnail","hentry","category-hirek"],"acf":[],"_links":{"self":[{"href":"https:\/\/semmelweis.hu\/gsi\/wp-json\/wp\/v2\/posts\/259","targetHints":{"allow":["GET"]}}],"collection":[{"href":"https:\/\/semmelweis.hu\/gsi\/wp-json\/wp\/v2\/posts"}],"about":[{"href":"https:\/\/semmelweis.hu\/gsi\/wp-json\/wp\/v2\/types\/post"}],"author":[{"embeddable":true,"href":"https:\/\/semmelweis.hu\/gsi\/wp-json\/wp\/v2\/users\/102170"}],"replies":[{"embeddable":true,"href":"https:\/\/semmelweis.hu\/gsi\/wp-json\/wp\/v2\/comments?post=259"}],"version-history":[{"count":4,"href":"https:\/\/semmelweis.hu\/gsi\/wp-json\/wp\/v2\/posts\/259\/revisions"}],"predecessor-version":[{"id":284,"href":"https:\/\/semmelweis.hu\/gsi\/wp-json\/wp\/v2\/posts\/259\/revisions\/284"}],"wp:featuredmedia":[{"embeddable":true,"href":"https:\/\/semmelweis.hu\/gsi\/wp-json\/wp\/v2\/media\/260"}],"wp:attachment":[{"href":"https:\/\/semmelweis.hu\/gsi\/wp-json\/wp\/v2\/media?parent=259"}],"wp:term":[{"taxonomy":"category","embeddable":true,"href":"https:\/\/semmelweis.hu\/gsi\/wp-json\/wp\/v2\/categories?post=259"},{"taxonomy":"post_tag","embeddable":true,"href":"https:\/\/semmelweis.hu\/gsi\/wp-json\/wp\/v2\/tags?post=259"}],"curies":[{"name":"wp","href":"https:\/\/api.w.org\/{rel}","templated":true}]}}