{"id":255,"date":"2024-06-17T09:33:35","date_gmt":"2024-06-17T07:33:35","guid":{"rendered":"https:\/\/semmelweis.hu\/gsi\/?p=255"},"modified":"2026-08-05T11:32:18","modified_gmt":"2026-08-05T09:32:18","slug":"dr-visnovitz-tamas-elnyerte-a-bolyai-janos-kutatasi-osztondijat","status":"publish","type":"post","link":"https:\/\/semmelweis.hu\/gsi\/2024\/06\/17\/dr-visnovitz-tamas-elnyerte-a-bolyai-janos-kutatasi-osztondijat\/","title":{"rendered":"Dr. Visnovitz Tam\u00e1s elnyerte a Bolyai J\u00e1nos Kutat\u00e1si \u00d6szt\u00f6nd\u00edjat"},"content":{"rendered":"<p class=\"isSelectedEnd\">Dr. Visnovitz Tam\u00e1s, a Semmelweis Egyetem Genetikai, Sejt- \u00e9s Immunbiol\u00f3giai Int\u00e9zet\u00e9nek adjunktusa sejt- \u00e9s fejl\u0151d\u00e9sbiol\u00f3gia kateg\u00f3ri\u00e1ban nyerte el a Bolyai J\u00e1nos Kutat\u00e1si \u00d6szt\u00f6nd\u00edjat. A Magyar Tudom\u00e1nyos Akad\u00e9mia 2024-ben 792 p\u00e1ly\u00e1z\u00f3 k\u00f6z\u00fcl 156 fiatal kutat\u00f3t r\u00e9szes\u00edtett t\u00e1mogat\u00e1sban.<\/p>\n<p><a href=\"https:\/\/semmelweis.hu\/gsi\/files\/2026\/08\/Bolyai_Osztondij_2024.jpg\"><img loading=\"lazy\" decoding=\"async\" class=\"aligncenter size-full wp-image-256\" src=\"https:\/\/semmelweis.hu\/gsi\/files\/2026\/08\/Bolyai_Osztondij_2024.jpg\" alt=\"\" width=\"800\" height=\"533\" srcset=\"https:\/\/semmelweis.hu\/gsi\/files\/2026\/08\/Bolyai_Osztondij_2024.jpg 800w, https:\/\/semmelweis.hu\/gsi\/files\/2026\/08\/Bolyai_Osztondij_2024-400x267.jpg 400w, https:\/\/semmelweis.hu\/gsi\/files\/2026\/08\/Bolyai_Osztondij_2024-768x512.jpg 768w, https:\/\/semmelweis.hu\/gsi\/files\/2026\/08\/Bolyai_Osztondij_2024-753x502.jpg 753w, https:\/\/semmelweis.hu\/gsi\/files\/2026\/08\/Bolyai_Osztondij_2024-203x135.jpg 203w\" sizes=\"auto, (max-width: 800px) 100vw, 800px\" \/><\/a><\/p>\n<p>Az egy-, k\u00e9t- vagy h\u00e1rom\u00e9ves id\u0151tartamra elnyerhet\u0151 \u00f6szt\u00f6nd\u00edj a kiemelked\u0151 kutat\u00e1s-fejleszt\u00e9si tev\u00e9kenys\u00e9get v\u00e9gz\u0151, 45 \u00e9v alatti kutat\u00f3kat t\u00e1mogatja. C\u00e9lja, hogy a PhD-fokozat megszerz\u00e9s\u00e9t k\u00f6vet\u0151en kisz\u00e1m\u00edthat\u00f3bb\u00e1 tegye az \u00f6n\u00e1ll\u00f3 kutat\u00f3i p\u00e1lya megkezd\u00e9s\u00e9t, \u00e9s seg\u00edtse a felk\u00e9sz\u00fcl\u00e9st az MTA doktora c\u00edm megszerz\u00e9s\u00e9re.<\/p>\n<p><a href=\"https:\/\/semmelweis.hu\/hirek\/2024\/06\/17\/az-egyetem-10-kutatoja-nyert-bolyai-janos-kutatasi-osztondijat\/\">Dr. Visnovitz Tam\u00e1s mellett a Semmelweis Egyetem tov\u00e1bbi kilenc \u00f6szt\u00f6nd\u00edjas\u00e1t a Semmelweis H\u00edrek cikke mutatja be.<\/a><\/p>\n","protected":false},"excerpt":{"rendered":"<p>A GSI adjunktusa a sejt- \u00e9s fejl\u0151d\u00e9sbiol\u00f3giai kateg\u00f3ria egyik 2024-es t\u00e1mogatottja lett.<\/p>\n","protected":false},"author":102170,"featured_media":256,"comment_status":"closed","ping_status":"closed","sticky":false,"template":"","format":"standard","meta":{"_acf_changed":false,"footnotes":""},"categories":[1],"tags":[],"class_list":["post-255","post","type-post","status-publish","format-standard","has-post-thumbnail","hentry","category-hirek"],"acf":[],"_links":{"self":[{"href":"https:\/\/semmelweis.hu\/gsi\/wp-json\/wp\/v2\/posts\/255","targetHints":{"allow":["GET"]}}],"collection":[{"href":"https:\/\/semmelweis.hu\/gsi\/wp-json\/wp\/v2\/posts"}],"about":[{"href":"https:\/\/semmelweis.hu\/gsi\/wp-json\/wp\/v2\/types\/post"}],"author":[{"embeddable":true,"href":"https:\/\/semmelweis.hu\/gsi\/wp-json\/wp\/v2\/users\/102170"}],"replies":[{"embeddable":true,"href":"https:\/\/semmelweis.hu\/gsi\/wp-json\/wp\/v2\/comments?post=255"}],"version-history":[{"count":3,"href":"https:\/\/semmelweis.hu\/gsi\/wp-json\/wp\/v2\/posts\/255\/revisions"}],"predecessor-version":[{"id":288,"href":"https:\/\/semmelweis.hu\/gsi\/wp-json\/wp\/v2\/posts\/255\/revisions\/288"}],"wp:featuredmedia":[{"embeddable":true,"href":"https:\/\/semmelweis.hu\/gsi\/wp-json\/wp\/v2\/media\/256"}],"wp:attachment":[{"href":"https:\/\/semmelweis.hu\/gsi\/wp-json\/wp\/v2\/media?parent=255"}],"wp:term":[{"taxonomy":"category","embeddable":true,"href":"https:\/\/semmelweis.hu\/gsi\/wp-json\/wp\/v2\/categories?post=255"},{"taxonomy":"post_tag","embeddable":true,"href":"https:\/\/semmelweis.hu\/gsi\/wp-json\/wp\/v2\/tags?post=255"}],"curies":[{"name":"wp","href":"https:\/\/api.w.org\/{rel}","templated":true}]}}