{"id":242,"date":"2024-12-18T16:19:31","date_gmt":"2024-12-18T15:19:31","guid":{"rendered":"https:\/\/semmelweis.hu\/gsi\/?p=242"},"modified":"2026-08-07T08:28:55","modified_gmt":"2026-08-07T06:28:55","slug":"gabor-denes-dijjal-ismertek-el-dr-buzas-edit-iren-munkassagat","status":"publish","type":"post","link":"https:\/\/semmelweis.hu\/gsi\/2024\/12\/18\/gabor-denes-dijjal-ismertek-el-dr-buzas-edit-iren-munkassagat\/","title":{"rendered":"G\u00e1bor D\u00e9nes-d\u00edjjal ismert\u00e9k el dr. Buz\u00e1s Edit Ir\u00e9n munk\u00e1ss\u00e1g\u00e1t"},"content":{"rendered":"<p>Dr. Buz\u00e1s Edit Ir\u00e9n, a Semmelweis Egyetem Genetikai, Sejt- \u00e9s Immunbiol\u00f3giai Int\u00e9zet\u00e9nek igazgat\u00f3ja G\u00e1bor D\u00e9nes-d\u00edjat vehetett \u00e1t t\u00f6bb \u00e9vtizedes, eredm\u00e9nyes kutat\u00f3i \u00e9s oktat\u00f3i munk\u00e1ss\u00e1ga elismer\u00e9sek\u00e9nt. A d\u00edjat 2024 december\u00e9ben, az Orsz\u00e1gh\u00e1z Fels\u0151h\u00e1zi term\u00e9ben adt\u00e1k \u00e1t.<\/p>\n<p>A m\u00e9ltat\u00e1s kiemelte az autoimmunit\u00e1s, a T-sejtes immunit\u00e1s, a reumatol\u00f3giai \u00e9s kardiovaszkul\u00e1ris betegs\u00e9gek, valamint az extracellul\u00e1ris vezikul\u00e1k kutat\u00e1s\u00e1ban el\u00e9rt nemzetk\u00f6zi jelent\u0151s\u00e9g\u0171 eredm\u00e9nyeit. 1998 \u00f3ta dolgozik a Semmelweis Egyetemen, 2011 \u00f3ta egyetemi tan\u00e1r. 2019-ben a Magyar Tudom\u00e1nyos Akad\u00e9mia levelez\u0151 tagj\u00e1v\u00e1, 2020-ban az Academia Europaea tagj\u00e1v\u00e1 v\u00e1lasztott\u00e1k, 2022 \u00f3ta pedig a Magyar Immunol\u00f3giai T\u00e1rsas\u00e1g eln\u00f6ke.<\/p>\n<p><img loading=\"lazy\" decoding=\"async\" class=\"aligncenter size-large wp-image-246\" src=\"https:\/\/semmelweis.hu\/gsi\/files\/2026\/08\/dr_buzas_iren_gabor_denes_dij-1024x683.jpg\" alt=\"\" width=\"753\" height=\"502\" srcset=\"https:\/\/semmelweis.hu\/gsi\/files\/2026\/08\/dr_buzas_iren_gabor_denes_dij-1024x683.jpg 1024w, https:\/\/semmelweis.hu\/gsi\/files\/2026\/08\/dr_buzas_iren_gabor_denes_dij-400x267.jpg 400w, https:\/\/semmelweis.hu\/gsi\/files\/2026\/08\/dr_buzas_iren_gabor_denes_dij-768x512.jpg 768w, https:\/\/semmelweis.hu\/gsi\/files\/2026\/08\/dr_buzas_iren_gabor_denes_dij-753x502.jpg 753w, https:\/\/semmelweis.hu\/gsi\/files\/2026\/08\/dr_buzas_iren_gabor_denes_dij-203x135.jpg 203w, https:\/\/semmelweis.hu\/gsi\/files\/2026\/08\/dr_buzas_iren_gabor_denes_dij.jpg 1200w\" sizes=\"auto, (max-width: 753px) 100vw, 753px\" \/><\/p>\n<p>A teljes cikket <a href=\"https:\/\/semmelweis.hu\/hirek\/2024\/12\/18\/a-semmelweis-egyetem-ket-munkatarsa-vehette-at-iden-a-gabor-denes-dijat\/\"><em>A Semmelweis Egyetem k\u00e9t munkat\u00e1rsa vehettte \u00e1t id\u00e9n a G\u00e1bor D\u00e9nes-d\u00edjat <\/em><\/a>c\u00edmmel a Semmelweis H\u00edrek oldal\u00e1n olvashatja el.<\/p>\n","protected":false},"excerpt":{"rendered":"<p>A GSI igazgat\u00f3ja t\u00f6bb \u00e9vtizedes, nemzetk\u00f6zileg is jelent\u0151s kutat\u00f3i, oktat\u00f3i \u00e9s tudom\u00e1nyszervez\u0151i tev\u00e9kenys\u00e9g\u00e9\u00e9rt r\u00e9szes\u00fclt a rangos elismer\u00e9sben.<\/p>\n","protected":false},"author":102170,"featured_media":246,"comment_status":"closed","ping_status":"closed","sticky":false,"template":"","format":"standard","meta":{"_acf_changed":false,"footnotes":""},"categories":[1],"tags":[],"class_list":["post-242","post","type-post","status-publish","format-standard","has-post-thumbnail","hentry","category-hirek"],"acf":[],"_links":{"self":[{"href":"https:\/\/semmelweis.hu\/gsi\/wp-json\/wp\/v2\/posts\/242","targetHints":{"allow":["GET"]}}],"collection":[{"href":"https:\/\/semmelweis.hu\/gsi\/wp-json\/wp\/v2\/posts"}],"about":[{"href":"https:\/\/semmelweis.hu\/gsi\/wp-json\/wp\/v2\/types\/post"}],"author":[{"embeddable":true,"href":"https:\/\/semmelweis.hu\/gsi\/wp-json\/wp\/v2\/users\/102170"}],"replies":[{"embeddable":true,"href":"https:\/\/semmelweis.hu\/gsi\/wp-json\/wp\/v2\/comments?post=242"}],"version-history":[{"count":4,"href":"https:\/\/semmelweis.hu\/gsi\/wp-json\/wp\/v2\/posts\/242\/revisions"}],"predecessor-version":[{"id":397,"href":"https:\/\/semmelweis.hu\/gsi\/wp-json\/wp\/v2\/posts\/242\/revisions\/397"}],"wp:featuredmedia":[{"embeddable":true,"href":"https:\/\/semmelweis.hu\/gsi\/wp-json\/wp\/v2\/media\/246"}],"wp:attachment":[{"href":"https:\/\/semmelweis.hu\/gsi\/wp-json\/wp\/v2\/media?parent=242"}],"wp:term":[{"taxonomy":"category","embeddable":true,"href":"https:\/\/semmelweis.hu\/gsi\/wp-json\/wp\/v2\/categories?post=242"},{"taxonomy":"post_tag","embeddable":true,"href":"https:\/\/semmelweis.hu\/gsi\/wp-json\/wp\/v2\/tags?post=242"}],"curies":[{"name":"wp","href":"https:\/\/api.w.org\/{rel}","templated":true}]}}