{"id":237,"date":"2025-06-04T08:55:19","date_gmt":"2025-06-04T06:55:19","guid":{"rendered":"https:\/\/semmelweis.hu\/gsi\/?p=237"},"modified":"2026-08-05T11:29:37","modified_gmt":"2026-08-05T09:29:37","slug":"mta-doktora-cimet-kapott-dr-wiener-zoltan","status":"publish","type":"post","link":"https:\/\/semmelweis.hu\/gsi\/2025\/06\/04\/mta-doktora-cimet-kapott-dr-wiener-zoltan\/","title":{"rendered":"MTA doktora c\u00edmet kapott dr. Wiener Zolt\u00e1n"},"content":{"rendered":"<p>Dr. Wiener Zolt\u00e1n, a Genetikai, Sejt- \u00e9s Immunbiol\u00f3giai Int\u00e9zet egyetemi docense kiemelked\u0151 tudom\u00e1nyos munk\u00e1ss\u00e1g\u00e1\u00e9rt nyerte el az MTA doktora c\u00edm\u00e9t. Akad\u00e9miai doktori \u00e9rtekez\u00e9s\u00e9ben a vastag- \u00e9s v\u00e9gb\u00e9lr\u00e1k, valamint a hasny\u00e1lmirigy dukt\u00e1lis adenokarcin\u00f3ma sejtbiol\u00f3giai folyamatait vizsg\u00e1lta.<\/p>\n<p><a href=\"https:\/\/semmelweis.hu\/gsi\/files\/2026\/08\/dr_wiener_zoltan_mta_doktori_cim.jpg\"><img loading=\"lazy\" decoding=\"async\" class=\"aligncenter size-large wp-image-238\" src=\"https:\/\/semmelweis.hu\/gsi\/files\/2026\/08\/dr_wiener_zoltan_mta_doktori_cim-1024x683.jpg\" alt=\"\" width=\"753\" height=\"502\" srcset=\"https:\/\/semmelweis.hu\/gsi\/files\/2026\/08\/dr_wiener_zoltan_mta_doktori_cim-1024x683.jpg 1024w, https:\/\/semmelweis.hu\/gsi\/files\/2026\/08\/dr_wiener_zoltan_mta_doktori_cim-400x267.jpg 400w, https:\/\/semmelweis.hu\/gsi\/files\/2026\/08\/dr_wiener_zoltan_mta_doktori_cim-768x512.jpg 768w, https:\/\/semmelweis.hu\/gsi\/files\/2026\/08\/dr_wiener_zoltan_mta_doktori_cim-1536x1024.jpg 1536w, https:\/\/semmelweis.hu\/gsi\/files\/2026\/08\/dr_wiener_zoltan_mta_doktori_cim-753x502.jpg 753w, https:\/\/semmelweis.hu\/gsi\/files\/2026\/08\/dr_wiener_zoltan_mta_doktori_cim-203x135.jpg 203w, https:\/\/semmelweis.hu\/gsi\/files\/2026\/08\/dr_wiener_zoltan_mta_doktori_cim.jpg 2048w\" sizes=\"auto, (max-width: 753px) 100vw, 753px\" \/><\/a><\/p>\n<p>&nbsp;<\/p>\n<p><a href=\"https:\/\/semmelweis.hu\/hirek\/2025\/06\/04\/a-semmelweis-egyetem-negy-munkatarsa-vehetett-at-mta-doktora-cimet\/\">Dr. Wiener Zolt\u00e1n kutat\u00e1si eredm\u00e9nyeir\u0151l \u00e9s a Semmelweis Egyetem tov\u00e1bbi kit\u00fcntetettjeir\u0151l a Semmelweis H\u00edrek cikk\u00e9ben olvashat b\u0151vebben.<\/a><\/p>\n","protected":false},"excerpt":{"rendered":"<p>Dr. Wiener Zolt\u00e1n, a GSI egyetemi docense elnyerte az MTA doktora c\u00edmet.<\/p>\n","protected":false},"author":102170,"featured_media":238,"comment_status":"closed","ping_status":"closed","sticky":false,"template":"","format":"standard","meta":{"_acf_changed":false,"footnotes":""},"categories":[1],"tags":[],"class_list":["post-237","post","type-post","status-publish","format-standard","has-post-thumbnail","hentry","category-hirek"],"acf":[],"_links":{"self":[{"href":"https:\/\/semmelweis.hu\/gsi\/wp-json\/wp\/v2\/posts\/237","targetHints":{"allow":["GET"]}}],"collection":[{"href":"https:\/\/semmelweis.hu\/gsi\/wp-json\/wp\/v2\/posts"}],"about":[{"href":"https:\/\/semmelweis.hu\/gsi\/wp-json\/wp\/v2\/types\/post"}],"author":[{"embeddable":true,"href":"https:\/\/semmelweis.hu\/gsi\/wp-json\/wp\/v2\/users\/102170"}],"replies":[{"embeddable":true,"href":"https:\/\/semmelweis.hu\/gsi\/wp-json\/wp\/v2\/comments?post=237"}],"version-history":[{"count":3,"href":"https:\/\/semmelweis.hu\/gsi\/wp-json\/wp\/v2\/posts\/237\/revisions"}],"predecessor-version":[{"id":286,"href":"https:\/\/semmelweis.hu\/gsi\/wp-json\/wp\/v2\/posts\/237\/revisions\/286"}],"wp:featuredmedia":[{"embeddable":true,"href":"https:\/\/semmelweis.hu\/gsi\/wp-json\/wp\/v2\/media\/238"}],"wp:attachment":[{"href":"https:\/\/semmelweis.hu\/gsi\/wp-json\/wp\/v2\/media?parent=237"}],"wp:term":[{"taxonomy":"category","embeddable":true,"href":"https:\/\/semmelweis.hu\/gsi\/wp-json\/wp\/v2\/categories?post=237"},{"taxonomy":"post_tag","embeddable":true,"href":"https:\/\/semmelweis.hu\/gsi\/wp-json\/wp\/v2\/tags?post=237"}],"curies":[{"name":"wp","href":"https:\/\/api.w.org\/{rel}","templated":true}]}}