{"id":230,"date":"2025-11-20T08:47:13","date_gmt":"2025-11-20T07:47:13","guid":{"rendered":"https:\/\/semmelweis.hu\/gsi\/?p=230"},"modified":"2026-08-05T11:28:41","modified_gmt":"2026-08-05T09:28:41","slug":"harom-gsi-kutato-is-tamogatast-nyert-a-nemzeti-kutatasi-kivalosagi-programban","status":"publish","type":"post","link":"https:\/\/semmelweis.hu\/gsi\/2025\/11\/20\/harom-gsi-kutato-is-tamogatast-nyert-a-nemzeti-kutatasi-kivalosagi-programban\/","title":{"rendered":"H\u00e1rom GSI-kutat\u00f3 is t\u00e1mogat\u00e1st nyert a Nemzeti Kutat\u00e1si Kiv\u00e1l\u00f3s\u00e1gi Programban"},"content":{"rendered":"<p>A Genetikai, Sejt- \u00e9s Immunbiol\u00f3giai Int\u00e9zet h\u00e1rom kutat\u00f3ja is t\u00e1mogat\u00e1st nyert a Nemzeti Kutat\u00e1si Kiv\u00e1l\u00f3s\u00e1gi Program 2025. \u00e9vi p\u00e1ly\u00e1zat\u00e1n. Dr. Visnovitzn\u00e9 Vukman Krisztina a STARTING, dr. Visnovitz Tam\u00e1s \u00e9s dr. Wiener Zolt\u00e1n pedig az ADVANCED alprogram keret\u00e9ben val\u00f3s\u00edthatja meg kutat\u00e1si projektj\u00e9t. Munk\u00e1juk t\u00f6bbek k\u00f6z\u00f6tt az extracellul\u00e1ris vezikul\u00e1k m\u0171k\u00f6d\u00e9s\u00e9nek, valamint a hasny\u00e1lmirigyr\u00e1k sejtjeinek ter\u00e1pi\u00e1s szempontb\u00f3l fontos \u00e1llapotv\u00e1ltoz\u00e1sainak jobb meg\u00e9rt\u00e9s\u00e9t szolg\u00e1lja.<\/p>\n<h3>A t\u00e1mogatott GSI-kutat\u00e1sok<\/h3>\n<p><strong>Dr. Visnovitzn\u00e9 Vukman Krisztina<\/strong><\/p>\n<p>\u00daj perspekt\u00edv\u00e1k a h\u00edz\u00f3sejt-degranul\u00e1ci\u00f3ban: Az extracellul\u00e1ris vezikul\u00e1k \u00e9s granulumok megk\u00fcl\u00f6nb\u00f6ztet\u00e9se<\/p>\n<p><strong>Dr. Visnovitz Tam\u00e1s<\/strong><\/p>\n<p>Genetikai, Sejt- \u00e9s Immunbiol\u00f3giai Int\u00e9zet Amfiektosz\u00f3ma-kibocs\u00e1t\u00e1s \u00e9s \u201etorn bag\u201d szekr\u00e9ci\u00f3: egy \u00e1ltal\u00e1nos, exocit\u00f3zist\u00f3l f\u00fcggetlen mechanizmus kis extracellul\u00e1ris vezikul\u00e1k kibocs\u00e1t\u00e1s\u00e1ra<\/p>\n<p><strong>Dr. Wiener Zolt\u00e1n<\/strong><\/p>\n<p>Genetikai, Sejt- \u00e9s Immunbiol\u00f3giai Int\u00e9zet A tumoros sejt\u00e1llapotok k\u00f6z\u00f6tti plasztikus \u00e1tmenet c\u00e9lz\u00e1sa a pancreas duct\u00e1lis adenokarcin\u00f3ma ter\u00e1pi\u00e1j\u00e1nak fejleszt\u00e9s\u00e9re<\/p>\n<p><em>A Semmelweis Egyetem valamennyi nyertes p\u00e1ly\u00e1z\u00f3j\u00e1t \u00e9s a t\u00e1mogatott kutat\u00e1sokat a <a href=\"https:\/\/semmelweis.hu\/hirek\/2025\/11\/20\/27-semmelweis-palyazo-nyert-tamogatast-a-nemzeti-kutatasi-kivalosagi-programban\/\">Semmelweis H\u00edrek cikke<\/a> mutatja be.<\/em><\/p>\n","protected":false},"excerpt":{"rendered":"<p>A GSI h\u00e1rom kutat\u00f3ja nyert t\u00e1mogat\u00e1st a Nemzeti Kutat\u00e1si Kiv\u00e1l\u00f3s\u00e1gi Program 2025. \u00e9vi p\u00e1ly\u00e1zat\u00e1n.<\/p>\n","protected":false},"author":102170,"featured_media":251,"comment_status":"closed","ping_status":"closed","sticky":false,"template":"","format":"standard","meta":{"_acf_changed":false,"footnotes":""},"categories":[1],"tags":[],"class_list":["post-230","post","type-post","status-publish","format-standard","has-post-thumbnail","hentry","category-hirek"],"acf":[],"_links":{"self":[{"href":"https:\/\/semmelweis.hu\/gsi\/wp-json\/wp\/v2\/posts\/230","targetHints":{"allow":["GET"]}}],"collection":[{"href":"https:\/\/semmelweis.hu\/gsi\/wp-json\/wp\/v2\/posts"}],"about":[{"href":"https:\/\/semmelweis.hu\/gsi\/wp-json\/wp\/v2\/types\/post"}],"author":[{"embeddable":true,"href":"https:\/\/semmelweis.hu\/gsi\/wp-json\/wp\/v2\/users\/102170"}],"replies":[{"embeddable":true,"href":"https:\/\/semmelweis.hu\/gsi\/wp-json\/wp\/v2\/comments?post=230"}],"version-history":[{"count":5,"href":"https:\/\/semmelweis.hu\/gsi\/wp-json\/wp\/v2\/posts\/230\/revisions"}],"predecessor-version":[{"id":285,"href":"https:\/\/semmelweis.hu\/gsi\/wp-json\/wp\/v2\/posts\/230\/revisions\/285"}],"wp:featuredmedia":[{"embeddable":true,"href":"https:\/\/semmelweis.hu\/gsi\/wp-json\/wp\/v2\/media\/251"}],"wp:attachment":[{"href":"https:\/\/semmelweis.hu\/gsi\/wp-json\/wp\/v2\/media?parent=230"}],"wp:term":[{"taxonomy":"category","embeddable":true,"href":"https:\/\/semmelweis.hu\/gsi\/wp-json\/wp\/v2\/categories?post=230"},{"taxonomy":"post_tag","embeddable":true,"href":"https:\/\/semmelweis.hu\/gsi\/wp-json\/wp\/v2\/tags?post=230"}],"curies":[{"name":"wp","href":"https:\/\/api.w.org\/{rel}","templated":true}]}}