{"id":9966,"date":"2015-02-13T10:13:17","date_gmt":"2015-02-13T09:13:17","guid":{"rendered":"http:\/\/semmelweis.hu\/jogigfoig\/?p=9966"},"modified":"2018-05-17T10:51:02","modified_gmt":"2018-05-17T08:51:02","slug":"gfi-t-102-2015-kancellari-tajekoztato-az-emberi-eroforrasok-miniszteriuma-altal-kert-adatszolgaltatasrol-az-egyetem-rektora-rektorhelyettesei-es-dekanjai-reszere","status":"publish","type":"post","link":"https:\/\/semmelweis.hu\/gfi\/2015\/02\/13\/gfi-t-102-2015-kancellari-tajekoztato-az-emberi-eroforrasok-miniszteriuma-altal-kert-adatszolgaltatasrol-az-egyetem-rektora-rektorhelyettesei-es-dekanjai-reszere\/","title":{"rendered":"GFI\/T\/102\/2015. Kancell\u00e1ri t\u00e1j\u00e9koztat\u00f3 az Emberi Er\u0151forr\u00e1sok Miniszt\u00e9riuma \u00e1ltal k\u00e9rt adatszolg\u00e1ltat\u00e1sr\u00f3l az egyetem rektora, rektorhelyettesei \u00e9s d\u00e9k\u00e1njai r\u00e9sz\u00e9re"},"content":{"rendered":"<p>Az al\u00e1\u00edrt, beszkennelt t\u00e1j\u00e9koztat\u00f3 pdf-form\u00e1tumban <a href=\"https:\/\/semmelweis.hu\/gfi\/files\/2017\/12\/gfi-t-102-2015-kancellari-tajekoztato.pdf\" target=\"_blank\" rel=\"noopener\">erre a linkre<\/a> kattintva let\u00f6lthet\u0151.<\/p>\n<p><embed src=\"https:\/\/semmelweis.hu\/gfi\/files\/2017\/12\/gfi-t-102-2015-kancellari-tajekoztato.pdf\" width=\"100%\" height=\"1000\"><\/embed><\/p>\n","protected":false},"excerpt":{"rendered":"<p>Az al\u00e1\u00edrt, beszkennelt t\u00e1j\u00e9koztat\u00f3 pdf-form\u00e1tumban <a href=\"https:\/\/semmelweis.hu\/gfi\/files\/2017\/12\/gfi-t-102-2015-kancellari-tajekoztato.pdf\" target=\"_blank\" rel=\"noopener\">erre a linkre<\/a> kattintva let\u00f6lthet\u0151.<\/p>\n","protected":false},"author":12,"featured_media":0,"comment_status":"closed","ping_status":"closed","sticky":false,"template":"","format":"standard","meta":{"_acf_changed":false,"footnotes":""},"categories":[7],"tags":[9],"class_list":["post-9966","post","type-post","status-publish","format-standard","hentry","category-hirek","tag-gfi"],"acf":[],"_links":{"self":[{"href":"https:\/\/semmelweis.hu\/gfi\/wp-json\/wp\/v2\/posts\/9966","targetHints":{"allow":["GET"]}}],"collection":[{"href":"https:\/\/semmelweis.hu\/gfi\/wp-json\/wp\/v2\/posts"}],"about":[{"href":"https:\/\/semmelweis.hu\/gfi\/wp-json\/wp\/v2\/types\/post"}],"author":[{"embeddable":true,"href":"https:\/\/semmelweis.hu\/gfi\/wp-json\/wp\/v2\/users\/12"}],"replies":[{"embeddable":true,"href":"https:\/\/semmelweis.hu\/gfi\/wp-json\/wp\/v2\/comments?post=9966"}],"version-history":[{"count":1,"href":"https:\/\/semmelweis.hu\/gfi\/wp-json\/wp\/v2\/posts\/9966\/revisions"}],"predecessor-version":[{"id":74427,"href":"https:\/\/semmelweis.hu\/gfi\/wp-json\/wp\/v2\/posts\/9966\/revisions\/74427"}],"wp:attachment":[{"href":"https:\/\/semmelweis.hu\/gfi\/wp-json\/wp\/v2\/media?parent=9966"}],"wp:term":[{"taxonomy":"category","embeddable":true,"href":"https:\/\/semmelweis.hu\/gfi\/wp-json\/wp\/v2\/categories?post=9966"},{"taxonomy":"post_tag","embeddable":true,"href":"https:\/\/semmelweis.hu\/gfi\/wp-json\/wp\/v2\/tags?post=9966"}],"curies":[{"name":"wp","href":"https:\/\/api.w.org\/{rel}","templated":true}]}}