{"id":95738,"date":"2026-09-03T13:05:19","date_gmt":"2026-09-03T11:05:19","guid":{"rendered":"https:\/\/semmelweis.hu\/gfi\/?p=95738"},"modified":"2026-09-03T13:05:19","modified_gmt":"2026-09-03T11:05:19","slug":"figyelemfelhivas-3","status":"publish","type":"post","link":"https:\/\/semmelweis.hu\/gfi\/2026\/09\/03\/figyelemfelhivas-3\/","title":{"rendered":"Figyelemfelh\u00edv\u00e1s"},"content":{"rendered":"<p style=\"text-align: center\"><strong>Tisztelt Koll\u00e9g\u00e1k!<\/strong><\/p>\n<p>&nbsp;<\/p>\n<p style=\"text-align: justify\">Felh\u00edvom a figyelmet a Semmelweis Egyetem P\u00e9nzkezel\u00e9si szab\u00e1lyzat\u00e1ban foglaltak betart\u00e1s\u00e1ra, a h\u00e1zip\u00e9nzt\u00e1rak, ell\u00e1tm\u00e1nykezel\u0151 helyek m\u0171k\u00f6dtet\u00e9s\u00e9re vonatkoz\u00f3 szab\u00e1lyok betart\u00e1s\u00e1ra, a folyamata \u00e9p\u00edtett vezet\u0151 ellen\u0151rz\u00e9s gyakorl\u00e1s\u00e1ra.<\/p>\n<p>K\u00e9rem kiemelten figyelni sz\u00edveskedjenek z ellen\u0151rz\u00e9si folyamatokra a m\u0171k\u00f6d\u00e9si kock\u00e1zatok m\u00e9rs\u00e9kl\u00e9se \u00e9rdek\u00e9ben.<\/p>\n<p>&nbsp;<\/p>\n<p><em><strong>Budapest, 2026. szeptember 3.<\/strong><\/em><\/p>\n<p>&nbsp;<\/p>\n<p style=\"text-align: right\">Reif L\u00e1szl\u00f3n\u00e9<\/p>\n<p style=\"text-align: right\">p\u00e9nz\u00fcgyi igazgat\u00f3<\/p>\n<p>&nbsp;<\/p>\n<p><a href=\"https:\/\/semmelweis.hu\/gfi\/files\/2026\/09\/1788-16_Figyelemfelhivas.pdf\">1788-16_Figyelemfelh\u00edv\u00e1s<\/a><\/p>\n","protected":false},"excerpt":{"rendered":"<p>Tisztelt Koll\u00e9g\u00e1k!<br \/>\n&nbsp;<br \/>\nFelh\u00edvom a figyelmet a Semmelweis Egyetem P\u00e9nzkezel\u00e9si szab\u00e1lyzat\u00e1ban foglaltak betart\u00e1s\u00e1ra, a h\u00e1zip\u00e9nzt\u00e1rak, ell\u00e1tm\u00e1nykezel\u0151 helyek m\u0171k\u00f6dtet\u00e9s\u00e9re vonatkoz\u00f3 szab\u00e1lyok betart\u00e1s\u00e1ra, a folyamata \u00e9p\u00edtett vezet\u0151 ellen\u0151rz\u00e9s gyakorl\u00e1s\u00e1ra.<br \/>\nK\u00e9rem kiemelten figyelni sz\u00edveskedjenek z ellen\u0151rz\u00e9si folyamatokra a m\u0171k\u00f6d\u00e9si kock\u00e1zatok m\u00e9rs\u00e9kl\u00e9se \u00e9rdek\u00e9ben.<br \/>\n&nbsp;<br \/>\nBudapest, 2026. szeptember 3.<br \/>\n&nbsp;<br \/>\nReif L\u00e1szl\u00f3n\u00e9<br \/>\np\u00e9nz\u00fcgyi igazgat\u00f3<br \/>\n&nbsp;<br \/>\n<a href=\"https:\/\/semmelweis.hu\/gfi\/files\/2026\/09\/1788-16_Figyelemfelhivas.pdf\">1788-16_Figyelemfelh\u00edv\u00e1s<\/a><\/p>\n","protected":false},"author":102529,"featured_media":0,"comment_status":"closed","ping_status":"closed","sticky":false,"template":"","format":"standard","meta":{"_acf_changed":false,"footnotes":""},"categories":[7],"tags":[],"class_list":["post-95738","post","type-post","status-publish","format-standard","hentry","category-hirek"],"acf":[],"_links":{"self":[{"href":"https:\/\/semmelweis.hu\/gfi\/wp-json\/wp\/v2\/posts\/95738","targetHints":{"allow":["GET"]}}],"collection":[{"href":"https:\/\/semmelweis.hu\/gfi\/wp-json\/wp\/v2\/posts"}],"about":[{"href":"https:\/\/semmelweis.hu\/gfi\/wp-json\/wp\/v2\/types\/post"}],"author":[{"embeddable":true,"href":"https:\/\/semmelweis.hu\/gfi\/wp-json\/wp\/v2\/users\/102529"}],"replies":[{"embeddable":true,"href":"https:\/\/semmelweis.hu\/gfi\/wp-json\/wp\/v2\/comments?post=95738"}],"version-history":[{"count":2,"href":"https:\/\/semmelweis.hu\/gfi\/wp-json\/wp\/v2\/posts\/95738\/revisions"}],"predecessor-version":[{"id":95741,"href":"https:\/\/semmelweis.hu\/gfi\/wp-json\/wp\/v2\/posts\/95738\/revisions\/95741"}],"wp:attachment":[{"href":"https:\/\/semmelweis.hu\/gfi\/wp-json\/wp\/v2\/media?parent=95738"}],"wp:term":[{"taxonomy":"category","embeddable":true,"href":"https:\/\/semmelweis.hu\/gfi\/wp-json\/wp\/v2\/categories?post=95738"},{"taxonomy":"post_tag","embeddable":true,"href":"https:\/\/semmelweis.hu\/gfi\/wp-json\/wp\/v2\/tags?post=95738"}],"curies":[{"name":"wp","href":"https:\/\/api.w.org\/{rel}","templated":true}]}}