{"id":95736,"date":"2026-09-02T15:48:43","date_gmt":"2026-09-02T13:48:43","guid":{"rendered":"https:\/\/semmelweis.hu\/gfi\/?p=95736"},"modified":"2026-09-02T15:48:43","modified_gmt":"2026-09-02T13:48:43","slug":"tajekoztato-palyazati-eredmenyhirdetes-3","status":"publish","type":"post","link":"https:\/\/semmelweis.hu\/gfi\/2026\/09\/02\/tajekoztato-palyazati-eredmenyhirdetes-3\/","title":{"rendered":"T\u00e1j\u00e9koztat\u00f3 &#8211; P\u00e1ly\u00e1zati eredm\u00e9nyhirdet\u00e9s"},"content":{"rendered":"<p style=\"text-align: center\"><span style=\"font-size: 18pt\"><strong>P\u00c1LY\u00c1ZATI EREDM\u00c9NYHIRDET\u00c9S<\/strong><\/span><\/p>\n<p style=\"text-align: justify\">A Semmelweis Egyetem (1085 Budapest, \u00dcll\u0151i \u00fat 26.) ter\u00fclet b\u00e9rbead\u00e1sa\u00a0<em><strong>t\u00e1lal\u00f3konyha \u00e9s b\u00fcf\u00e9\u00a0<\/strong><\/em>\u00fczemeltet\u00e9s\u00e9re ki\u00edrt egyfordul\u00f3s p\u00e1ly\u00e1zat\u00e1nak eredm\u00e9ny\u00e9t az al\u00e1bbiak szerint hirdeti ki:<\/p>\n<ul>\n<li style=\"text-align: justify\"><strong>P\u00e1ly\u00e1zat t\u00e1rgy:\u00a0<\/strong>A <em><strong>Nemzeti Orvosi Innov\u00e1ci\u00f3s K\u00e9pz\u0151 K\u00f6zpont<\/strong><\/em> \u00e9p\u00fclet\u00e9ben tal\u00e1lhat\u00f3 71,49 m<sup>2<\/sup> hasznos alapter\u00fclet\u0171\u00a0<em>t\u00e1lal\u00f3konyha<\/em>, valamint 22,42 m<sup>2<\/sup> hasznos alapter\u00fclet\u0171\u00a0<em>b\u00fcf\u00e9<\/em> b\u00e9rbead\u00e1sa \u00e9s \u00fczemeltet\u00e9se<\/li>\n<li style=\"text-align: justify\"><strong>Helysz\u00edn:\u00a0<\/strong>1091 Budapest, \u00dcll\u0151i \u00fat 93. \/ 1094 Budapest, T\u0171zolt\u00f3 utca 58.<\/li>\n<li style=\"text-align: justify\"><strong>Eredm\u00e9ny:\u00a0<\/strong>A p\u00e1ly\u00e1zat\u00a0<strong>eredm\u00e9nytelen\u00fcl\u00a0<\/strong>z\u00e1rult<\/li>\n<\/ul>\n<p>&nbsp;<\/p>\n<p><em><strong>Budapest, 2026. augusztus 31.<\/strong><\/em><\/p>\n<p style=\"text-align: right\">\u00dcdv\u00f6zlettel:<\/p>\n<p style=\"text-align: right\">Vagyongazd\u00e1lkod\u00e1si Igazgat\u00f3s\u00e1g<\/p>\n","protected":false},"excerpt":{"rendered":"<p>P\u00c1LY\u00c1ZATI EREDM\u00c9NYHIRDET\u00c9S A Semmelweis Egyetem (1085 Budapest, \u00dcll\u0151i \u00fat 26.) ter\u00fclet b\u00e9rbead\u00e1sa\u00a0t\u00e1lal\u00f3konyha \u00e9s b\u00fcf\u00e9\u00a0\u00fczemeltet\u00e9s\u00e9re ki\u00edrt egyfordul\u00f3s p\u00e1ly\u00e1zat\u00e1nak eredm\u00e9ny\u00e9t az al\u00e1bbiak szerint hirdeti ki: P\u00e1ly\u00e1zat t\u00e1rgy:\u00a0A Nemzeti Orvosi Innov\u00e1ci\u00f3s K\u00e9pz\u0151 K\u00f6zpont \u00e9p\u00fclet\u00e9ben tal\u00e1lhat\u00f3 71,49 m2 hasznos alapter\u00fclet\u0171\u00a0t\u00e1lal\u00f3konyha, valamint 22,42 m2 hasznos alapter\u00fclet\u0171\u00a0b\u00fcf\u00e9 b\u00e9rbead\u00e1sa \u00e9s \u00fczemeltet\u00e9se Helysz\u00edn:\u00a01091 Budapest, \u00dcll\u0151i \u00fat 93. \/ 1094 Budapest, T\u0171zolt\u00f3 utca 58. &hellip;<\/p>\n","protected":false},"author":102529,"featured_media":0,"comment_status":"closed","ping_status":"closed","sticky":false,"template":"","format":"standard","meta":{"_acf_changed":false,"footnotes":""},"categories":[1],"tags":[],"class_list":["post-95736","post","type-post","status-publish","format-standard","hentry","category-egyeb"],"acf":[],"_links":{"self":[{"href":"https:\/\/semmelweis.hu\/gfi\/wp-json\/wp\/v2\/posts\/95736","targetHints":{"allow":["GET"]}}],"collection":[{"href":"https:\/\/semmelweis.hu\/gfi\/wp-json\/wp\/v2\/posts"}],"about":[{"href":"https:\/\/semmelweis.hu\/gfi\/wp-json\/wp\/v2\/types\/post"}],"author":[{"embeddable":true,"href":"https:\/\/semmelweis.hu\/gfi\/wp-json\/wp\/v2\/users\/102529"}],"replies":[{"embeddable":true,"href":"https:\/\/semmelweis.hu\/gfi\/wp-json\/wp\/v2\/comments?post=95736"}],"version-history":[{"count":1,"href":"https:\/\/semmelweis.hu\/gfi\/wp-json\/wp\/v2\/posts\/95736\/revisions"}],"predecessor-version":[{"id":95737,"href":"https:\/\/semmelweis.hu\/gfi\/wp-json\/wp\/v2\/posts\/95736\/revisions\/95737"}],"wp:attachment":[{"href":"https:\/\/semmelweis.hu\/gfi\/wp-json\/wp\/v2\/media?parent=95736"}],"wp:term":[{"taxonomy":"category","embeddable":true,"href":"https:\/\/semmelweis.hu\/gfi\/wp-json\/wp\/v2\/categories?post=95736"},{"taxonomy":"post_tag","embeddable":true,"href":"https:\/\/semmelweis.hu\/gfi\/wp-json\/wp\/v2\/tags?post=95736"}],"curies":[{"name":"wp","href":"https:\/\/api.w.org\/{rel}","templated":true}]}}