{"id":95728,"date":"2026-09-01T16:02:13","date_gmt":"2026-09-01T14:02:13","guid":{"rendered":"https:\/\/semmelweis.hu\/gfi\/?p=95728"},"modified":"2026-09-01T16:02:13","modified_gmt":"2026-09-01T14:02:13","slug":"tajekoztato-a-kezzel-kiallitott-nyugtakrol-torteno-adatszolgaltatashoz-kapcsolodo-feladatokrol","status":"publish","type":"post","link":"https:\/\/semmelweis.hu\/gfi\/2026\/09\/01\/tajekoztato-a-kezzel-kiallitott-nyugtakrol-torteno-adatszolgaltatashoz-kapcsolodo-feladatokrol\/","title":{"rendered":"T\u00e1j\u00e9koztat\u00f3 &#8211; a k\u00e9zzel ki\u00e1ll\u00edtott nyugt\u00e1kr\u00f3l t\u00f6rt\u00e9n\u0151 adatszolg\u00e1ltat\u00e1shoz kapcsol\u00f3d\u00f3 feladatokr\u00f3l"},"content":{"rendered":"<p style=\"text-align: center\"><span style=\"font-size: 18pt\"><strong>T\u00e1j\u00e9koztat\u00f3<\/strong><\/span><\/p>\n<p style=\"text-align: center\"><strong>az Egyetem szervezeti egys\u00e9gei vezet\u0151inek \u00e9s a gazdas\u00e1gi \u00fcgyek\u00e9rt felel\u0151s vezet\u0151inek a k\u00e9zzel ki\u00e1ll\u00edtott nyugt\u00e1kr\u00f3l t\u00f6rt\u00e9n\u0151 adatszolg\u00e1ltat\u00e1shoz kapcsol\u00f3d\u00f3 feladatokr\u00f3l<\/strong><\/p>\n<p>&nbsp;<\/p>\n<p style=\"text-align: justify\">A 8\/2025. (III.31.) NGM rendelet alapj\u00e1n\u00a0<strong>2026. szeptember 1. napj\u00e1t\u00f3l<\/strong> k\u00f6telez\u0151 a k\u00e9zzel ki\u00e1ll\u00edtott nyugt\u00e1kr\u00f3l adatszolg\u00e1ltat\u00e1st teljes\u00edteni a NAV erre a c\u00e9lra l\u00e9trehozott fel\u00fclet\u00e9n.<\/p>\n<p style=\"text-align: justify\">Az adatszolg\u00e1ltat\u00e1st a P\u00e9nz\u00fcgyi Igazgat\u00f3s\u00e1g teljes\u00edti, a teljes\u00edt\u00e9st a nyugta kibocs\u00e1t\u00e1st k\u00f6vet\u0151 3 napt\u00e1ri napon bel\u00fcl egyetemi szinten \u00f6sszes\u00edtve, \u00c1FA kulcsonk\u00e9nti bont\u00e1sban kell teljes\u00edteni.<\/p>\n<p style=\"text-align: justify\"><strong>Az adatszolg\u00e1ltat\u00e1s teljes\u00edt\u00e9s\u00e9hez k\u00e9rem az al\u00e1bbiak marad\u00e9ktalan betart\u00e1s\u00e1t.<\/strong><\/p>\n<p style=\"text-align: justify\"><em>Szervezeti egys\u00e9gek feladatai:<\/em><\/p>\n<p style=\"text-align: justify\">A teams fel\u00fcleten l\u00e9trehozott excel t\u00e1bl\u00e1zatokban a nyugt\u00e1kat (\u00e9rv\u00e9nytelen\u00edtett is) naponta kell felt\u00f6lteni a t\u00e1bl\u00e1zatban megjel\u00f6lt adattartalommal.<\/p>\n<p style=\"text-align: justify\"><strong>Hat\u00e1rid\u0151:\u00a0<\/strong>a nyugta ki\u00e1ll\u00edt\u00e1s\u00e1t k\u00f6vet\u0151 munkanapon 10 \u00f3r\u00e1ig<\/p>\n<p style=\"text-align: justify\"><strong>Kiv\u00e9tel: <\/strong>amennyiben a ki\u00e1ll\u00edt\u00e1st k\u00f6vet\u0151 munkasz\u00fcneti \u00e9s \u00fcnnepnapok sz\u00e1ma egy\u00fcttesen h\u00e1rom vagy ann\u00e1l t\u00f6bb napt\u00e1ri nap, k\u00fcl\u00f6n utas\u00edt\u00e1s ker\u00fcl kiad\u00e1sra<\/p>\n<p style=\"text-align: justify\">A jelenleg haszn\u00e1lt k\u00e9zi nyugta nem tartalmazza a mennyis\u00e9get, egys\u00e9g\u00e1rat \u00e9s \u00e1fakulcsot, ez\u00e9rt a nyugt\u00e1kon ezeket fel kell t\u00fcntetni, a t\u00f6mb\u00f6ket ad\u00f3kulcsonk\u00e9nt elk\u00fcl\u00f6n\u00edtve sz\u00fcks\u00e9ges jel\u00f6lni.<\/p>\n<p style=\"text-align: justify\"><strong>K\u00e9zzel ki\u00e1ll\u00edtott nyugta helyett SAP rendszerb\u0151l t\u00f6rt\u00e9n\u0151 sz\u00e1mla ki\u00e1ll\u00edt\u00e1s is alkalmazhat\u00f3.<\/strong><\/p>\n<p style=\"text-align: justify\"><strong>A k\u00e9zi nyugt\u00e1k ig\u00e9nyl\u00e9se tov\u00e1bbra is a F\u0151p\u00e9nzt\u00e1rb\u00f3l P\u00e9nz\u00fcgyi Igazgat\u00f3 enged\u00e9ly\u00e9vel lehets\u00e9ges.<\/strong><\/p>\n<p>&nbsp;<\/p>\n<p>Budapest, 2026.08.31.<\/p>\n<p style=\"text-align: right\">\u00c1d\u00e1m \u00c9va<\/p>\n<p style=\"text-align: right\">P\u00e9nz\u00fcgyi \u00e9s Vagyongazd\u00e1lkod\u00e1si F\u0151igazgat\u00f3<\/p>\n<p>&nbsp;<\/p>\n<p>&nbsp;<\/p>\n<p style=\"text-align: left\"><a href=\"https:\/\/semmelweis.hu\/gfi\/files\/2026\/09\/Tajekoztato-Nyugta-adatszolgaltatasrol.pdf\">T\u00e1j\u00e9koztat\u00f3 Nyugta adatszolg\u00e1ltat\u00e1sr\u00f3l<\/a><\/p>\n","protected":false},"excerpt":{"rendered":"<p>T\u00e1j\u00e9koztat\u00f3 az Egyetem szervezeti egys\u00e9gei vezet\u0151inek \u00e9s a gazdas\u00e1gi \u00fcgyek\u00e9rt felel\u0151s vezet\u0151inek a k\u00e9zzel ki\u00e1ll\u00edtott nyugt\u00e1kr\u00f3l t\u00f6rt\u00e9n\u0151 adatszolg\u00e1ltat\u00e1shoz kapcsol\u00f3d\u00f3 feladatokr\u00f3l &nbsp; A 8\/2025. (III.31.) NGM rendelet alapj\u00e1n\u00a02026. szeptember 1. napj\u00e1t\u00f3l k\u00f6telez\u0151 a k\u00e9zzel ki\u00e1ll\u00edtott nyugt\u00e1kr\u00f3l adatszolg\u00e1ltat\u00e1st teljes\u00edteni a NAV erre a c\u00e9lra l\u00e9trehozott fel\u00fclet\u00e9n. Az adatszolg\u00e1ltat\u00e1st a P\u00e9nz\u00fcgyi Igazgat\u00f3s\u00e1g teljes\u00edti, a teljes\u00edt\u00e9st a nyugta kibocs\u00e1t\u00e1st &hellip;<\/p>\n","protected":false},"author":102529,"featured_media":0,"comment_status":"closed","ping_status":"closed","sticky":false,"template":"","format":"standard","meta":{"_acf_changed":false,"footnotes":""},"categories":[7],"tags":[],"class_list":["post-95728","post","type-post","status-publish","format-standard","hentry","category-hirek"],"acf":[],"_links":{"self":[{"href":"https:\/\/semmelweis.hu\/gfi\/wp-json\/wp\/v2\/posts\/95728","targetHints":{"allow":["GET"]}}],"collection":[{"href":"https:\/\/semmelweis.hu\/gfi\/wp-json\/wp\/v2\/posts"}],"about":[{"href":"https:\/\/semmelweis.hu\/gfi\/wp-json\/wp\/v2\/types\/post"}],"author":[{"embeddable":true,"href":"https:\/\/semmelweis.hu\/gfi\/wp-json\/wp\/v2\/users\/102529"}],"replies":[{"embeddable":true,"href":"https:\/\/semmelweis.hu\/gfi\/wp-json\/wp\/v2\/comments?post=95728"}],"version-history":[{"count":2,"href":"https:\/\/semmelweis.hu\/gfi\/wp-json\/wp\/v2\/posts\/95728\/revisions"}],"predecessor-version":[{"id":95731,"href":"https:\/\/semmelweis.hu\/gfi\/wp-json\/wp\/v2\/posts\/95728\/revisions\/95731"}],"wp:attachment":[{"href":"https:\/\/semmelweis.hu\/gfi\/wp-json\/wp\/v2\/media?parent=95728"}],"wp:term":[{"taxonomy":"category","embeddable":true,"href":"https:\/\/semmelweis.hu\/gfi\/wp-json\/wp\/v2\/categories?post=95728"},{"taxonomy":"post_tag","embeddable":true,"href":"https:\/\/semmelweis.hu\/gfi\/wp-json\/wp\/v2\/tags?post=95728"}],"curies":[{"name":"wp","href":"https:\/\/api.w.org\/{rel}","templated":true}]}}