{"id":95473,"date":"2026-04-30T08:12:45","date_gmt":"2026-04-30T06:12:45","guid":{"rendered":"https:\/\/semmelweis.hu\/gfi\/?p=95473"},"modified":"2026-04-30T08:12:58","modified_gmt":"2026-04-30T06:12:58","slug":"minimum-berleti-dijak-kozuzemi-koltsegekre-vonatkozo-atalanydijak-2026-02-ho","status":"publish","type":"post","link":"https:\/\/semmelweis.hu\/gfi\/2026\/04\/30\/minimum-berleti-dijak-kozuzemi-koltsegekre-vonatkozo-atalanydijak-2026-02-ho\/","title":{"rendered":"Minimum b\u00e9rleti d\u00edjak, k\u00f6z\u00fczemi k\u00f6lts\u00e9gekre vonatkoz\u00f3 \u00e1tal\u00e1nyd\u00edjak 2026. 03. h\u00f3"},"content":{"rendered":"<p style=\"text-align: center\"><strong>T\u00c1J\u00c9KOZTAT\u00d3<\/strong><\/p>\n<p style=\"text-align: center\">Az Egyetem valamennyi szervezeti egys\u00e9g vezet\u0151inek \u00e9s a gazdas\u00e1gi \u00fcgyek\u00e9rt felel\u0151s vezet\u0151inek<\/p>\n<p>&nbsp;<\/p>\n<p>T\u00e1rgy: k\u00f6z\u00fczemi k\u00f6lts\u00e9gekre vonatkoz\u00f3 \u00e1tal\u00e1nyd\u00edjak meghat\u00e1roz\u00e1sa<\/p>\n<p>Hivatkozva a 98962\/GFIVGI\/2025 iktat\u00f3sz\u00e1mon kiadott a tipiz\u00e1lhat\u00f3 minimum b\u00e9rleti d\u00edjak \u00e9s k\u00f6z\u00fczemi k\u00f6lts\u00e9gekre vonatkoz\u00f3 \u00e1tal\u00e1nyd\u00edjak meghat\u00e1roz\u00e1s\u00e1r\u00f3l sz\u00f3l\u00f3 t\u00e1j\u00e9koztat\u00f3ra, k\u00e9rem a friss\u00edtett 3. sz. mell\u00e9kletben foglaltak alkalmaz\u00e1s\u00e1t.<\/p>\n<p>Budapest, 2026. \u00e1prilis 30.<\/p>\n<p><a href=\"https:\/\/semmelweis.hu\/gfi\/files\/2026\/04\/2026-03.-havi-minimalis-kozuzemi-atalany-dijak-megallapitasa-1-oldalas.xlsx\">2026 03. havi minim\u00e1lis k\u00f6z\u00fczemi \u00e1tal\u00e1ny d\u00edjak meg\u00e1llap\u00edt\u00e1sa (1 oldalas)<\/a> <a href=\"https:\/\/semmelweis.hu\/gfi\/files\/2026\/04\/2026-03.-havi-minimalis-kozuzemi-atalany-dijak-megallapitasa-hatteradatokkal.xlsx\">2026 03. havi minim\u00e1lis k\u00f6z\u00fczemi \u00e1tal\u00e1ny d\u00edjak meg\u00e1llap\u00edt\u00e1sa (h\u00e1tt\u00e9radatokkal)<\/a><\/p>\n<p><a href=\"https:\/\/semmelweis.hu\/gfi\/files\/2026\/04\/2026-03.-havi-minimalis-kozuzemi-atalany-dijak-megallapitasa-1-oldalas.xlsx\">2026 03. havi minim\u00e1lis k\u00f6z\u00fczemi \u00e1tal\u00e1ny d\u00edjak meg\u00e1llap\u00edt\u00e1sa (1 oldalas)<\/a><\/p>\n<p style=\"text-align: right\">P\u00e9nz\u00fcgyi \u00e9s Vagyongazd\u00e1lkod\u00e1si F\u0151igazgat\u00f3s\u00e1g<\/p>\n","protected":false},"excerpt":{"rendered":"<p>T\u00c1J\u00c9KOZTAT\u00d3 Az Egyetem valamennyi szervezeti egys\u00e9g vezet\u0151inek \u00e9s a gazdas\u00e1gi \u00fcgyek\u00e9rt felel\u0151s vezet\u0151inek &nbsp; T\u00e1rgy: k\u00f6z\u00fczemi k\u00f6lts\u00e9gekre vonatkoz\u00f3 \u00e1tal\u00e1nyd\u00edjak meghat\u00e1roz\u00e1sa Hivatkozva a 98962\/GFIVGI\/2025 iktat\u00f3sz\u00e1mon kiadott a tipiz\u00e1lhat\u00f3 minimum b\u00e9rleti d\u00edjak \u00e9s k\u00f6z\u00fczemi k\u00f6lts\u00e9gekre vonatkoz\u00f3 \u00e1tal\u00e1nyd\u00edjak meghat\u00e1roz\u00e1s\u00e1r\u00f3l sz\u00f3l\u00f3 t\u00e1j\u00e9koztat\u00f3ra, k\u00e9rem a friss\u00edtett 3. sz. mell\u00e9kletben foglaltak alkalmaz\u00e1s\u00e1t. Budapest, 2026. \u00e1prilis 30. <a href=\"https:\/\/semmelweis.hu\/gfi\/files\/2026\/04\/2026-03.-havi-minimalis-kozuzemi-atalany-dijak-megallapitasa-1-oldalas.xlsx\">2026 03. havi minim\u00e1lis k\u00f6z\u00fczemi \u00e1tal\u00e1ny d\u00edjak meg\u00e1llap\u00edt\u00e1sa (1 oldalas)<\/a> <a href=\"https:\/\/semmelweis.hu\/gfi\/files\/2026\/04\/2026-03.-havi-minimalis-kozuzemi-atalany-dijak-megallapitasa-hatteradatokkal.xlsx\">2026 03. havi minim\u00e1lis k\u00f6z\u00fczemi \u00e1tal\u00e1ny d\u00edjak meg\u00e1llap\u00edt\u00e1sa (h\u00e1tt\u00e9radatokkal)<\/a> <a href=\"https:\/\/semmelweis.hu\/gfi\/files\/2026\/04\/2026-03.-havi-minimalis-kozuzemi-atalany-dijak-megallapitasa-1-oldalas.xlsx\">2026 03. havi minim\u00e1lis k\u00f6z\u00fczemi \u00e1tal\u00e1ny d\u00edjak meg\u00e1llap\u00edt\u00e1sa (1 oldalas)<\/a> P\u00e9nz\u00fcgyi \u00e9s Vagyongazd\u00e1lkod\u00e1si &hellip;<\/p>\n","protected":false},"author":102529,"featured_media":0,"comment_status":"closed","ping_status":"closed","sticky":false,"template":"","format":"standard","meta":{"_acf_changed":false,"footnotes":""},"categories":[7],"tags":[],"class_list":["post-95473","post","type-post","status-publish","format-standard","hentry","category-hirek"],"acf":[],"_links":{"self":[{"href":"https:\/\/semmelweis.hu\/gfi\/wp-json\/wp\/v2\/posts\/95473","targetHints":{"allow":["GET"]}}],"collection":[{"href":"https:\/\/semmelweis.hu\/gfi\/wp-json\/wp\/v2\/posts"}],"about":[{"href":"https:\/\/semmelweis.hu\/gfi\/wp-json\/wp\/v2\/types\/post"}],"author":[{"embeddable":true,"href":"https:\/\/semmelweis.hu\/gfi\/wp-json\/wp\/v2\/users\/102529"}],"replies":[{"embeddable":true,"href":"https:\/\/semmelweis.hu\/gfi\/wp-json\/wp\/v2\/comments?post=95473"}],"version-history":[{"count":3,"href":"https:\/\/semmelweis.hu\/gfi\/wp-json\/wp\/v2\/posts\/95473\/revisions"}],"predecessor-version":[{"id":95541,"href":"https:\/\/semmelweis.hu\/gfi\/wp-json\/wp\/v2\/posts\/95473\/revisions\/95541"}],"wp:attachment":[{"href":"https:\/\/semmelweis.hu\/gfi\/wp-json\/wp\/v2\/media?parent=95473"}],"wp:term":[{"taxonomy":"category","embeddable":true,"href":"https:\/\/semmelweis.hu\/gfi\/wp-json\/wp\/v2\/categories?post=95473"},{"taxonomy":"post_tag","embeddable":true,"href":"https:\/\/semmelweis.hu\/gfi\/wp-json\/wp\/v2\/tags?post=95473"}],"curies":[{"name":"wp","href":"https:\/\/api.w.org\/{rel}","templated":true}]}}