{"id":95469,"date":"2026-04-02T08:20:53","date_gmt":"2026-04-02T06:20:53","guid":{"rendered":"https:\/\/semmelweis.hu\/gfi\/?p=95469"},"modified":"2026-04-02T08:20:53","modified_gmt":"2026-04-02T06:20:53","slug":"tajekoztato-muteti-talcak-kezimuszerek-es-kontenerek-beszerzese","status":"publish","type":"post","link":"https:\/\/semmelweis.hu\/gfi\/2026\/04\/02\/tajekoztato-muteti-talcak-kezimuszerek-es-kontenerek-beszerzese\/","title":{"rendered":"T\u00e1j\u00e9koztat\u00f3 &#8211; M\u0171t\u00e9ti t\u00e1lc\u00e1k (k\u00e9zim\u0171szerek \u00e9s kont\u00e9nerek) beszerz\u00e9se"},"content":{"rendered":"<p style=\"text-align: center\"><strong>T \u00c1 J \u00c9 K O Z T A T \u00d3<\/strong><\/p>\n<p style=\"text-align: center\"><strong>klinik\u00e1k, int\u00e9zetek, szervezeti egys\u00e9gek gazdas\u00e1gi vezet\u0151i r\u00e9sz\u00e9re<\/strong><\/p>\n<p><strong>\u00a0<\/strong><\/p>\n<p><em>Tisztelt Gazdas\u00e1gi Vezet\u0151 Asszony\/\u00dar!<\/em><\/p>\n<p><em>\u00a0<\/em><\/p>\n<p>T\u00e1j\u00e9koztatjuk \u00d6n\u00f6ket arr\u00f3l, hogy a Semmelweis Egyetem \u00e9s a B. Braun Trading Kft. k\u00f6z\u00f6tt 2026.03.30-\u00e1n, k\u00f6zbeszerz\u00e9si elj\u00e1r\u00e1s eredm\u00e9nyek\u00e9ppen megk\u00f6t\u00f6tt <strong><em>\u201eM\u0171t\u00e9ti t\u00e1lc\u00e1k (k\u00e9zim\u0171szerek \u00e9s kont\u00e9nerek) beszerz\u00e9se\u201d<\/em> <\/strong>t\u00e1rgy\u00fa szerz\u0151d\u00e9s adatait az SAP rendszerben az al\u00e1bbiak szerint r\u00f6gz\u00edtett\u00fck.<\/p>\n<p><strong><em>\u00a0<\/em><\/strong><\/p>\n<p>A szerz\u0151d\u00e9s SAP sz\u00e1ma:<strong> \u00a0\u00a0\u00a0\u00a0\u00a0\u00a0\u00a0\u00a0\u00a0\u00a04626001307<\/strong><\/p>\n<p>A beszerz\u00e9st ig\u00e9nyl\u0151 szervezet: <strong>NOIKK<\/strong><\/p>\n<p>A szerz\u0151d\u00e9s nett\u00f3 \u00f6sszege: \u00a0\u00a0\u00a0\u00a0\u00a0\u00a0\u00a0\u00a0<strong>141.964.474, &#8211; Ft<\/strong><\/p>\n<p>A szerz\u0151d\u00e9s futamideje: \u00a0\u00a0\u00a0\u00a0\u00a0\u00a0\u00a0\u00a0\u00a0\u00a0\u00a0\u00a0<strong>2026.03.30-2026.05.11<\/strong><\/p>\n<p>&nbsp;<\/p>\n<p><em><strong>Budapest, 2026. \u00e1prilis 2.<\/strong><\/em><\/p>\n<p style=\"text-align: right\">\u00dcdv\u00f6zlettel:<\/p>\n<p style=\"text-align: right\">Beszerz\u00e9si Igazgat\u00f3s\u00e1g<\/p>\n<p>&nbsp;<\/p>\n<p><a href=\"https:\/\/semmelweis.hu\/gfi\/files\/2026\/04\/Muteti-talcak-keszimuszerek-es-kontenerek-beszerzese.doc\">M\u0171t\u00e9ti t\u00e1lc\u00e1k &#8211; k\u00e9szim\u0171szerek \u00e9s kont\u00e9nerek &#8211; beszerz\u00e9se<\/a><\/p>\n","protected":false},"excerpt":{"rendered":"<p>T \u00c1 J \u00c9 K O Z T A T \u00d3 klinik\u00e1k, int\u00e9zetek, szervezeti egys\u00e9gek gazdas\u00e1gi vezet\u0151i r\u00e9sz\u00e9re \u00a0 Tisztelt Gazdas\u00e1gi Vezet\u0151 Asszony\/\u00dar! \u00a0 T\u00e1j\u00e9koztatjuk \u00d6n\u00f6ket arr\u00f3l, hogy a Semmelweis Egyetem \u00e9s a B. Braun Trading Kft. k\u00f6z\u00f6tt 2026.03.30-\u00e1n, k\u00f6zbeszerz\u00e9si elj\u00e1r\u00e1s eredm\u00e9nyek\u00e9ppen megk\u00f6t\u00f6tt \u201eM\u0171t\u00e9ti t\u00e1lc\u00e1k (k\u00e9zim\u0171szerek \u00e9s kont\u00e9nerek) beszerz\u00e9se\u201d t\u00e1rgy\u00fa szerz\u0151d\u00e9s adatait az SAP rendszerben &hellip;<\/p>\n","protected":false},"author":102529,"featured_media":0,"comment_status":"closed","ping_status":"closed","sticky":false,"template":"","format":"standard","meta":{"_acf_changed":false,"footnotes":""},"categories":[7],"tags":[],"class_list":["post-95469","post","type-post","status-publish","format-standard","hentry","category-hirek"],"acf":[],"_links":{"self":[{"href":"https:\/\/semmelweis.hu\/gfi\/wp-json\/wp\/v2\/posts\/95469","targetHints":{"allow":["GET"]}}],"collection":[{"href":"https:\/\/semmelweis.hu\/gfi\/wp-json\/wp\/v2\/posts"}],"about":[{"href":"https:\/\/semmelweis.hu\/gfi\/wp-json\/wp\/v2\/types\/post"}],"author":[{"embeddable":true,"href":"https:\/\/semmelweis.hu\/gfi\/wp-json\/wp\/v2\/users\/102529"}],"replies":[{"embeddable":true,"href":"https:\/\/semmelweis.hu\/gfi\/wp-json\/wp\/v2\/comments?post=95469"}],"version-history":[{"count":2,"href":"https:\/\/semmelweis.hu\/gfi\/wp-json\/wp\/v2\/posts\/95469\/revisions"}],"predecessor-version":[{"id":95471,"href":"https:\/\/semmelweis.hu\/gfi\/wp-json\/wp\/v2\/posts\/95469\/revisions\/95471"}],"wp:attachment":[{"href":"https:\/\/semmelweis.hu\/gfi\/wp-json\/wp\/v2\/media?parent=95469"}],"wp:term":[{"taxonomy":"category","embeddable":true,"href":"https:\/\/semmelweis.hu\/gfi\/wp-json\/wp\/v2\/categories?post=95469"},{"taxonomy":"post_tag","embeddable":true,"href":"https:\/\/semmelweis.hu\/gfi\/wp-json\/wp\/v2\/tags?post=95469"}],"curies":[{"name":"wp","href":"https:\/\/api.w.org\/{rel}","templated":true}]}}