{"id":95336,"date":"2026-02-02T08:46:19","date_gmt":"2026-02-02T07:46:19","guid":{"rendered":"https:\/\/semmelweis.hu\/gfi\/?p=95336"},"modified":"2026-02-02T08:46:19","modified_gmt":"2026-02-02T07:46:19","slug":"tajekoztato-altalanos-takaritasi-szolgaltatas-nem-klinikai-celu-epuleteinek-takaritasa","status":"publish","type":"post","link":"https:\/\/semmelweis.hu\/gfi\/2026\/02\/02\/tajekoztato-altalanos-takaritasi-szolgaltatas-nem-klinikai-celu-epuleteinek-takaritasa\/","title":{"rendered":"T\u00e1j\u00e9koztat\u00f3 &#8211; \u00c1ltal\u00e1nos takar\u00edt\u00e1si szolg\u00e1ltat\u00e1s\/nem klinikai c\u00e9l\u00fa \u00e9p\u00fcleteinek takar\u00edt\u00e1sa"},"content":{"rendered":"<p style=\"text-align: center\"><strong>T \u00c1 J \u00c9 K O Z T A T \u00d3<\/strong><\/p>\n<p style=\"text-align: center\"><strong>klinik\u00e1k, int\u00e9zetek, szervezeti egys\u00e9gek gazdas\u00e1gi vezet\u0151i r\u00e9sz\u00e9re<\/strong><\/p>\n<p style=\"text-align: center\"><strong>\u00a0<\/strong><\/p>\n<p><em>Tisztelt Gazdas\u00e1gi Vezet\u0151 Asszony\/\u00dar!<\/em><\/p>\n<p><em>\u00a0<\/em><\/p>\n<p>T\u00e1j\u00e9koztatjuk \u00d6n\u00f6ket arr\u00f3l, hogy a Semmelweis Egyetem \u00e9s a B+N Magyarorsz\u00e1g Kft. k\u00f6z\u00f6tt 2026.01.29-\u00e1n, k\u00f6zbeszerz\u00e9si elj\u00e1r\u00e1s eredm\u00e9nyek\u00e9ppen megk\u00f6t\u00f6tt &#8222;<strong><em>\u00c1ltal\u00e1nos takar\u00edt\u00e1si szolg\u00e1ltat\u00e1s\/nem klinikai c\u00e9l\u00fa \u00e9p\u00fcleteinek takar\u00edt\u00e1sa\u201d<\/em> <\/strong>t\u00e1rgy\u00fa szerz\u0151d\u00e9s adatait az SAP rendszerben az al\u00e1bbiak szerint r\u00f6gz\u00edtett\u00fck.<\/p>\n<p><strong><em>\u00a0<\/em><\/strong><\/p>\n<p>A szerz\u0151d\u00e9s SAP sz\u00e1ma:<strong> \u00a0\u00a0\u00a0\u00a0\u00a0\u00a0\u00a0\u00a0\u00a0\u00a0\u00a04626000486<\/strong><\/p>\n<p>A beszerz\u00e9st ig\u00e9nyl\u0151 szervezet: <strong>M\u0171szaki F\u0151igazgat\u00f3s\u00e1g<\/strong><\/p>\n<p>A szerz\u0151d\u00e9s nett\u00f3 \u00f6sszege: \u00a0\u00a0\u00a0\u00a0\u00a0\u00a0\u00a0\u00a0<strong>30.000.000, &#8211; Ft<\/strong><\/p>\n<p>A szerz\u0151d\u00e9s futamideje: \u00a0\u00a0\u00a0\u00a0\u00a0\u00a0\u00a0\u00a0\u00a0\u00a0\u00a0\u00a0<strong>2026.01.29-2027.01.29<\/strong><\/p>\n<p>\u00dcdv\u00f6zlettel:<\/p>\n<p>\u00a0 \u00a0 \u00a0 \u00a0 \u00a0 \u00a0 \u00a0 \u00a0 \u00a0 \u00a0 \u00a0 \u00a0 \u00a0 \u00a0 \u00a0 \u00a0 \u00a0 \u00a0 \u00a0 \u00a0 \u00a0 \u00a0 \u00a0 \u00a0 \u00a0 \u00a0 \u00a0 \u00a0 \u00a0 \u00a0 \u00a0 \u00a0 \u00a0 \u00a0 \u00a0Beszerz\u00e9si Igazgat\u00f3s\u00e1g\u00a0<\/p>\n<p>\u00a0 \u00a0 \u00a0 \u00a0 \u00a0 \u00a0 \u00a0 \u00a0 \u00a0 \u00a0 \u00a0 \u00a0 \u00a0 \u00a0 \u00a0 \u00a0 \u00a0 \u00a0 \u00a0 \u00a0 \u00a0 \u00a0 \u00a0 \u00a0 \u00a0 \u00a0 \u00a0 \u00a0 \u00a0 \u00a0 \u00a0 \u00a0 \u00a0 \u00a0 \u00a0 \u00a0 \u00a0 \u00a0 \u00a0 \u00a0 \u00a0 \u00a0 \u00a0 \u00a0 \u00a0Budapest, 2026. febru\u00e1r<\/p>\n<p><a href=\"https:\/\/semmelweis.hu\/gfi\/files\/2026\/02\/Altalanos-takaritasi-szolgaltatas_nem-klinikai-celu-epuleteinek-takaritasa.doc\">\u00c1ltal\u00e1nos takar\u00edt\u00e1si szolg\u00e1ltat\u00e1s_nem klinikai c\u00e9l\u00fa \u00e9p\u00fcleteinek takar\u00edt\u00e1sa<\/a><\/p>\n","protected":false},"excerpt":{"rendered":"<p>T \u00c1 J \u00c9 K O Z T A T \u00d3 klinik\u00e1k, int\u00e9zetek, szervezeti egys\u00e9gek gazdas\u00e1gi vezet\u0151i r\u00e9sz\u00e9re \u00a0 Tisztelt Gazdas\u00e1gi Vezet\u0151 Asszony\/\u00dar! \u00a0 T\u00e1j\u00e9koztatjuk \u00d6n\u00f6ket arr\u00f3l, hogy a Semmelweis Egyetem \u00e9s a B+N Magyarorsz\u00e1g Kft. k\u00f6z\u00f6tt 2026.01.29-\u00e1n, k\u00f6zbeszerz\u00e9si elj\u00e1r\u00e1s eredm\u00e9nyek\u00e9ppen megk\u00f6t\u00f6tt &#8222;\u00c1ltal\u00e1nos takar\u00edt\u00e1si szolg\u00e1ltat\u00e1s\/nem klinikai c\u00e9l\u00fa \u00e9p\u00fcleteinek takar\u00edt\u00e1sa\u201d t\u00e1rgy\u00fa szerz\u0151d\u00e9s adatait az SAP rendszerben &hellip;<\/p>\n","protected":false},"author":102559,"featured_media":0,"comment_status":"closed","ping_status":"closed","sticky":false,"template":"","format":"standard","meta":{"_acf_changed":false,"footnotes":""},"categories":[7],"tags":[],"class_list":["post-95336","post","type-post","status-publish","format-standard","hentry","category-hirek"],"acf":[],"_links":{"self":[{"href":"https:\/\/semmelweis.hu\/gfi\/wp-json\/wp\/v2\/posts\/95336","targetHints":{"allow":["GET"]}}],"collection":[{"href":"https:\/\/semmelweis.hu\/gfi\/wp-json\/wp\/v2\/posts"}],"about":[{"href":"https:\/\/semmelweis.hu\/gfi\/wp-json\/wp\/v2\/types\/post"}],"author":[{"embeddable":true,"href":"https:\/\/semmelweis.hu\/gfi\/wp-json\/wp\/v2\/users\/102559"}],"replies":[{"embeddable":true,"href":"https:\/\/semmelweis.hu\/gfi\/wp-json\/wp\/v2\/comments?post=95336"}],"version-history":[{"count":1,"href":"https:\/\/semmelweis.hu\/gfi\/wp-json\/wp\/v2\/posts\/95336\/revisions"}],"predecessor-version":[{"id":95337,"href":"https:\/\/semmelweis.hu\/gfi\/wp-json\/wp\/v2\/posts\/95336\/revisions\/95337"}],"wp:attachment":[{"href":"https:\/\/semmelweis.hu\/gfi\/wp-json\/wp\/v2\/media?parent=95336"}],"wp:term":[{"taxonomy":"category","embeddable":true,"href":"https:\/\/semmelweis.hu\/gfi\/wp-json\/wp\/v2\/categories?post=95336"},{"taxonomy":"post_tag","embeddable":true,"href":"https:\/\/semmelweis.hu\/gfi\/wp-json\/wp\/v2\/tags?post=95336"}],"curies":[{"name":"wp","href":"https:\/\/api.w.org\/{rel}","templated":true}]}}