{"id":95236,"date":"2025-12-19T12:05:37","date_gmt":"2025-12-19T11:05:37","guid":{"rendered":"https:\/\/semmelweis.hu\/gfi\/?p=95236"},"modified":"2026-01-05T08:47:24","modified_gmt":"2026-01-05T07:47:24","slug":"tajekoztato-biztositasi-szolgaltatasok-beszerzese","status":"publish","type":"post","link":"https:\/\/semmelweis.hu\/gfi\/2025\/12\/19\/tajekoztato-biztositasi-szolgaltatasok-beszerzese\/","title":{"rendered":"T\u00e1j\u00e9koztat\u00f3 &#8211; Biztos\u00edt\u00e1si szolg\u00e1ltat\u00e1sok beszerz\u00e9se"},"content":{"rendered":"<p style=\"text-align: center\"><strong>T \u00c1 J \u00c9 K O Z T A T \u00d3<\/strong><\/p>\n<p style=\"text-align: center\"><strong>klinik\u00e1k, int\u00e9zetek, szervezeti egys\u00e9gek gazdas\u00e1gi vezet\u0151i r\u00e9sz\u00e9re<\/strong><\/p>\n<p><em>Tisztelt Gazdas\u00e1gi Vezet\u0151 Asszony\/\u00dar!<\/em><\/p>\n<p>T\u00e1j\u00e9koztatjuk \u00d6n\u00f6ket arr\u00f3l, hogy a Semmelweis Egyetem \u00e9s 2 sz\u00e1ll\u00edt\u00f3 k\u00f6z\u00f6tt 2025.12.19-\u00e9n, k\u00f6zbeszerz\u00e9si elj\u00e1r\u00e1s eredm\u00e9nyek\u00e9ppen megk\u00f6t\u00f6tt <strong><em>\u201eBiztos\u00edt\u00e1si szolg\u00e1ltat\u00e1sok beszerz\u00e9se\u201d<\/em> <\/strong>t\u00e1rgy\u00fa szerz\u0151d\u00e9s adatait az SAP rendszerben az al\u00e1bbiak szerint r\u00f6gz\u00edtett\u00fck.<\/p>\n<p>A szerz\u0151d\u00e9s SAP sz\u00e1ma:<strong> \u00a0\u00a0\u00a0\u00a0\u00a0\u00a0\u00a0\u00a0\u00a0\u00a0\u00a04625004715 (Allianz Hung\u00e1ria Zrt.)<\/strong><\/p>\n<p>A beszerz\u00e9st ig\u00e9nyl\u0151 szervezet: <strong>Szolg\u00e1ltat\u00e1si Igazgat\u00f3s\u00e1g<\/strong><\/p>\n<p>A szerz\u0151d\u00e9s nett\u00f3 \u00f6sszege: \u00a0\u00a0\u00a0\u00a0\u00a0\u00a0\u00a0\u00a0<strong>641.913.120, &#8211; Ft<\/strong><\/p>\n<p>A szerz\u0151d\u00e9s futamideje: \u00a0\u00a0\u00a0\u00a0\u00a0\u00a0\u00a0\u00a0\u00a0\u00a0\u00a0\u00a0<strong>2026.01.01-2028.12.31 <\/strong>(36 h\u00f3nap)<\/p>\n<p>&nbsp;<\/p>\n<p>A szerz\u0151d\u00e9s SAP sz\u00e1ma:<strong>\u00a0\u00a0\u00a0\u00a0\u00a0\u00a0\u00a0\u00a0\u00a0\u00a0\u00a0 4625004720 (Allianz Hung\u00e1ria Zrt.)<\/strong><\/p>\n<p>A beszerz\u00e9st ig\u00e9nyl\u0151 szervezet: <strong>Szolg\u00e1ltat\u00e1si Igazgat\u00f3s\u00e1g<\/strong><\/p>\n<p>A szerz\u0151d\u00e9s nett\u00f3 \u00f6sszege:\u00a0\u00a0\u00a0\u00a0\u00a0\u00a0\u00a0\u00a0 <strong>40.200.000, &#8211; Ft<\/strong><\/p>\n<p>A szerz\u0151d\u00e9s futamideje:\u00a0\u00a0\u00a0\u00a0\u00a0\u00a0\u00a0\u00a0\u00a0\u00a0\u00a0\u00a0 <strong>2026.01.01-2028.12.31 <\/strong>(36 h\u00f3nap)<\/p>\n<p>&nbsp;<\/p>\n<p>A szerz\u0151d\u00e9s SAP sz\u00e1ma:<strong>\u00a0\u00a0\u00a0\u00a0\u00a0\u00a0\u00a0\u00a0\u00a0\u00a0\u00a0 4625004722 (Allianz Hung\u00e1ria Zrt.)<\/strong><\/p>\n<p>A beszerz\u00e9st ig\u00e9nyl\u0151 szervezet: <strong>Szolg\u00e1ltat\u00e1si Igazgat\u00f3s\u00e1g<\/strong><\/p>\n<p>A szerz\u0151d\u00e9s nett\u00f3 \u00f6sszege:\u00a0\u00a0\u00a0\u00a0\u00a0\u00a0\u00a0\u00a0 <strong>24.000.000, &#8211; Ft<\/strong><\/p>\n<p>A szerz\u0151d\u00e9s futamideje:\u00a0\u00a0\u00a0\u00a0\u00a0\u00a0\u00a0\u00a0\u00a0\u00a0\u00a0\u00a0 <strong>2026.01.01-2028.12.31 <\/strong>(36 h\u00f3nap)<\/p>\n<p>&nbsp;<\/p>\n<p>A szerz\u0151d\u00e9s SAP sz\u00e1ma:<strong>\u00a0\u00a0\u00a0\u00a0\u00a0\u00a0\u00a0\u00a0\u00a0\u00a0\u00a0 4625004723 (Allianz Hung\u00e1ria Zrt.)<\/strong><\/p>\n<p>A beszerz\u00e9st ig\u00e9nyl\u0151 szervezet: <strong>Szolg\u00e1ltat\u00e1si Igazgat\u00f3s\u00e1g<\/strong><\/p>\n<p>A szerz\u0151d\u00e9s nett\u00f3 \u00f6sszege:\u00a0\u00a0\u00a0\u00a0\u00a0\u00a0\u00a0\u00a0 <strong>28.139.400, &#8211; Ft<\/strong><\/p>\n<p>A szerz\u0151d\u00e9s futamideje:\u00a0\u00a0\u00a0\u00a0\u00a0\u00a0\u00a0\u00a0\u00a0\u00a0\u00a0\u00a0 <strong>2026.01.01-2028.12.31 <\/strong>(36 h\u00f3nap)<\/p>\n<p>&nbsp;<\/p>\n<p>A szerz\u0151d\u00e9s SAP sz\u00e1ma:<strong>\u00a0\u00a0\u00a0\u00a0\u00a0\u00a0\u00a0\u00a0\u00a0\u00a0\u00a0 4625004724 (Allianz Hung\u00e1ria Zrt.)<\/strong><\/p>\n<p>A beszerz\u00e9st ig\u00e9nyl\u0151 szervezet: <strong>Szolg\u00e1ltat\u00e1si Igazgat\u00f3s\u00e1g<\/strong><\/p>\n<p>A szerz\u0151d\u00e9s nett\u00f3 \u00f6sszege:\u00a0\u00a0\u00a0\u00a0\u00a0\u00a0\u00a0\u00a0 <strong>46.112.832, &#8211; Ft<\/strong><\/p>\n<p>A szerz\u0151d\u00e9s futamideje:\u00a0\u00a0\u00a0\u00a0\u00a0\u00a0\u00a0\u00a0\u00a0\u00a0\u00a0\u00a0 <strong>2026.01.01-2028.12.31 <\/strong>(36 h\u00f3nap)<\/p>\n<p>&nbsp;<\/p>\n<p>A szerz\u0151d\u00e9s SAP sz\u00e1ma:<strong>\u00a0\u00a0\u00a0\u00a0\u00a0\u00a0\u00a0\u00a0\u00a0\u00a0\u00a0 4625004726 (Uniqa Zrt.)<\/strong><\/p>\n<p>A beszerz\u00e9st ig\u00e9nyl\u0151 szervezet: <strong>Szolg\u00e1ltat\u00e1si Igazgat\u00f3s\u00e1g<\/strong><\/p>\n<p>A szerz\u0151d\u00e9s nett\u00f3 \u00f6sszege:\u00a0\u00a0\u00a0\u00a0\u00a0\u00a0\u00a0\u00a0 <strong>102.345.498, &#8211; Ft<\/strong><\/p>\n<p>A szerz\u0151d\u00e9s futamideje:\u00a0\u00a0\u00a0\u00a0\u00a0\u00a0\u00a0\u00a0\u00a0\u00a0\u00a0\u00a0 <strong>2026.01.01-2028.12.31 <\/strong>(36 h\u00f3nap)<\/p>\n<p><strong>Budapest, 2025. december\u00a0<\/strong><\/p>\n<p>\u00a0 \u00a0 \u00a0 \u00a0 \u00a0 \u00a0 \u00a0 \u00a0 \u00a0 \u00a0 \u00a0 \u00a0 \u00a0 \u00a0 \u00a0 \u00a0 \u00a0 \u00a0 \u00a0 \u00a0 \u00a0 \u00a0 \u00a0 \u00a0 \u00a0 \u00a0\u00dcdv\u00f6zlettel:\u00a0<\/p>\n<p>\u00a0 \u00a0 \u00a0 \u00a0 \u00a0 \u00a0 \u00a0 \u00a0 \u00a0 \u00a0 \u00a0 \u00a0 \u00a0 \u00a0 \u00a0 \u00a0 \u00a0 \u00a0 \u00a0 \u00a0 \u00a0 \u00a0 \u00a0 \u00a0 \u00a0 \u00a0 \u00a0 \u00a0 \u00a0 \u00a0 \u00a0 \u00a0 \u00a0 \u00a0 \u00a0 \u00a0 \u00a0 \u00a0Beszerz\u00e9si Igazgat\u00f3s\u00e1g\u00a0<\/p>\n<p><a href=\"https:\/\/semmelweis.hu\/gfi\/files\/2026\/01\/SAP-Hirek-Allianz.doc\">SAP H\u00edrek Allianz<\/a><\/p>\n","protected":false},"excerpt":{"rendered":"<p>T \u00c1 J \u00c9 K O Z T A T \u00d3 klinik\u00e1k, int\u00e9zetek, szervezeti egys\u00e9gek gazdas\u00e1gi vezet\u0151i r\u00e9sz\u00e9re Tisztelt Gazdas\u00e1gi Vezet\u0151 Asszony\/\u00dar! T\u00e1j\u00e9koztatjuk \u00d6n\u00f6ket arr\u00f3l, hogy a Semmelweis Egyetem \u00e9s 2 sz\u00e1ll\u00edt\u00f3 k\u00f6z\u00f6tt 2025.12.19-\u00e9n, k\u00f6zbeszerz\u00e9si elj\u00e1r\u00e1s eredm\u00e9nyek\u00e9ppen megk\u00f6t\u00f6tt \u201eBiztos\u00edt\u00e1si szolg\u00e1ltat\u00e1sok beszerz\u00e9se\u201d t\u00e1rgy\u00fa szerz\u0151d\u00e9s adatait az SAP rendszerben az al\u00e1bbiak szerint r\u00f6gz\u00edtett\u00fck. A szerz\u0151d\u00e9s SAP sz\u00e1ma: &hellip;<\/p>\n","protected":false},"author":102529,"featured_media":0,"comment_status":"closed","ping_status":"closed","sticky":false,"template":"","format":"standard","meta":{"_acf_changed":false,"footnotes":""},"categories":[7],"tags":[],"class_list":["post-95236","post","type-post","status-publish","format-standard","hentry","category-hirek"],"acf":[],"_links":{"self":[{"href":"https:\/\/semmelweis.hu\/gfi\/wp-json\/wp\/v2\/posts\/95236","targetHints":{"allow":["GET"]}}],"collection":[{"href":"https:\/\/semmelweis.hu\/gfi\/wp-json\/wp\/v2\/posts"}],"about":[{"href":"https:\/\/semmelweis.hu\/gfi\/wp-json\/wp\/v2\/types\/post"}],"author":[{"embeddable":true,"href":"https:\/\/semmelweis.hu\/gfi\/wp-json\/wp\/v2\/users\/102529"}],"replies":[{"embeddable":true,"href":"https:\/\/semmelweis.hu\/gfi\/wp-json\/wp\/v2\/comments?post=95236"}],"version-history":[{"count":5,"href":"https:\/\/semmelweis.hu\/gfi\/wp-json\/wp\/v2\/posts\/95236\/revisions"}],"predecessor-version":[{"id":95244,"href":"https:\/\/semmelweis.hu\/gfi\/wp-json\/wp\/v2\/posts\/95236\/revisions\/95244"}],"wp:attachment":[{"href":"https:\/\/semmelweis.hu\/gfi\/wp-json\/wp\/v2\/media?parent=95236"}],"wp:term":[{"taxonomy":"category","embeddable":true,"href":"https:\/\/semmelweis.hu\/gfi\/wp-json\/wp\/v2\/categories?post=95236"},{"taxonomy":"post_tag","embeddable":true,"href":"https:\/\/semmelweis.hu\/gfi\/wp-json\/wp\/v2\/tags?post=95236"}],"curies":[{"name":"wp","href":"https:\/\/api.w.org\/{rel}","templated":true}]}}