{"id":95223,"date":"2025-12-17T14:49:59","date_gmt":"2025-12-17T13:49:59","guid":{"rendered":"https:\/\/semmelweis.hu\/gfi\/?p=95223"},"modified":"2025-12-17T14:49:59","modified_gmt":"2025-12-17T13:49:59","slug":"a-penzugyi-igazgatosag-2025-ev-vegi-es-2026-ev-eleji-ugyeleti-rendje","status":"publish","type":"post","link":"https:\/\/semmelweis.hu\/gfi\/2025\/12\/17\/a-penzugyi-igazgatosag-2025-ev-vegi-es-2026-ev-eleji-ugyeleti-rendje\/","title":{"rendered":"A P\u00e9nz\u00fcgyi Igazgat\u00f3s\u00e1g 2025. \u00e9v v\u00e9gi \u00e9s 2026. \u00e9v eleji \u00fcgyeleti rendje"},"content":{"rendered":"<p style=\"text-align: center\"><strong>\u00dcgyeleti beoszt\u00e1s<\/strong><\/p>\n<p style=\"text-align: center\"><strong>2025. <\/strong><strong style=\"font-size: 1rem\">december 22. &#8211; 2026. janu\u00e1r 04. k\u00f6z\u00f6tti id\u0151szakban<\/strong><\/p>\n<p style=\"text-align: center\"><strong>P\u00e9nz\u00fcgyi Igazgat\u00f3s\u00e1g<\/strong><\/p>\n<p><a href=\"https:\/\/semmelweis.hu\/gfi\/files\/2025\/12\/RKE_12_2025ev_vege_altalanos-mukodesi-szunetrol_PUIG-2025_ev-vegi-ugyelet.pdf\">RKE_12_2025ev_vege_altalanos-mukodesi-szunetrol_PUIG 2025_ev vegi ugyelet<\/a><\/p>\n","protected":false},"excerpt":{"rendered":"<p>\u00dcgyeleti beoszt\u00e1s<br \/>\n2025. december 22. &#8211; 2026. janu\u00e1r 04. k\u00f6z\u00f6tti id\u0151szakban<br \/>\nP\u00e9nz\u00fcgyi Igazgat\u00f3s\u00e1g<br \/>\n<a href=\"https:\/\/semmelweis.hu\/gfi\/files\/2025\/12\/RKE_12_2025ev_vege_altalanos-mukodesi-szunetrol_PUIG-2025_ev-vegi-ugyelet.pdf\">RKE_12_2025ev_vege_altalanos-mukodesi-szunetrol_PUIG 2025_ev vegi ugyelet<\/a><\/p>\n","protected":false},"author":102559,"featured_media":0,"comment_status":"closed","ping_status":"closed","sticky":false,"template":"","format":"standard","meta":{"_acf_changed":false,"footnotes":""},"categories":[7],"tags":[],"class_list":["post-95223","post","type-post","status-publish","format-standard","hentry","category-hirek"],"acf":[],"_links":{"self":[{"href":"https:\/\/semmelweis.hu\/gfi\/wp-json\/wp\/v2\/posts\/95223","targetHints":{"allow":["GET"]}}],"collection":[{"href":"https:\/\/semmelweis.hu\/gfi\/wp-json\/wp\/v2\/posts"}],"about":[{"href":"https:\/\/semmelweis.hu\/gfi\/wp-json\/wp\/v2\/types\/post"}],"author":[{"embeddable":true,"href":"https:\/\/semmelweis.hu\/gfi\/wp-json\/wp\/v2\/users\/102559"}],"replies":[{"embeddable":true,"href":"https:\/\/semmelweis.hu\/gfi\/wp-json\/wp\/v2\/comments?post=95223"}],"version-history":[{"count":1,"href":"https:\/\/semmelweis.hu\/gfi\/wp-json\/wp\/v2\/posts\/95223\/revisions"}],"predecessor-version":[{"id":95224,"href":"https:\/\/semmelweis.hu\/gfi\/wp-json\/wp\/v2\/posts\/95223\/revisions\/95224"}],"wp:attachment":[{"href":"https:\/\/semmelweis.hu\/gfi\/wp-json\/wp\/v2\/media?parent=95223"}],"wp:term":[{"taxonomy":"category","embeddable":true,"href":"https:\/\/semmelweis.hu\/gfi\/wp-json\/wp\/v2\/categories?post=95223"},{"taxonomy":"post_tag","embeddable":true,"href":"https:\/\/semmelweis.hu\/gfi\/wp-json\/wp\/v2\/tags?post=95223"}],"curies":[{"name":"wp","href":"https:\/\/api.w.org\/{rel}","templated":true}]}}