{"id":95221,"date":"2025-12-17T14:47:57","date_gmt":"2025-12-17T13:47:57","guid":{"rendered":"https:\/\/semmelweis.hu\/gfi\/?p=95221"},"modified":"2025-12-17T14:47:57","modified_gmt":"2025-12-17T13:47:57","slug":"a-penzugyi-es-vagyongazdalkodasi-foigazgatosag-2025-ev-vegere-es-2026-ev-elejere-vonatkozo-ugyeleti-rendje","status":"publish","type":"post","link":"https:\/\/semmelweis.hu\/gfi\/2025\/12\/17\/a-penzugyi-es-vagyongazdalkodasi-foigazgatosag-2025-ev-vegere-es-2026-ev-elejere-vonatkozo-ugyeleti-rendje\/","title":{"rendered":"A P\u00e9nz\u00fcgyi \u00e9s Vagyongazd\u00e1lkod\u00e1si F\u0151igazgat\u00f3s\u00e1g 2025. \u00e9v v\u00e9g\u00e9re \u00e9s 2026. \u00e9v elej\u00e9re vonatkoz\u00f3 \u00fcgyeleti rendje"},"content":{"rendered":"<p style=\"text-align: center\"><strong>\u00dcgyeleti beoszt\u00e1s 2025. december 22. &#8211; 2026. janu\u00e1r 04. k\u00f6z\u00f6tti id\u0151szakban <\/strong><strong>\u00a0<\/strong><\/p>\n<p style=\"text-align: center\"><strong>P\u00e9nz\u00fcgyi \u00e9s Vagyongazd\u00e1lkod\u00e1si F\u0151igazgat\u00f3s\u00e1g<\/strong><\/p>\n<p><a href=\"https:\/\/semmelweis.hu\/gfi\/files\/2025\/12\/2025_ev-vegi-ugyelet-1.pdf\">2025_\u00e9v v\u00e9gi \u00fcgyelet<\/a><\/p>\n","protected":false},"excerpt":{"rendered":"<p>\u00dcgyeleti beoszt\u00e1s 2025. december 22. &#8211; 2026. janu\u00e1r 04. k\u00f6z\u00f6tti id\u0151szakban \u00a0<br \/>\nP\u00e9nz\u00fcgyi \u00e9s Vagyongazd\u00e1lkod\u00e1si F\u0151igazgat\u00f3s\u00e1g<br \/>\n<a href=\"https:\/\/semmelweis.hu\/gfi\/files\/2025\/12\/2025_ev-vegi-ugyelet-1.pdf\">2025_\u00e9v v\u00e9gi \u00fcgyelet<\/a><\/p>\n","protected":false},"author":102559,"featured_media":0,"comment_status":"closed","ping_status":"closed","sticky":false,"template":"","format":"standard","meta":{"_acf_changed":false,"footnotes":""},"categories":[7],"tags":[],"class_list":["post-95221","post","type-post","status-publish","format-standard","hentry","category-hirek"],"acf":[],"_links":{"self":[{"href":"https:\/\/semmelweis.hu\/gfi\/wp-json\/wp\/v2\/posts\/95221","targetHints":{"allow":["GET"]}}],"collection":[{"href":"https:\/\/semmelweis.hu\/gfi\/wp-json\/wp\/v2\/posts"}],"about":[{"href":"https:\/\/semmelweis.hu\/gfi\/wp-json\/wp\/v2\/types\/post"}],"author":[{"embeddable":true,"href":"https:\/\/semmelweis.hu\/gfi\/wp-json\/wp\/v2\/users\/102559"}],"replies":[{"embeddable":true,"href":"https:\/\/semmelweis.hu\/gfi\/wp-json\/wp\/v2\/comments?post=95221"}],"version-history":[{"count":1,"href":"https:\/\/semmelweis.hu\/gfi\/wp-json\/wp\/v2\/posts\/95221\/revisions"}],"predecessor-version":[{"id":95222,"href":"https:\/\/semmelweis.hu\/gfi\/wp-json\/wp\/v2\/posts\/95221\/revisions\/95222"}],"wp:attachment":[{"href":"https:\/\/semmelweis.hu\/gfi\/wp-json\/wp\/v2\/media?parent=95221"}],"wp:term":[{"taxonomy":"category","embeddable":true,"href":"https:\/\/semmelweis.hu\/gfi\/wp-json\/wp\/v2\/categories?post=95221"},{"taxonomy":"post_tag","embeddable":true,"href":"https:\/\/semmelweis.hu\/gfi\/wp-json\/wp\/v2\/tags?post=95221"}],"curies":[{"name":"wp","href":"https:\/\/api.w.org\/{rel}","templated":true}]}}