{"id":95198,"date":"2025-12-15T09:00:33","date_gmt":"2025-12-15T08:00:33","guid":{"rendered":"https:\/\/semmelweis.hu\/gfi\/?p=95198"},"modified":"2025-12-15T09:00:33","modified_gmt":"2025-12-15T08:00:33","slug":"tajekoztato-a-kotelem-rendszer-uj-verziojanak-bevezeteserol","status":"publish","type":"post","link":"https:\/\/semmelweis.hu\/gfi\/2025\/12\/15\/tajekoztato-a-kotelem-rendszer-uj-verziojanak-bevezeteserol\/","title":{"rendered":"T\u00e1j\u00e9koztat\u00f3 &#8211; a K\u00d6TELEM rendszer \u00faj verzi\u00f3j\u00e1nak bevezet\u00e9s\u00e9r\u0151l"},"content":{"rendered":"<p style=\"text-align: center\"><strong>T\u00c1J\u00c9KOZTAT\u00d3<\/strong><\/p>\n<p><strong>\u00a0<\/strong><\/p>\n<p style=\"text-align: center\"><strong>a K\u00d6TELEM rendszer \u00faj verzi\u00f3j\u00e1nak bevezet\u00e9s\u00e9r\u0151l<\/strong><\/p>\n<p><strong>\u00a0<\/strong><\/p>\n<p>2025. \u00e9v sor\u00e1n a felhatalmazottak nyilv\u00e1ntart\u00e1s\u00e1ra szolg\u00e1l\u00f3 K\u00d6TELEM rendszer teljes formai \u00e1talakul\u00e1son ment kereszt\u00fcl, melynek eredm\u00e9nyek\u00e9nt 2025.12.22. napj\u00e1t\u00f3l meg\u00fajult form\u00e1ban, egy felhaszn\u00e1l\u00f3bar\u00e1t verzi\u00f3 ker\u00fcl \u00e9les\u00edt\u00e9sre.<\/p>\n<ul>\n<li>A jelenleg haszn\u00e1latban l\u00e9v\u0151 \u201er\u00e9gi\u201d K\u00d6TELEM rendszerbe 2025.12.19. napj\u00e1n lehet utolj\u00e1ra bel\u00e9pni, 2025.12.20. napj\u00e1n lez\u00e1r\u00e1sra ker\u00fcl.<\/li>\n<li>Az \u201e\u00faj\u201d K\u00d6TELEM rendszer 2025.12.22. napj\u00e1n ker\u00fcl \u00e9les\u00edt\u00e9se.<\/li>\n<li>12.22.-2026.01.11. k\u00f6z\u00f6tt karbantart\u00e1s miatt nem lesz el\u00e9rhet\u0151 a rendszer.<\/li>\n<\/ul>\n<p>A karbantart\u00e1si id\u0151szak alatt a Gazd\u00e1lkod\u00e1s-fel\u00fcgyeleti Oszt\u00e1ly e-mailen \u00e9s telefonon tud t\u00e1j\u00e9koztat\u00e1st adni az al\u00e1\u00edr\u00e1si jogosults\u00e1ggal rendelkez\u0151kkel kapcsolatos k\u00e9rd\u00e9sekre.<\/p>\n<p>K\u00e9r\u00e9seket \u00e9s k\u00e9rd\u00e9seket a <a href=\"mailto:kotelem@semmelweis.hu\"><strong>kotelem@semmelweis.hu<\/strong><\/a> e-mailc\u00edmre v\u00e1rjuk.<\/p>\n<p>K\u00e9rj\u00fck a <a href=\"mailto:kotelem@semmelweis.hu\"><strong>kotelem@semmelweis.hu<\/strong><\/a> e-mailc\u00edm haszn\u00e1lat\u00e1t minden al\u00e1\u00edr\u00e1si jogosults\u00e1ghoz kapcsol\u00f3d\u00f3 \u00fcgy eset\u00e9n.<\/p>\n<p>2026.01.12. napj\u00e1t\u00f3l minden Semmelweis egyetemi e-mail c\u00edmmel \u00e9s ahhoz kapcsol\u00f3d\u00f3 jelsz\u00f3val rendelkez\u0151 koll\u00e9ga sz\u00e1m\u00e1ra el\u00e9rhet\u0151v\u00e9 v\u00e1lik, lek\u00e9rdez\u0151 jogosults\u00e1ggal.<\/p>\n<p>A P\u00e9nz\u00fcgyi \u00e9s Vagyongazd\u00e1lkod\u00e1si F\u0151igazgat\u00f3s\u00e1g honlapj\u00e1n k\u00f6zz\u00e9t\u00e9telre ker\u00fcl az el\u00e9r\u00e9si \u00fatvonal \u00e9s egy felhaszn\u00e1l\u00f3i seg\u00e9dlet, mely seg\u00edts\u00e9get ny\u00fajt az els\u0151 l\u00e9p\u00e9sekn\u00e9l.<\/p>\n<p>2026. \u00e9v elej\u00e9n ker\u00fcl sor a rendszer r\u00e9szletes bemutat\u00e1s\u00e1ra, illetve ig\u00e9ny szerinti felhaszn\u00e1l\u00f3i oktat\u00e1sok megtart\u00e1s\u00e1ra.<\/p>\n<p>A rendszer bevezet\u00e9s\u00e9vel egyid\u0151ben az al\u00e1\u00edr\u00e1sminta formanyomtatv\u00e1ny meg\u00fajult v\u00e1ltozata folyamatosan megk\u00fcld\u00e9sre ker\u00fcl az al\u00e1\u00edr\u00f3k r\u00e9sz\u00e9re, melyet k\u00e9r\u00fcnk r\u00e9sz\u00fcnkre a <a href=\"mailto:kotelem@semmelweis.hu\"><strong>kotelem@semmelweis.hu<\/strong><\/a> e-mailc\u00edmre visszak\u00fcldeni sz\u00edveskedjenek.<\/p>\n<p>K\u00e9rd\u00e9s eset\u00e9n a P\u00e9nz\u00fcgyi \u00e9s Vagyongazd\u00e1lkod\u00e1si F\u0151igazgat\u00f3s\u00e1g Gazd\u00e1lkod\u00e1s-fel\u00fcgyeleti Oszt\u00e1lya az \u00d6n rendelkez\u00e9sre \u00e1ll.<\/p>\n<p>&nbsp;<\/p>\n<p>Budapest, 2025. december 15.\u00a0\u00a0\u00a0\u00a0\u00a0\u00a0\u00a0\u00a0\u00a0\u00a0<\/p>\n<p>&nbsp;<\/p>\n<p>\u00a0\u00a0\u00a0\u00a0\u00a0\u00a0\u00a0\u00a0\u00a0\u00a0\u00a0\u00a0\u00a0\u00a0\u00a0\u00a0\u00a0\u00a0\u00a0\u00a0\u00a0\u00a0\u00a0\u00a0\u00a0\u00a0\u00a0\u00a0\u00a0\u00a0\u00a0\u00a0\u00a0\u00a0\u00a0\u00a0\u00a0\u00a0\u00a0\u00a0\u00a0\u00a0\u00a0\u00a0\u00a0\u00a0\u00a0\u00a0\u00a0\u00a0\u00a0\u00a0\u00a0\u00a0\u00a0\u00a0\u00a0\u00a0\u00a0\u00a0\u00a0\u00a0\u00a0\u00a0\u00a0\u00a0\u00a0\u00a0\u00a0\u00a0\u00a0\u00a0\u00a0\u00a0\u00a0\u00a0\u00a0\u00a0\u00a0\u00a0\u00a0\u00a0\u00a0\u00a0\u00a0\u00a0\u00a0\u00a0\u00a0\u00a0\u00a0\u00a0\u00a0\u00a0\u00a0\u00a0\u00a0\u00a0\u00a0\u00a0\u00a0\u00a0\u00a0\u00a0 \u00c1d\u00e1m \u00c9va<\/p>\n<p>\u00a0\u00a0\u00a0\u00a0\u00a0\u00a0\u00a0\u00a0\u00a0\u00a0\u00a0\u00a0\u00a0\u00a0\u00a0\u00a0\u00a0\u00a0\u00a0\u00a0\u00a0\u00a0\u00a0\u00a0\u00a0\u00a0\u00a0\u00a0\u00a0\u00a0\u00a0\u00a0\u00a0\u00a0\u00a0\u00a0\u00a0\u00a0\u00a0\u00a0\u00a0\u00a0\u00a0\u00a0\u00a0\u00a0\u00a0\u00a0\u00a0\u00a0\u00a0\u00a0\u00a0\u00a0\u00a0\u00a0\u00a0\u00a0\u00a0\u00a0\u00a0\u00a0\u00a0\u00a0\u00a0\u00a0\u00a0\u00a0\u00a0\u00a0\u00a0\u00a0\u00a0\u00a0\u00a0\u00a0\u00a0\u00a0\u00a0\u00a0\u00a0\u00a0\u00a0\u00a0\u00a0\u00a0\u00a0\u00a0\u00a0\u00a0\u00a0\u00a0\u00a0\u00a0\u00a0\u00a0\u00a0\u00a0\u00a0\u00a0\u00a0\u00a0\u00a0\u00a0 f\u0151igazgat\u00f3<\/p>\n<p>\u00a0\u00a0\u00a0\u00a0\u00a0\u00a0\u00a0\u00a0\u00a0\u00a0\u00a0\u00a0\u00a0\u00a0\u00a0\u00a0\u00a0\u00a0\u00a0\u00a0\u00a0\u00a0\u00a0\u00a0\u00a0\u00a0\u00a0\u00a0\u00a0\u00a0\u00a0\u00a0\u00a0\u00a0\u00a0\u00a0\u00a0\u00a0\u00a0\u00a0\u00a0\u00a0\u00a0\u00a0\u00a0\u00a0\u00a0\u00a0\u00a0\u00a0\u00a0\u00a0\u00a0\u00a0\u00a0\u00a0\u00a0\u00a0\u00a0\u00a0\u00a0\u00a0\u00a0\u00a0\u00a0\u00a0\u00a0\u00a0\u00a0\u00a0\u00a0\u00a0\u00a0\u00a0 P\u00e9nz\u00fcgyi \u00e9s Vagyongazd\u00e1lkod\u00e1si F\u0151igazgat\u00f3s\u00e1g<\/p>\n<p><a href=\"https:\/\/semmelweis.hu\/gfi\/files\/2025\/12\/Tajekoztato-uj-kotelem.pdf\">T\u00e1j\u00e9koztat\u00f3 \u00faj k\u00f6telem<\/a><\/p>\n<p>&nbsp;<\/p>\n<p>&nbsp;<\/p>\n","protected":false},"excerpt":{"rendered":"<p>T\u00c1J\u00c9KOZTAT\u00d3 \u00a0 a K\u00d6TELEM rendszer \u00faj verzi\u00f3j\u00e1nak bevezet\u00e9s\u00e9r\u0151l \u00a0 2025. \u00e9v sor\u00e1n a felhatalmazottak nyilv\u00e1ntart\u00e1s\u00e1ra szolg\u00e1l\u00f3 K\u00d6TELEM rendszer teljes formai \u00e1talakul\u00e1son ment kereszt\u00fcl, melynek eredm\u00e9nyek\u00e9nt 2025.12.22. napj\u00e1t\u00f3l meg\u00fajult form\u00e1ban, egy felhaszn\u00e1l\u00f3bar\u00e1t verzi\u00f3 ker\u00fcl \u00e9les\u00edt\u00e9sre. A jelenleg haszn\u00e1latban l\u00e9v\u0151 \u201er\u00e9gi\u201d K\u00d6TELEM rendszerbe 2025.12.19. napj\u00e1n lehet utolj\u00e1ra bel\u00e9pni, 2025.12.20. napj\u00e1n lez\u00e1r\u00e1sra ker\u00fcl. Az \u201e\u00faj\u201d K\u00d6TELEM rendszer 2025.12.22. &hellip;<\/p>\n","protected":false},"author":102559,"featured_media":0,"comment_status":"closed","ping_status":"closed","sticky":false,"template":"","format":"standard","meta":{"_acf_changed":false,"footnotes":""},"categories":[7],"tags":[],"class_list":["post-95198","post","type-post","status-publish","format-standard","hentry","category-hirek"],"acf":[],"_links":{"self":[{"href":"https:\/\/semmelweis.hu\/gfi\/wp-json\/wp\/v2\/posts\/95198","targetHints":{"allow":["GET"]}}],"collection":[{"href":"https:\/\/semmelweis.hu\/gfi\/wp-json\/wp\/v2\/posts"}],"about":[{"href":"https:\/\/semmelweis.hu\/gfi\/wp-json\/wp\/v2\/types\/post"}],"author":[{"embeddable":true,"href":"https:\/\/semmelweis.hu\/gfi\/wp-json\/wp\/v2\/users\/102559"}],"replies":[{"embeddable":true,"href":"https:\/\/semmelweis.hu\/gfi\/wp-json\/wp\/v2\/comments?post=95198"}],"version-history":[{"count":2,"href":"https:\/\/semmelweis.hu\/gfi\/wp-json\/wp\/v2\/posts\/95198\/revisions"}],"predecessor-version":[{"id":95200,"href":"https:\/\/semmelweis.hu\/gfi\/wp-json\/wp\/v2\/posts\/95198\/revisions\/95200"}],"wp:attachment":[{"href":"https:\/\/semmelweis.hu\/gfi\/wp-json\/wp\/v2\/media?parent=95198"}],"wp:term":[{"taxonomy":"category","embeddable":true,"href":"https:\/\/semmelweis.hu\/gfi\/wp-json\/wp\/v2\/categories?post=95198"},{"taxonomy":"post_tag","embeddable":true,"href":"https:\/\/semmelweis.hu\/gfi\/wp-json\/wp\/v2\/tags?post=95198"}],"curies":[{"name":"wp","href":"https:\/\/api.w.org\/{rel}","templated":true}]}}