{"id":95143,"date":"2025-12-01T08:50:06","date_gmt":"2025-12-01T07:50:06","guid":{"rendered":"https:\/\/semmelweis.hu\/gfi\/?p=95143"},"modified":"2025-12-01T08:50:06","modified_gmt":"2025-12-01T07:50:06","slug":"tajekoztato-osztondij-kifizetesek-ev-vegi-eljarasrendje","status":"publish","type":"post","link":"https:\/\/semmelweis.hu\/gfi\/2025\/12\/01\/tajekoztato-osztondij-kifizetesek-ev-vegi-eljarasrendje\/","title":{"rendered":"T\u00e1j\u00e9koztat\u00f3 &#8211; \u00d6szt\u00f6nd\u00edj kifizet\u00e9sek \u00e9v v\u00e9gi elj\u00e1r\u00e1srendje"},"content":{"rendered":"<p style=\"text-align: center\"><strong>\u00d6szt\u00f6nd\u00edj kifizet\u00e9sek \u00e9v v\u00e9gi elj\u00e1r\u00e1srendje<\/p>\n<p><\/strong><span style=\"font-weight: bolder\">2025.\u00a0<\/span><strong style=\"font-size: 1rem;text-align: left\">\u00e9v v\u00e9gi \u00e9s a 2026. \u00e9v eleji \u00f6szt\u00f6nd\u00edjak kifizet\u00e9se \u2013 az \u00e9vv\u00e1lt\u00e1s z\u00f6kken\u0151mentes kezel\u00e9se \u00e9rdek\u00e9ben &#8211; az al\u00e1bbi elj\u00e1r\u00e1srend szerint kell, hogy megt\u00f6rt\u00e9njen:<\/strong><\/p>\n<ul>\n<li>2025-ben a kifizet\u00e9shez sz\u00fcks\u00e9ges, Neptunban gener\u00e1lt \u00f6szt\u00f6nd\u00edj GIRO \u00e1llom\u00e1nyok a dokument\u00e1ci\u00f3val egy\u00fctt, <strong>legk\u00e9s\u0151bb 2025. december 22. 11:00 \u00f3r\u00e1ig <\/strong>ker\u00fcljenek megk\u00fcld\u00e9sre a P\u00e9nz\u00fcgyi Igazgat\u00f3s\u00e1g, Bankforgalmi csoportj\u00e1nak <a href=\"mailto:neptun.osztondij@semmelweis.hu\">osztondij@semmelweis.hu<\/a> c\u00edm\u00e9re.<\/li>\n<li>2026. janu\u00e1r 5. napon a Kontrolling Igazgat\u00f3s\u00e1g, Keretgazd\u00e1lkod\u00e1si Oszt\u00e1lya biztos\u00edtja az \u00f6szt\u00f6nd\u00edjak kifizet\u00e9s\u00e9hez sz\u00fcks\u00e9ges keretet a 2026 \u00e9vre vonatkoz\u00f3an.<\/li>\n<li><strong>2026. janu\u00e1r 6. napj\u00e1t\u00f3l kezd\u0151d\u0151en <\/strong>t\u00f6rt\u00e9njen meg az \u00f6szt\u00f6nd\u00edjak Neptunban t\u00f6rt\u00e9n\u0151 kifizet\u00e9se. (addig a sz\u00fcks\u00e9ges \u00e9vnyit\u00e1si feladatok is meg fognak t\u00f6rt\u00e9nni)<\/li>\n<\/ul>\n<p><u>A hat\u00e1rid\u0151k betart\u00e1sa fontos, mert csak ezekkel a felt\u00e9telekkel tud az \u00f6szt\u00f6nd\u00edj ki\u00edr\u00e1s \u00e9s kifizet\u00e9s teljes\u00fclni :<\/u><\/p>\n<p>&nbsp;<\/p>\n<table width=\"617\">\n<tbody>\n<tr>\n<td width=\"131\">\n<p><strong>Hat\u00e1rid\u0151k<\/strong><\/p>\n<\/td>\n<td width=\"304\">\n<p><strong>Le\u00edr\u00e1s<\/strong><\/p>\n<\/td>\n<td width=\"183\">\n<p><strong>Felel\u0151s<\/strong><\/p>\n<\/td>\n<\/tr>\n<tr>\n<td width=\"131\">\n<p>2025. december 22. 11:00<\/p>\n<\/td>\n<td width=\"304\">\n<p>Neptunban gener\u00e1lt \u00f6szt\u00f6nd\u00edj GIRO \u00e1llom\u00e1nyok \u00e1tad\u00e1sa a Bankforgalmi csoport r\u00e9sz\u00e9re.<\/p>\n<\/td>\n<td width=\"183\">\n<p>\u00d6szt\u00f6nd\u00edjat kifizet\u00e9sre ind\u00edt\u00f3 szervezeti egys\u00e9g<\/p>\n<\/td>\n<\/tr>\n<tr>\n<td width=\"131\">\n<p>2025. december 22.<\/p>\n<\/td>\n<td width=\"304\">\n<p>Neptunban gener\u00e1lt \u00f6szt\u00f6nd\u00edj GIRO \u00e1llom\u00e1nyok legv\u00e9gs\u0151 felad\u00e1si napja<\/p>\n<\/td>\n<td width=\"183\">\n<p>P\u00e9nz\u00fcgyi Igazgat\u00f3s\u00e1g, Bankforgalmi csoport<\/p>\n<\/td>\n<\/tr>\n<tr>\n<td width=\"131\">\n<p>2026. janu\u00e1r 5.<\/p>\n<\/td>\n<td width=\"304\">\n<p>Keret biztos\u00edt\u00e1sa<\/p>\n<\/td>\n<td width=\"183\">\n<p>Kontrolling Igazgat\u00f3s\u00e1g, Keretgazd\u00e1lkod\u00e1si Oszt\u00e1ly<\/p>\n<\/td>\n<\/tr>\n<tr>\n<td width=\"131\">\n<p>2026. janu\u00e1r 6.<\/p>\n<\/td>\n<td width=\"304\">\n<p><strong>\u00d6szt\u00f6nd\u00edj r\u00f6gz\u00edt\u00e9s, kifizet\u00e9s kezdete<\/strong>.<\/p>\n<\/td>\n<td width=\"183\">\n<p>\u00d6szt\u00f6nd\u00edjat kifizet\u00e9sre ind\u00edt\u00f3 szervezeti egys\u00e9g<\/p>\n<\/td>\n<\/tr>\n<\/tbody>\n<\/table>\n<p>&nbsp;<\/p>\n<p>&nbsp;<\/p>\n<p>Budapest, 2025. december 1.<\/p>\n<p>\u00a0 \u00a0 \u00a0 \u00a0 \u00a0 \u00a0 \u00a0 \u00a0 \u00a0 \u00a0 \u00a0 \u00a0 \u00a0 \u00a0 \u00a0 \u00a0 \u00a0 \u00a0 \u00a0 \u00a0 \u00a0 \u00a0 \u00a0 \u00a0 \u00a0 \u00a0 Tisztelettel,<\/p>\n<p>\u00a0 \u00a0 \u00a0 \u00a0 \u00a0 \u00a0 \u00a0 \u00a0 \u00a0 \u00a0 \u00a0 \u00a0 \u00a0 \u00a0 \u00a0 \u00a0 \u00a0 \u00a0 \u00a0 \u00a0 \u00a0 \u00a0 \u00a0 \u00a0 \u00a0 \u00a0 \u00a0 \u00a0 \u00a0 \u00a0 \u00a0 \u00a0 \u00a0 \u00a0 \u00a0 \u00a0 \u00a0 \u00a0 \u00a0 \u00a0 \u00a0 \u00a0 \u00a0 \u00a0\u00c1d\u00e1m \u00c9va<\/p>\n<p>\u00a0 \u00a0 \u00a0 \u00a0 \u00a0 \u00a0 \u00a0 \u00a0 \u00a0 \u00a0 \u00a0 \u00a0 \u00a0 \u00a0 \u00a0 \u00a0 \u00a0 \u00a0 \u00a0 \u00a0 \u00a0 \u00a0 \u00a0 \u00a0 \u00a0 \u00a0 \u00a0 \u00a0 \u00a0 \u00a0 \u00a0 P\u00e9nz\u00fcgyi \u00e9s Vagyongazd\u00e1lkod\u00e1si f\u0151igazgat\u00f3<\/p>\n<p><a href=\"https:\/\/semmelweis.hu\/gfi\/files\/2025\/12\/Osztondij-kifizetesek.pdf\">\u00d6szt\u00f6nd\u00edj kifizet\u00e9sek<\/a><\/p>\n","protected":false},"excerpt":{"rendered":"<p>\u00d6szt\u00f6nd\u00edj kifizet\u00e9sek \u00e9v v\u00e9gi elj\u00e1r\u00e1srendje 2025.\u00a0\u00e9v v\u00e9gi \u00e9s a 2026. \u00e9v eleji \u00f6szt\u00f6nd\u00edjak kifizet\u00e9se \u2013 az \u00e9vv\u00e1lt\u00e1s z\u00f6kken\u0151mentes kezel\u00e9se \u00e9rdek\u00e9ben &#8211; az al\u00e1bbi elj\u00e1r\u00e1srend szerint kell, hogy megt\u00f6rt\u00e9njen: 2025-ben a kifizet\u00e9shez sz\u00fcks\u00e9ges, Neptunban gener\u00e1lt \u00f6szt\u00f6nd\u00edj GIRO \u00e1llom\u00e1nyok a dokument\u00e1ci\u00f3val egy\u00fctt, legk\u00e9s\u0151bb 2025. december 22. 11:00 \u00f3r\u00e1ig ker\u00fcljenek megk\u00fcld\u00e9sre a P\u00e9nz\u00fcgyi Igazgat\u00f3s\u00e1g, Bankforgalmi csoportj\u00e1nak <a href=\"mailto:neptun.osztondij@semmelweis.hu\">osztondij@semmelweis.hu<\/a> c\u00edm\u00e9re. 2026. &hellip;<\/p>\n","protected":false},"author":102559,"featured_media":0,"comment_status":"closed","ping_status":"closed","sticky":false,"template":"","format":"standard","meta":{"_acf_changed":false,"footnotes":""},"categories":[7],"tags":[],"class_list":["post-95143","post","type-post","status-publish","format-standard","hentry","category-hirek"],"acf":[],"_links":{"self":[{"href":"https:\/\/semmelweis.hu\/gfi\/wp-json\/wp\/v2\/posts\/95143","targetHints":{"allow":["GET"]}}],"collection":[{"href":"https:\/\/semmelweis.hu\/gfi\/wp-json\/wp\/v2\/posts"}],"about":[{"href":"https:\/\/semmelweis.hu\/gfi\/wp-json\/wp\/v2\/types\/post"}],"author":[{"embeddable":true,"href":"https:\/\/semmelweis.hu\/gfi\/wp-json\/wp\/v2\/users\/102559"}],"replies":[{"embeddable":true,"href":"https:\/\/semmelweis.hu\/gfi\/wp-json\/wp\/v2\/comments?post=95143"}],"version-history":[{"count":2,"href":"https:\/\/semmelweis.hu\/gfi\/wp-json\/wp\/v2\/posts\/95143\/revisions"}],"predecessor-version":[{"id":95145,"href":"https:\/\/semmelweis.hu\/gfi\/wp-json\/wp\/v2\/posts\/95143\/revisions\/95145"}],"wp:attachment":[{"href":"https:\/\/semmelweis.hu\/gfi\/wp-json\/wp\/v2\/media?parent=95143"}],"wp:term":[{"taxonomy":"category","embeddable":true,"href":"https:\/\/semmelweis.hu\/gfi\/wp-json\/wp\/v2\/categories?post=95143"},{"taxonomy":"post_tag","embeddable":true,"href":"https:\/\/semmelweis.hu\/gfi\/wp-json\/wp\/v2\/tags?post=95143"}],"curies":[{"name":"wp","href":"https:\/\/api.w.org\/{rel}","templated":true}]}}